{"d":{"__metadata":{"id":"https://ws.parlament.ch/OData.svc/Business(ID=19973393,Language='DE')","uri":"https://ws.parlament.ch/OData.svc/Business(ID=19973393,Language='DE')","type":"itsystems.Pd.DataServices.DataModel.Business"},"BusinessResponsibilities":{"__deferred":{"uri":"https://ws.parlament.ch/OData.svc/Business(ID=19973393,Language='DE')/BusinessResponsibilities"}},"RelatedBusinesses":{"__deferred":{"uri":"https://ws.parlament.ch/OData.svc/Business(ID=19973393,Language='DE')/RelatedBusinesses"}},"BusinessRoles":{"__deferred":{"uri":"https://ws.parlament.ch/OData.svc/Business(ID=19973393,Language='DE')/BusinessRoles"}},"Publications":{"__deferred":{"uri":"https://ws.parlament.ch/OData.svc/Business(ID=19973393,Language='DE')/Publications"}},"LegislativePeriods":{"__deferred":{"uri":"https://ws.parlament.ch/OData.svc/Business(ID=19973393,Language='DE')/LegislativePeriods"}},"Sessions":{"__deferred":{"uri":"https://ws.parlament.ch/OData.svc/Business(ID=19973393,Language='DE')/Sessions"}},"Preconsultations":{"__deferred":{"uri":"https://ws.parlament.ch/OData.svc/Business(ID=19973393,Language='DE')/Preconsultations"}},"Bills":{"__deferred":{"uri":"https://ws.parlament.ch/OData.svc/Business(ID=19973393,Language='DE')/Bills"}},"Councils":{"__deferred":{"uri":"https://ws.parlament.ch/OData.svc/Business(ID=19973393,Language='DE')/Councils"}},"BusinessTypes":{"__deferred":{"uri":"https://ws.parlament.ch/OData.svc/Business(ID=19973393,Language='DE')/BusinessTypes"}},"Votes":{"__deferred":{"uri":"https://ws.parlament.ch/OData.svc/Business(ID=19973393,Language='DE')/Votes"}},"SubjectsBusiness":{"__deferred":{"uri":"https://ws.parlament.ch/OData.svc/Business(ID=19973393,Language='DE')/SubjectsBusiness"}},"BusinessStates":{"__deferred":{"uri":"https://ws.parlament.ch/OData.svc/Business(ID=19973393,Language='DE')/BusinessStates"}},"Council":{"__deferred":{"uri":"https://ws.parlament.ch/OData.svc/Business(ID=19973393,Language='DE')/Council"}},"Transcripts":{"__deferred":{"uri":"https://ws.parlament.ch/OData.svc/Business(ID=19973393,Language='DE')/Transcripts"}},"ID":19973393,"Language":"DE","BusinessShortNumber":"97.3393","BusinessType":5,"BusinessTypeName":"Motion","BusinessTypeAbbreviation":"Mo.","Title":"Behindertenstatistik","Description":null,"InitialSituation":null,"Proceedings":null,"DraftText":null,"SubmittedText":"<p>Der Bundesrat wird beauftragt, durch die Bundes\u00e4mter f\u00fcr Sozialversicherung und Statistik und in Koordination mit den Projekten des Nationalfonds (NFP 8, \"Behinderte Menschen in der Schweiz\") den Aufbau einer schweizerischen Behindertenstatistik in die Wege zu leiten, welche die pers\u00f6nliche und finanzielle Situation der Behinderten in allen Sozialversicherungszweigen (IV, UV, AHV, MV, BVO) und in der Sozialf\u00fcrsorge ber\u00fccksichtigt.</p><p>Dabei sind folgende Vorgehensschritte zu pr\u00fcfen:</p><p>- die Erarbeitung der definitorischen Grundlagen unter Bezug auf internationale Erfahrungen;</p><p>- die Sichtung und Bewertung des vorliegenden Datenmaterials.</p><p>- die Erstellung eines Rahmenkonzeptes und die Festlegung von Schl\u00fcsselindikatoren;</p><p>- die Verbesserung der Auswertung bestehender Erhebungen mit Blick auf die Lage der Behinderten;</p><p>- die Einf\u00fchrung von neuen Erhebungen wie der Sozialhilfestatistik;</p><p>- die regelm\u00e4ssige Berichterstattung zur Lage der Behinderten in der Schweiz.</p>","ReasonText":null,"DocumentationText":null,"MotionText":null,"FederalCouncilResponseText":"<p>Der Bundesrat teilt grunds\u00e4tzlich die Auffassung der Kommission, die amtliche Statistik sei dahingehend zu verbessern, dass eine regelm\u00e4ssige Berichterstattung zur Lage der Behinderten in der Schweiz in Zukunft erm\u00f6glicht werden sollte.</p><p>Gem\u00e4ss dem statistischen Mehrjahresprogramm des Bundes 1995-1999 ist die Einf\u00fchrung einer Sozialhilfestatistik das einzige Vorhaben h\u00f6chster Priorit\u00e4t, das im Zusammenhang mit dem Aufbau einer Behindertenstatistik von Bedeutung ist. Die erstmalige Datenerhebung ist im Jahre 1999 geplant; Ergebnisse sind daher im Jahre 2000 zu erwarten. \u00dcber die gesundheitliche Lage und die Lebensbedingungen Behinderter gibt die Schweizerische Gesundheitsbefragung recht ausf\u00fchrlich Auskunft. Die bestehenden Statistiken (z. B. der IV, der UV und der MV) k\u00f6nnen lediglich Hinweise zur finanziellen Situation der Behinderten liefern. Diese Daten m\u00fcssten jedoch aufgrund noch zu erarbeitender Definitionen und Indikatoren nach einheitlicher Methodik ausgewertet werden. In der Pensionskassenstatistik (2. S\u00e4ule) liegen bisher keine Strukturdaten \u00fcber die Leistungsbez\u00fcger vor. F\u00fcr eine Gesamtschau der finanziellen Situation der Behinderten w\u00e4ren zus\u00e4tzliche Datenerhebungen notwendig mit dem Ziel, die Datenlage massiv zu verbessern.</p><p>Eine Realisierung der in der Motion der Kommission vorgeschlagenen schweizerischen Behindertenstatistik ist w\u00e4hrend der laufenden Legislaturperiode mit den gegenw\u00e4rtig verf\u00fcgbaren finanziellen und personellen Mitteln der Bundes\u00e4mter f\u00fcr Statistik und Sozialversicherung nicht mehr m\u00f6glich.</p><p>Der Bundesrat wird daher pr\u00fcfen, in welchem Ausmass dem Anliegen der Kommission im Rahmen des n\u00e4chsten statistischen Mehrjahresprogramms der Periode 1999-2003 Rechnung getragen werden kann.</p>  Der Bundesrat beantragt, die Motion in ein Postulat umzuwandeln.","FederalCouncilProposal":2,"FederalCouncilProposalText":"Der Bundesrat beantragt, die Motion in ein Postulat umzuwandeln.","FederalCouncilProposalDate":"\/Date(878688000000)\/","SubmittedBy":null,"BusinessStatus":229,"BusinessStatusText":"Erledigt","BusinessStatusDate":"\/Date(1243468800000)\/","ResponsibleDepartment":4,"ResponsibleDepartmentName":"Departement des Innern","ResponsibleDepartmentAbbreviation":"EDI","IsLeadingDepartment":true,"Tags":null,"Category":null,"Modified":"\/Date(1750817658800)\/","SubmissionDate":"\/Date(871603200000)\/","SubmissionCouncil":1,"SubmissionCouncilName":"Nationalrat","SubmissionCouncilAbbreviation":"NR","SubmissionSession":4509,"SubmissionLegislativePeriod":45,"FirstCouncil1":1,"FirstCouncil1Name":"Nationalrat","FirstCouncil1Abbreviation":"NR","FirstCouncil2":null,"FirstCouncil2Name":null,"FirstCouncil2Abbreviation":null,"TagNames":null}}