{"d":{"__metadata":{"id":"https://ws.parlament.ch/OData.svc/Business(ID=19990081,Language='DE')","uri":"https://ws.parlament.ch/OData.svc/Business(ID=19990081,Language='DE')","type":"itsystems.Pd.DataServices.DataModel.Business"},"BusinessResponsibilities":{"__deferred":{"uri":"https://ws.parlament.ch/OData.svc/Business(ID=19990081,Language='DE')/BusinessResponsibilities"}},"RelatedBusinesses":{"__deferred":{"uri":"https://ws.parlament.ch/OData.svc/Business(ID=19990081,Language='DE')/RelatedBusinesses"}},"BusinessRoles":{"__deferred":{"uri":"https://ws.parlament.ch/OData.svc/Business(ID=19990081,Language='DE')/BusinessRoles"}},"Publications":{"__deferred":{"uri":"https://ws.parlament.ch/OData.svc/Business(ID=19990081,Language='DE')/Publications"}},"LegislativePeriods":{"__deferred":{"uri":"https://ws.parlament.ch/OData.svc/Business(ID=19990081,Language='DE')/LegislativePeriods"}},"Sessions":{"__deferred":{"uri":"https://ws.parlament.ch/OData.svc/Business(ID=19990081,Language='DE')/Sessions"}},"Preconsultations":{"__deferred":{"uri":"https://ws.parlament.ch/OData.svc/Business(ID=19990081,Language='DE')/Preconsultations"}},"Bills":{"__deferred":{"uri":"https://ws.parlament.ch/OData.svc/Business(ID=19990081,Language='DE')/Bills"}},"Councils":{"__deferred":{"uri":"https://ws.parlament.ch/OData.svc/Business(ID=19990081,Language='DE')/Councils"}},"BusinessTypes":{"__deferred":{"uri":"https://ws.parlament.ch/OData.svc/Business(ID=19990081,Language='DE')/BusinessTypes"}},"Votes":{"__deferred":{"uri":"https://ws.parlament.ch/OData.svc/Business(ID=19990081,Language='DE')/Votes"}},"SubjectsBusiness":{"__deferred":{"uri":"https://ws.parlament.ch/OData.svc/Business(ID=19990081,Language='DE')/SubjectsBusiness"}},"BusinessStates":{"__deferred":{"uri":"https://ws.parlament.ch/OData.svc/Business(ID=19990081,Language='DE')/BusinessStates"}},"Council":{"__deferred":{"uri":"https://ws.parlament.ch/OData.svc/Business(ID=19990081,Language='DE')/Council"}},"Transcripts":{"__deferred":{"uri":"https://ws.parlament.ch/OData.svc/Business(ID=19990081,Language='DE')/Transcripts"}},"ID":19990081,"Language":"DE","BusinessShortNumber":"99.081","BusinessType":1,"BusinessTypeName":"Gesch\u00e4ft des Bundesrates","BusinessTypeAbbreviation":"BRG","Title":"Expo.02. Zusatzkredit","Description":"Botschaft vom 8. Oktober 1999 \u00fcber einen Zusatzkredit f\u00fcr die Landesausstellung","InitialSituation":"<p>Die eidgen\u00f6ssischen R\u00e4te haben am 10. Dezember 1996 f\u00fcr die Organisation und Durchf\u00fchrung der Landesausstellung im Jahre 2001 einen Verpflichtungskredit von 130 Millionen Franken (wovon 20 Mio. Franken in Form einer Defizitgarantie) bewilligt. Die Planung, Organisation und Durchf\u00fchrung der Landesausstellung ist Sache des Vereins EXPO 2001. Eine Standortbestimmung auf Grund der bisherigen Planung und Vorarbeiten f\u00fcr die Landesausstellung ergibt, dass bez\u00fcglich Form und Inhalt eine attraktive, interessante Landesausstellung am Entstehen ist. Hinsichtlich Finanzen, Termine und vor allem auch F\u00fchrung besteht jedoch eine \u00e4usserst kritische Situation. Weil ein Gelingen der EXPO im Jahre 2001 kaum m\u00f6glich erscheint, akzeptiert der Bundesrat eine Verschiebung auf das Jahr 2002. Damit die Landesausstellung gelingt, will der Bundesrat vorangehen und mit dem Antrag f\u00fcr einen Zusatzkredit in der H\u00f6he von 250 Millionen Franken ein Zeichen setzen, welches es namentlich dem Verein EXPO 2001 und der Wirtschaft erlaubt, mit den von ihrer Seite n\u00f6tigen Anstrengungen den Erfolg der Ausstellung zu sichern.</p><table><tr><td width=\"500pt\" colspan=\"3\" rowspan=\"0\" valign=\"top\"><p>Der Bundesrat beantragt   folgende zus\u00e4tzliche Mittel, die er allerdings nur freigeben wird, wenn die   Vorgaben f\u00fcr ein Gelingen der Ausstellung erf\u00fcllt sind.</p></td></tr><tr><td width=\"26pt\" colspan=\"0\" rowspan=\"0\" valign=\"top\"><p></p></td><td width=\"450pt\" colspan=\"0\" rowspan=\"0\" valign=\"top\"><p></p></td><td width=\"135pt\" colspan=\"0\" rowspan=\"0\" valign=\"top\"><p>In Mio. Franken</p></td></tr><tr><td width=\"26pt\" colspan=\"0\" rowspan=\"0\" valign=\"top\"><p>-</p></td><td width=\"450pt\" colspan=\"0\" rowspan=\"0\" valign=\"top\"><p>Aufwendungen f\u00fcr die   bundeseigenen Ausstellungsvorhaben</p></td><td width=\"135pt\" colspan=\"0\" rowspan=\"0\" valign=\"top\"><p>50</p></td></tr><tr><td width=\"26pt\" colspan=\"0\" rowspan=\"0\" valign=\"top\"><p>-</p></td><td width=\"450pt\" colspan=\"0\" rowspan=\"0\" valign=\"top\"><p>Darlehen zur Sicherstellung   der Zahlungsbereitschaft sowie zur Abdeckung des finanziellen Risikos im   internen Budget des Vereins EXPO 2001 (davon sind 20 Mio. Franken zur Deckung   der Liquidit\u00e4tsl\u00fccke im Zeitraum Oktober bis Dezember 1999 anzurechnen)</p></td><td width=\"135pt\" colspan=\"0\" rowspan=\"0\" valign=\"top\"><p></p><p></p><p></p><p></p><p>150</p></td></tr><tr><td width=\"26pt\" colspan=\"0\" rowspan=\"0\" valign=\"top\"><p>-</p></td><td width=\"450pt\" colspan=\"0\" rowspan=\"0\" valign=\"top\"><p>Beitr\u00e4ge f\u00fcr die Finanzierung   der besonderen Infrastruktur-projekte und des KMU-Programmes</p></td><td width=\"135pt\" colspan=\"0\" rowspan=\"0\" valign=\"top\"><p></p><p>50</p></td></tr></table>","Proceedings":"<p></p><p>Im <b>Nationalrat</b> gab es drei R\u00fcckweisungs- und einen Nichteintretensantrag. Franziska Teuscher (G, BE) begr\u00fcndete ihren Nichteintretensantrag damit, dass es angesichts der staatlichen Sparpolitik nicht angehe, weitere 250 Mio Fr. f\u00fcr eine Expo auszugeben, die im Gegensatz zum urspr\u00fcnglichen Konzept nur noch eine \u00fcberdimensionierte Leistungsschau der schweizerischen Wirtschaft sein werde. Die SVP-Fraktion unterst\u00fctzte einen R\u00fcckweisungsantrag, der eine Vorlage verlangte, welche die beiden Alternativen Abbruch oder Verschiebung auf das Jahr 2005 enth\u00e4lt. Zwei weitere R\u00fcckweisungsantr\u00e4ge verlangten eine Halbierung der Kosten (Vorschlag von Bernhard Hess (-, BE) resp. eine Dezentralisierung auf alle vier Sprachregionen der Schweiz (Vorschlag Flavio Maspoli (-, TI). Die Fraktionen der drei \u00fcbrigen Bundesratsparteien und der Liberalen \u00e4usserten ebenfalls heftige Kritik am alten Expo-Management. Da die neuen Verantwortlichen jedoch zu Hoffnung auf ein Gelingen Anlass geben w\u00fcrden, unterst\u00fctzten sie den Nachtragskredit. Die R\u00fcckweisungs- und Nichteintretensantr\u00e4ge vermochten nicht mehr als maximal 36 Stimmen auf sich zu vereinigen und unterlagen damit deutlich. Auf Antrag der Kommission wurde vom Nationalrat noch eine Bestimmung aufgenommen, welche die Expo-Leitung verpflichtet, der Eidgen\u00f6ssischen Finanzkontrolle und der Finanzdelegation der eidgen\u00f6ssischen R\u00e4te viertelj\u00e4hrlich Bericht \u00fcber die Gesamtentwicklung und die Finanzlage zu erstatten. Weiter wurden kleine \u00c4nderungen vorgenommen. In der Gesamtabstimmung nahm der Nationalrat die Vorlage mit 133 zu 39 Stimmen an.</p><p>In der Debatte im <b>St\u00e4nderat</b> \u00fcberwog das Prinzip der Hoffnung, auch wenn es an Kritik und Stimmen f\u00fcr einen Abbruch nicht fehlte. Der St\u00e4nderat hiess den Nachtragskredit mit 28 zu 3 Stimmen gut. </p>","DraftText":null,"SubmittedText":null,"ReasonText":null,"DocumentationText":null,"MotionText":null,"FederalCouncilResponseText":null,"FederalCouncilProposal":null,"FederalCouncilProposalText":null,"FederalCouncilProposalDate":null,"SubmittedBy":null,"BusinessStatus":229,"BusinessStatusText":"Erledigt","BusinessStatusDate":"\/Date(945302400000)\/","ResponsibleDepartment":8,"ResponsibleDepartmentName":"Departement f\u00fcr Wirtschaft, Bildung und Forschung","ResponsibleDepartmentAbbreviation":"WBF","IsLeadingDepartment":true,"Tags":null,"Category":"III","Modified":"\/Date(1779234878820)\/","SubmissionDate":"\/Date(939340800000)\/","SubmissionCouncil":null,"SubmissionCouncilName":null,"SubmissionCouncilAbbreviation":null,"SubmissionSession":4521,"SubmissionLegislativePeriod":45,"FirstCouncil1":1,"FirstCouncil1Name":"Nationalrat","FirstCouncil1Abbreviation":"NR","FirstCouncil2":null,"FirstCouncil2Name":null,"FirstCouncil2Abbreviation":null,"TagNames":null}}