{"d":{"__metadata":{"id":"https://ws.parlament.ch/OData.svc/Business(ID=19990462,Language='DE')","uri":"https://ws.parlament.ch/OData.svc/Business(ID=19990462,Language='DE')","type":"itsystems.Pd.DataServices.DataModel.Business"},"BusinessResponsibilities":{"__deferred":{"uri":"https://ws.parlament.ch/OData.svc/Business(ID=19990462,Language='DE')/BusinessResponsibilities"}},"RelatedBusinesses":{"__deferred":{"uri":"https://ws.parlament.ch/OData.svc/Business(ID=19990462,Language='DE')/RelatedBusinesses"}},"BusinessRoles":{"__deferred":{"uri":"https://ws.parlament.ch/OData.svc/Business(ID=19990462,Language='DE')/BusinessRoles"}},"Publications":{"__deferred":{"uri":"https://ws.parlament.ch/OData.svc/Business(ID=19990462,Language='DE')/Publications"}},"LegislativePeriods":{"__deferred":{"uri":"https://ws.parlament.ch/OData.svc/Business(ID=19990462,Language='DE')/LegislativePeriods"}},"Sessions":{"__deferred":{"uri":"https://ws.parlament.ch/OData.svc/Business(ID=19990462,Language='DE')/Sessions"}},"Preconsultations":{"__deferred":{"uri":"https://ws.parlament.ch/OData.svc/Business(ID=19990462,Language='DE')/Preconsultations"}},"Bills":{"__deferred":{"uri":"https://ws.parlament.ch/OData.svc/Business(ID=19990462,Language='DE')/Bills"}},"Councils":{"__deferred":{"uri":"https://ws.parlament.ch/OData.svc/Business(ID=19990462,Language='DE')/Councils"}},"BusinessTypes":{"__deferred":{"uri":"https://ws.parlament.ch/OData.svc/Business(ID=19990462,Language='DE')/BusinessTypes"}},"Votes":{"__deferred":{"uri":"https://ws.parlament.ch/OData.svc/Business(ID=19990462,Language='DE')/Votes"}},"SubjectsBusiness":{"__deferred":{"uri":"https://ws.parlament.ch/OData.svc/Business(ID=19990462,Language='DE')/SubjectsBusiness"}},"BusinessStates":{"__deferred":{"uri":"https://ws.parlament.ch/OData.svc/Business(ID=19990462,Language='DE')/BusinessStates"}},"Council":{"__deferred":{"uri":"https://ws.parlament.ch/OData.svc/Business(ID=19990462,Language='DE')/Council"}},"Transcripts":{"__deferred":{"uri":"https://ws.parlament.ch/OData.svc/Business(ID=19990462,Language='DE')/Transcripts"}},"ID":19990462,"Language":"DE","BusinessShortNumber":"99.462","BusinessType":4,"BusinessTypeName":"Parlamentarische Initiative","BusinessTypeAbbreviation":"Pa. Iv.","Title":"Milit\u00e4rdienstleistungen junger Arbeitsloser. Koordination Avig/EO","Description":null,"InitialSituation":null,"Proceedings":null,"DraftText":null,"SubmittedText":"<p>Ich verlange, dass das Bundesgesetz \u00fcber die obligatorische Arbeitslosenversicherung (Avig) und die Erwerbsersatzordnung (EO) f\u00fcr den Fall des Milit\u00e4r- oder des Zivilschutzdienstes so aufeinander abgestimmt werden, dass diejenigen, die heute keine Arbeitslosenentsch\u00e4digung erhalten, weil sie in B\u00e4lde Milit\u00e4rdienst leisten m\u00fcssen, eine Erwerbsausfallentsch\u00e4digung erhalten.</p><p>Zumindest verlange ich, dass diese Personen, sollte man sie weiterhin von Arbeitslosenversicherungsleistungen ausschliessen und das Avig im Sinne der erw\u00e4hnten Richtlinien anpassen, wenigstens Leistungen im Rahmen der EO erhalten.</p>","ReasonText":"<p>Nach von der Rechtsprechung mehrfach best\u00e4tigten Richtlinien des BWA zu den Artikeln 15 und 85a Avig gelten Versicherte, die sich auf dem Arbeitsmarkt nur f\u00fcr eine beschr\u00e4nkte Zeit zur Verf\u00fcgung stellen k\u00f6nnen, als nicht vermittlungsf\u00e4hig. Dies betrifft vor allem die jungen Leute, die von ihrem Arbeitgeber nach der Lehre nicht weiterbesch\u00e4ftigt werden, weil ihnen die Rekrutenschule bevorsteht. In der gleichen Situation befinden sich die jungen Leute, die eine milit\u00e4rische Karriere verfolgen, zwischen zwei aufeinander folgenden Diensten. </p><p>In beiden F\u00e4llen haben die Betroffenen kein Anrecht auf Arbeitslosenentsch\u00e4digung und damit auf Eink\u00fcnfte, die den Lohn ersetzen w\u00fcrden.</p><p>Es scheint uns nicht angemessen, dass Versicherte, die an der Arbeitsuche gehindert sind, weil sie in absehbarer Zeit einen Milit\u00e4rdienst leisten m\u00fcssen, von Versicherungsleistungen ausgeschlossen werden. Der Widersinn ist um so offensichtlicher, als die Betroffenen einerseits einen Dienst f\u00fcr die Allgemeinheit leisten und andererseits eine Pflicht erf\u00fcllen, der sie sich nicht entziehen k\u00f6nnen.</p>","DocumentationText":null,"MotionText":null,"FederalCouncilResponseText":null,"FederalCouncilProposal":null,"FederalCouncilProposalText":null,"FederalCouncilProposalDate":null,"SubmittedBy":"Robbiani Meinrado","BusinessStatus":229,"BusinessStatusText":"Erledigt","BusinessStatusDate":"\/Date(957830400000)\/","ResponsibleDepartment":null,"ResponsibleDepartmentName":null,"ResponsibleDepartmentAbbreviation":null,"IsLeadingDepartment":null,"Tags":null,"Category":null,"Modified":"\/Date(1712746388260)\/","SubmissionDate":"\/Date(945734400000)\/","SubmissionCouncil":1,"SubmissionCouncilName":"Nationalrat","SubmissionCouncilAbbreviation":"NR","SubmissionSession":4601,"SubmissionLegislativePeriod":46,"FirstCouncil1":1,"FirstCouncil1Name":"Nationalrat","FirstCouncil1Abbreviation":"NR","FirstCouncil2":null,"FirstCouncil2Name":null,"FirstCouncil2Abbreviation":null,"TagNames":null}}