{"d":{"__metadata":{"id":"https://ws.parlament.ch/OData.svc/Business(ID=20020047,Language='DE')","uri":"https://ws.parlament.ch/OData.svc/Business(ID=20020047,Language='DE')","type":"itsystems.Pd.DataServices.DataModel.Business"},"BusinessResponsibilities":{"__deferred":{"uri":"https://ws.parlament.ch/OData.svc/Business(ID=20020047,Language='DE')/BusinessResponsibilities"}},"RelatedBusinesses":{"__deferred":{"uri":"https://ws.parlament.ch/OData.svc/Business(ID=20020047,Language='DE')/RelatedBusinesses"}},"BusinessRoles":{"__deferred":{"uri":"https://ws.parlament.ch/OData.svc/Business(ID=20020047,Language='DE')/BusinessRoles"}},"Publications":{"__deferred":{"uri":"https://ws.parlament.ch/OData.svc/Business(ID=20020047,Language='DE')/Publications"}},"LegislativePeriods":{"__deferred":{"uri":"https://ws.parlament.ch/OData.svc/Business(ID=20020047,Language='DE')/LegislativePeriods"}},"Sessions":{"__deferred":{"uri":"https://ws.parlament.ch/OData.svc/Business(ID=20020047,Language='DE')/Sessions"}},"Preconsultations":{"__deferred":{"uri":"https://ws.parlament.ch/OData.svc/Business(ID=20020047,Language='DE')/Preconsultations"}},"Bills":{"__deferred":{"uri":"https://ws.parlament.ch/OData.svc/Business(ID=20020047,Language='DE')/Bills"}},"Councils":{"__deferred":{"uri":"https://ws.parlament.ch/OData.svc/Business(ID=20020047,Language='DE')/Councils"}},"BusinessTypes":{"__deferred":{"uri":"https://ws.parlament.ch/OData.svc/Business(ID=20020047,Language='DE')/BusinessTypes"}},"Votes":{"__deferred":{"uri":"https://ws.parlament.ch/OData.svc/Business(ID=20020047,Language='DE')/Votes"}},"SubjectsBusiness":{"__deferred":{"uri":"https://ws.parlament.ch/OData.svc/Business(ID=20020047,Language='DE')/SubjectsBusiness"}},"BusinessStates":{"__deferred":{"uri":"https://ws.parlament.ch/OData.svc/Business(ID=20020047,Language='DE')/BusinessStates"}},"Council":{"__deferred":{"uri":"https://ws.parlament.ch/OData.svc/Business(ID=20020047,Language='DE')/Council"}},"Transcripts":{"__deferred":{"uri":"https://ws.parlament.ch/OData.svc/Business(ID=20020047,Language='DE')/Transcripts"}},"ID":20020047,"Language":"DE","BusinessShortNumber":"02.047","BusinessType":1,"BusinessTypeName":"Gesch\u00e4ft des Bundesrates","BusinessTypeAbbreviation":"BRG","Title":"Informationssystem f\u00fcr den Ausl\u00e4nder- und den Asylbereich","Description":"Botschaft vom 29. Mai 2002 betreffend dem Gesetz \u00fcber das Informationssystem f\u00fcr den Ausl\u00e4nder- und den Asylbereich (Ausl\u00e4nder 2000)","InitialSituation":"<p>Das Bundesamt f\u00fcr Ausl\u00e4nderfragen (BFA) und das Bundesamt f\u00fcr Fl\u00fcchtlinge (BFF) haben zur Unterst\u00fctzung ihrer Kernprozesse Informatiksysteme im Einsatz, die in den vergangenen Jahren laufend um- und ausgebaut wurden. Das zentrale Ausl\u00e4nderregister (ZAR) besteht seit 1982, das automatisierte Personenregistratursystem (AUPER) wurde 1985 eingef\u00fchrt. Beide Systeme sind veraltet und gen\u00fcgen den heutigen Anforderungen weder in technischer noch in datenschutzrechtlicher Hinsicht. Aus diesem Grund wurde die Schaffung eines neuen Systems f\u00fcr beide \u00c4mter vorgeschlagen.</p><p>\"Ausl\u00e4nder 2000\" ist ein amts\u00fcbergreifendes EDV-Projekt, welches</p><table><tr><td width=\"20pt\" colspan=\"0\" rowspan=\"0\" valign=\"top\"><p>-         </p></td><td width=\"480pt\" colspan=\"0\" rowspan=\"0\" valign=\"top\"><p>die bestehenden Systeme ZAR und AUPER durch ein neues, gemeinsames System abl\u00f6sen soll. Das neue System soll flexibel und modular aufgebaut sein: gewisse Module sind f\u00fcr das BFA, andere f\u00fcr das BFF bestimmt;</p></td></tr><tr><td width=\"20pt\" colspan=\"0\" rowspan=\"0\" valign=\"top\"><p>-         </p></td><td width=\"480pt\" colspan=\"0\" rowspan=\"0\" valign=\"top\"><p>die Erstellung von spezifischen Zugriffsprofilen erm\u00f6glichen soll;</p></td></tr><tr><td width=\"20pt\" colspan=\"0\" rowspan=\"0\" valign=\"top\"><p>-         </p></td><td width=\"480pt\" colspan=\"0\" rowspan=\"0\" valign=\"top\"><p>die EDV-m\u00e4ssige Unterst\u00fctzung der wichtigsten Funktionen und T\u00e4tigkeiten der am System beteiligten Beh\u00f6rden von der Einreise der ausl\u00e4ndischen Person \u00fcber den Aufenthalt bis zum Verlassen der Schweiz erm\u00f6glichen soll;</p></td></tr><tr><td width=\"20pt\" colspan=\"0\" rowspan=\"0\" valign=\"top\"><p>-         </p></td><td width=\"480pt\" colspan=\"0\" rowspan=\"0\" valign=\"top\"><p>die einmalige und einheitliche Erfassung der Daten zur Identit\u00e4t der registrierten Personen erm\u00f6glichen soll;</p></td></tr><tr><td width=\"20pt\" colspan=\"0\" rowspan=\"0\" valign=\"top\"><p>-          </p></td><td width=\"480pt\" colspan=\"0\" rowspan=\"0\" valign=\"top\"><p>statistische Auswertungen erm\u00f6glichen soll, die vielf\u00e4ltigen Anforderungen gen\u00fcgen.</p></td></tr></table><p>In \"Ausl\u00e4nder 2000\" sollen besonders sch\u00fctzenswerte Personendaten im Sinne des Bundesgesetzes \u00fcber den Datenschutz (SR 235.1) bearbeitet werden. Bei den laufenden Projektarbeiten wird der Beachtung der Datenschutz- und Informatiksicherheitsbestimmungen ein grosser Stellenwert beigemessen. Dazu geh\u00f6rt unter anderem die Schaffung einer gesetzlichen Grundlage, in der Betrieb, Zweck und Nutzung des Systems geregelt wird. Mit dem vorliegenden Gesetzesentwurf soll die notwendige rechtliche Basis f\u00fcr \"Ausl\u00e4nder 2000\" geschaffen werden. Es handelt sich dabei um eine lex specialis zum Bundesgesetz \u00fcber den Datenschutz (SR 235.1). Die \u00fcbrigen datenschutzrechtlichen Bestimmungen des Ausl\u00e4nder- und Asylbereichs werden weiterhin im ANAG und Asylgesetz geregelt.</p>","Proceedings":"<p></p><p>Beide R\u00e4testimmten der Vorlage nach kleinen \u00c4nderungen ohne Diskussion und einstimmig zu.</p>","DraftText":null,"SubmittedText":null,"ReasonText":null,"DocumentationText":null,"MotionText":null,"FederalCouncilResponseText":null,"FederalCouncilProposal":null,"FederalCouncilProposalText":null,"FederalCouncilProposalDate":null,"SubmittedBy":null,"BusinessStatus":229,"BusinessStatusText":"Erledigt","BusinessStatusDate":"\/Date(1056067200000)\/","ResponsibleDepartment":5,"ResponsibleDepartmentName":"Justiz- und Polizeidepartement","ResponsibleDepartmentAbbreviation":"EJPD","IsLeadingDepartment":true,"Tags":"12|2811","Category":"III","Modified":"\/Date(1770756793667)\/","SubmissionDate":"\/Date(1022630400000)\/","SubmissionCouncil":null,"SubmissionCouncilName":null,"SubmissionCouncilAbbreviation":null,"SubmissionSession":4614,"SubmissionLegislativePeriod":46,"FirstCouncil1":1,"FirstCouncil1Name":"Nationalrat","FirstCouncil1Abbreviation":"NR","FirstCouncil2":null,"FirstCouncil2Name":null,"FirstCouncil2Abbreviation":null,"TagNames":"Recht Allgemein|Migration"}}