{"d":{"__metadata":{"id":"https://ws.parlament.ch/OData.svc/Business(ID=20050426,Language='FR')","uri":"https://ws.parlament.ch/OData.svc/Business(ID=20050426,Language='FR')","type":"itsystems.Pd.DataServices.DataModel.Business"},"BusinessResponsibilities":{"__deferred":{"uri":"https://ws.parlament.ch/OData.svc/Business(ID=20050426,Language='FR')/BusinessResponsibilities"}},"RelatedBusinesses":{"__deferred":{"uri":"https://ws.parlament.ch/OData.svc/Business(ID=20050426,Language='FR')/RelatedBusinesses"}},"BusinessRoles":{"__deferred":{"uri":"https://ws.parlament.ch/OData.svc/Business(ID=20050426,Language='FR')/BusinessRoles"}},"Publications":{"__deferred":{"uri":"https://ws.parlament.ch/OData.svc/Business(ID=20050426,Language='FR')/Publications"}},"LegislativePeriods":{"__deferred":{"uri":"https://ws.parlament.ch/OData.svc/Business(ID=20050426,Language='FR')/LegislativePeriods"}},"Sessions":{"__deferred":{"uri":"https://ws.parlament.ch/OData.svc/Business(ID=20050426,Language='FR')/Sessions"}},"Preconsultations":{"__deferred":{"uri":"https://ws.parlament.ch/OData.svc/Business(ID=20050426,Language='FR')/Preconsultations"}},"Bills":{"__deferred":{"uri":"https://ws.parlament.ch/OData.svc/Business(ID=20050426,Language='FR')/Bills"}},"Councils":{"__deferred":{"uri":"https://ws.parlament.ch/OData.svc/Business(ID=20050426,Language='FR')/Councils"}},"BusinessTypes":{"__deferred":{"uri":"https://ws.parlament.ch/OData.svc/Business(ID=20050426,Language='FR')/BusinessTypes"}},"Votes":{"__deferred":{"uri":"https://ws.parlament.ch/OData.svc/Business(ID=20050426,Language='FR')/Votes"}},"SubjectsBusiness":{"__deferred":{"uri":"https://ws.parlament.ch/OData.svc/Business(ID=20050426,Language='FR')/SubjectsBusiness"}},"BusinessStates":{"__deferred":{"uri":"https://ws.parlament.ch/OData.svc/Business(ID=20050426,Language='FR')/BusinessStates"}},"Council":{"__deferred":{"uri":"https://ws.parlament.ch/OData.svc/Business(ID=20050426,Language='FR')/Council"}},"Transcripts":{"__deferred":{"uri":"https://ws.parlament.ch/OData.svc/Business(ID=20050426,Language='FR')/Transcripts"}},"ID":20050426,"Language":"FR","BusinessShortNumber":"05.426","BusinessType":4,"BusinessTypeName":"Initiative parlementaire","BusinessTypeAbbreviation":"Iv. pa.","Title":"Politique ext\u00e9rieure. Vers plus de d\u00e9mocratie gr\u00e2ce \u00e0 une extension du r\u00e9f\u00e9rendum en mati\u00e8re de trait\u00e9s internationaux","Description":null,"InitialSituation":null,"Proceedings":null,"DraftText":null,"SubmittedText":"<p>Conform\u00e9ment \u00e0 l'art.\u00a0160, al.\u00a01, de la Constitution et \u00e0 l'article 107 de la loi sur le Parlement, le groupe de l'Union d\u00e9mocratique du Centre d\u00e9pose l'initiative parlementaire suivante\u00a0:</p><p>La Constitution doit \u00eatre modifi\u00e9e comme suit\u00a0:</p><p>Art. 141 al. 1</p><p>....</p><p>Let. d</p><p>Abrog\u00e9e</p><p>Art. 140 al. 1</p><p>Sont soumis au vote du peuple et des cantons\u00a0:</p><p>....</p><p>Let. d (nouvelle)</p><p>d. les trait\u00e9s internationaux qui\u00a0:</p><p>1. sont d'une dur\u00e9e ind\u00e9termin\u00e9e et ne sont pas d\u00e9non\u00e7ables\u00a0;</p><p>2. pr\u00e9voient l'adh\u00e9sion \u00e0 une organisation internationale\u00a0;</p><p>3. contiennent des dispositions importantes fixant des r\u00e8gles de droit, dont la mise en oeuvre exige l'adoption de lois f\u00e9d\u00e9rales ou pouvant avoir d'autres effets sur la souverainet\u00e9 et l'ind\u00e9pendance de la Suisse ou sur les droits populaires.</p>","ReasonText":"<p>Des trait\u00e9s internationaux importants, qui contiennent des dispositions fixant des r\u00e8gles de droit ou dont la mise en oeuvre exige l'adoption de lois f\u00e9d\u00e9rales, sont aujourd'hui sujets au r\u00e9f\u00e9rendum facultatif. Or, l'importance d'un accord bilat\u00e9ral ne se mesure pas seulement au fait qu'il contienne ou non des dispositions fixant des r\u00e8gles de droit. Le groupe UDC demande donc que le peuple et les cantons puissent voter sur tous les trait\u00e9s, accords, conventions et programmes internationaux importants, car ils affectent ou restreignent presque toujours la souverainet\u00e9 et l'ind\u00e9pendance de la Suisse ainsi que les droits du peuple.</p>","DocumentationText":null,"MotionText":null,"FederalCouncilResponseText":null,"FederalCouncilProposal":null,"FederalCouncilProposalText":null,"FederalCouncilProposalDate":null,"SubmittedBy":"Groupe de l'Union d\u00e9mocratique du Centre","BusinessStatus":229,"BusinessStatusText":"Liquid\u00e9","BusinessStatusDate":"\/Date(1173199006367)\/","ResponsibleDepartment":null,"ResponsibleDepartmentName":null,"ResponsibleDepartmentAbbreviation":null,"IsLeadingDepartment":null,"Tags":"4|8","Category":"IV","Modified":"\/Date(1763105380237)\/","SubmissionDate":"\/Date(1118966400000)\/","SubmissionCouncil":1,"SubmissionCouncilName":"Conseil national","SubmissionCouncilAbbreviation":"CN","SubmissionSession":4708,"SubmissionLegislativePeriod":47,"FirstCouncil1":1,"FirstCouncil1Name":"Conseil national","FirstCouncil1Abbreviation":"CN","FirstCouncil2":null,"FirstCouncil2Name":null,"FirstCouncil2Abbreviation":null,"TagNames":"Politique d'Etat|Politique internationale"}}