{"d":{"__metadata":{"id":"https://ws.parlament.ch/OData.svc/Business(ID=20050456,Language='FR')","uri":"https://ws.parlament.ch/OData.svc/Business(ID=20050456,Language='FR')","type":"itsystems.Pd.DataServices.DataModel.Business"},"BusinessResponsibilities":{"__deferred":{"uri":"https://ws.parlament.ch/OData.svc/Business(ID=20050456,Language='FR')/BusinessResponsibilities"}},"RelatedBusinesses":{"__deferred":{"uri":"https://ws.parlament.ch/OData.svc/Business(ID=20050456,Language='FR')/RelatedBusinesses"}},"BusinessRoles":{"__deferred":{"uri":"https://ws.parlament.ch/OData.svc/Business(ID=20050456,Language='FR')/BusinessRoles"}},"Publications":{"__deferred":{"uri":"https://ws.parlament.ch/OData.svc/Business(ID=20050456,Language='FR')/Publications"}},"LegislativePeriods":{"__deferred":{"uri":"https://ws.parlament.ch/OData.svc/Business(ID=20050456,Language='FR')/LegislativePeriods"}},"Sessions":{"__deferred":{"uri":"https://ws.parlament.ch/OData.svc/Business(ID=20050456,Language='FR')/Sessions"}},"Preconsultations":{"__deferred":{"uri":"https://ws.parlament.ch/OData.svc/Business(ID=20050456,Language='FR')/Preconsultations"}},"Bills":{"__deferred":{"uri":"https://ws.parlament.ch/OData.svc/Business(ID=20050456,Language='FR')/Bills"}},"Councils":{"__deferred":{"uri":"https://ws.parlament.ch/OData.svc/Business(ID=20050456,Language='FR')/Councils"}},"BusinessTypes":{"__deferred":{"uri":"https://ws.parlament.ch/OData.svc/Business(ID=20050456,Language='FR')/BusinessTypes"}},"Votes":{"__deferred":{"uri":"https://ws.parlament.ch/OData.svc/Business(ID=20050456,Language='FR')/Votes"}},"SubjectsBusiness":{"__deferred":{"uri":"https://ws.parlament.ch/OData.svc/Business(ID=20050456,Language='FR')/SubjectsBusiness"}},"BusinessStates":{"__deferred":{"uri":"https://ws.parlament.ch/OData.svc/Business(ID=20050456,Language='FR')/BusinessStates"}},"Council":{"__deferred":{"uri":"https://ws.parlament.ch/OData.svc/Business(ID=20050456,Language='FR')/Council"}},"Transcripts":{"__deferred":{"uri":"https://ws.parlament.ch/OData.svc/Business(ID=20050456,Language='FR')/Transcripts"}},"ID":20050456,"Language":"FR","BusinessShortNumber":"05.456","BusinessType":4,"BusinessTypeName":"Initiative parlementaire","BusinessTypeAbbreviation":"Iv. pa.","Title":"Pas de contrats l\u00e9onins pour les employ\u00e9s \u00e0 temps partiel","Description":null,"InitialSituation":null,"Proceedings":null,"DraftText":null,"SubmittedText":"<p>Me fondant sur les articles 160 alin\u00e9a 1 de la Constitution et 107 de la loi sur le Parlement, je d\u00e9pose l'initiative parlementaire suivante\u00a0:</p><p>La loi f\u00e9d\u00e9rale du 30 mars 1911 compl\u00e9tant le Code civil suisse (Livre cinqui\u00e8me\u00a0: Droit des obligations) est modifi\u00e9e comme suit\u00a0:</p><p>Art. 321a al. 5</p><p>Les engagements \u00e0 temps partiel ne peuvent \u00eatre assortis d'une clause qui pr\u00e9voit une disponibilit\u00e9 permanente du travailleur ou qui limite son droit d'exercer une activit\u00e9 parall\u00e8le.</p>","ReasonText":"<p>D\u00e8s leur arriv\u00e9e sur le march\u00e9 suisse, les discounters allemands ont syst\u00e9matiquement engag\u00e9 leur personnel sur la base de contrats l\u00e9onins. Ainsi, le g\u00e9ant Aldi Suisse \u00e9tablit des contrats qui pr\u00e9voient une dur\u00e9e de travail de 50\u00a0% mais pr\u00e9cisent que les employ\u00e9s sont tenus de faire des heures suppl\u00e9mentaires\u00a0; de plus, ces derniers n'ont pas le droit d'exercer une activit\u00e9 parall\u00e8le.</p><p>L'employeur s'assure ainsi la disponibilit\u00e9 totale de ses vendeurs, alors que seul un taux d'occupation minimal est garanti \u00e0 ces derniers. Ceux-ci ne peuvent d\u00e8s lors ni travailler \u00e0 plein temps ni organiser s\u00e9rieusement leur vie priv\u00e9e. Engag\u00e9s \u00e0 50\u00a0%, mais li\u00e9s \u00e0 1,0\u00a0% \u00e0 l'employeur\u00a0: c'est ce qu'on appelle un contrat l\u00e9onin. De plus, ce type de contrat ne respecte pas le droit \u00e0 un revenu couvrant les besoins vitaux.</p><p>Les offices de l'\u00e9conomie des cantons de Saint-Gall et de Thurgovie ne s'y sont pas tromp\u00e9s puisqu'ils ont d\u00e9cid\u00e9 que ce type d'engagement ne pouvait \u00eatre consid\u00e9r\u00e9 comme convenable, conform\u00e9ment \u00e0 l'art.\u00a016, al.\u00a02, let.\u00a0g, LACI.</p><p>Cette nouvelle pratique est adopt\u00e9e syst\u00e9matiquement par certains employeurs qui profitent de la pression sur le march\u00e9 du travail et contribuent ainsi \u00e0 une nette d\u00e9t\u00e9rioration des conditions d'engagement dans le domaine du commerce de d\u00e9tail (et bient\u00f4t dans d'autres domaines). Il est donc imp\u00e9ratif de pr\u00e9ciser dans la loi certains principes applicables aux contrats de travail. Il n'est pas admissible que les engagements \u00e0 temps partiel soient am\u00e9nag\u00e9s en fonction des seuls int\u00e9r\u00eats de l'employeur. La personnalit\u00e9 des employ\u00e9s doit \u00eatre prot\u00e9g\u00e9e, de m\u00eame que leur droit \u00e0 une certaine s\u00e9curit\u00e9 \u00e9conomique, quels que soient leur taux d'occupation et le secteur dans lequel ils travaillent. La loi doit prot\u00e9ger les employ\u00e9s d'une pr\u00e9carisation encore plus grande, car ils sont, \u00e9conomiquement parlant, en position de faiblesse par rapport \u00e0 l'employeur.</p>","DocumentationText":null,"MotionText":null,"FederalCouncilResponseText":null,"FederalCouncilProposal":null,"FederalCouncilProposalText":null,"FederalCouncilProposalDate":null,"SubmittedBy":"Rechsteiner Paul","BusinessStatus":229,"BusinessStatusText":"Liquid\u00e9","BusinessStatusDate":"\/Date(1191456000000)\/","ResponsibleDepartment":null,"ResponsibleDepartmentName":null,"ResponsibleDepartmentAbbreviation":null,"IsLeadingDepartment":null,"Tags":"15","Category":"IV","Modified":"\/Date(1763110190733)\/","SubmissionDate":"\/Date(1134604800000)\/","SubmissionCouncil":1,"SubmissionCouncilName":"Conseil national","SubmissionCouncilAbbreviation":"CN","SubmissionSession":4710,"SubmissionLegislativePeriod":47,"FirstCouncil1":1,"FirstCouncil1Name":"Conseil national","FirstCouncil1Abbreviation":"CN","FirstCouncil2":null,"FirstCouncil2Name":null,"FirstCouncil2Abbreviation":null,"TagNames":"\u00c9conomie"}}