{"d":{"__metadata":{"id":"https://ws.parlament.ch/OData.svc/Business(ID=20063667,Language='DE')","uri":"https://ws.parlament.ch/OData.svc/Business(ID=20063667,Language='DE')","type":"itsystems.Pd.DataServices.DataModel.Business"},"BusinessResponsibilities":{"__deferred":{"uri":"https://ws.parlament.ch/OData.svc/Business(ID=20063667,Language='DE')/BusinessResponsibilities"}},"RelatedBusinesses":{"__deferred":{"uri":"https://ws.parlament.ch/OData.svc/Business(ID=20063667,Language='DE')/RelatedBusinesses"}},"BusinessRoles":{"__deferred":{"uri":"https://ws.parlament.ch/OData.svc/Business(ID=20063667,Language='DE')/BusinessRoles"}},"Publications":{"__deferred":{"uri":"https://ws.parlament.ch/OData.svc/Business(ID=20063667,Language='DE')/Publications"}},"LegislativePeriods":{"__deferred":{"uri":"https://ws.parlament.ch/OData.svc/Business(ID=20063667,Language='DE')/LegislativePeriods"}},"Sessions":{"__deferred":{"uri":"https://ws.parlament.ch/OData.svc/Business(ID=20063667,Language='DE')/Sessions"}},"Preconsultations":{"__deferred":{"uri":"https://ws.parlament.ch/OData.svc/Business(ID=20063667,Language='DE')/Preconsultations"}},"Bills":{"__deferred":{"uri":"https://ws.parlament.ch/OData.svc/Business(ID=20063667,Language='DE')/Bills"}},"Councils":{"__deferred":{"uri":"https://ws.parlament.ch/OData.svc/Business(ID=20063667,Language='DE')/Councils"}},"BusinessTypes":{"__deferred":{"uri":"https://ws.parlament.ch/OData.svc/Business(ID=20063667,Language='DE')/BusinessTypes"}},"Votes":{"__deferred":{"uri":"https://ws.parlament.ch/OData.svc/Business(ID=20063667,Language='DE')/Votes"}},"SubjectsBusiness":{"__deferred":{"uri":"https://ws.parlament.ch/OData.svc/Business(ID=20063667,Language='DE')/SubjectsBusiness"}},"BusinessStates":{"__deferred":{"uri":"https://ws.parlament.ch/OData.svc/Business(ID=20063667,Language='DE')/BusinessStates"}},"Council":{"__deferred":{"uri":"https://ws.parlament.ch/OData.svc/Business(ID=20063667,Language='DE')/Council"}},"Transcripts":{"__deferred":{"uri":"https://ws.parlament.ch/OData.svc/Business(ID=20063667,Language='DE')/Transcripts"}},"ID":20063667,"Language":"DE","BusinessShortNumber":"06.3667","BusinessType":5,"BusinessTypeName":"Motion","BusinessTypeAbbreviation":"Mo.","Title":"Thematische und geografische Konzentration","Description":null,"InitialSituation":null,"Proceedings":null,"DraftText":null,"SubmittedText":"<p>Der Bundesrat wird beauftragt, die Bereiche und Regionen festzulegen, in denen die Schweiz \u00fcber komparative Vorteile verf\u00fcgt, und in der Folge das T\u00e4tigkeitsportefeuille der Deza und des Seco neu zu \u00fcberpr\u00fcfen. Die Konzentration der finanziellen Mittel auf die Schwerpunktprogramme muss verst\u00e4rkt werden, und zwar insbesondere zugunsten der \u00e4rmsten L\u00e4nder Afrikas. Die Definition der thematischen Einsatzbereiche ist aus einer politischen G\u00fcterabw\u00e4gung herzuleiten und nicht aufgrund allgemeiner Konzepte vorzunehmen. Der Bundesrat wird auch f\u00fcr jeden Konzentrationsbereich ergebnisbezogene Zielsetzungen sowie Zielwerte f\u00fcr die geografische Konzentration der bilateralen Hilfe festlegen.</p>","ReasonText":null,"DocumentationText":null,"MotionText":null,"FederalCouncilResponseText":"Der Bundesrat beantragt die Annahme der Motion.","FederalCouncilProposal":19,"FederalCouncilProposalText":"Der Bundesrat beantragt die Annahme der Motion.","FederalCouncilProposalDate":"\/Date(1175040000000)\/","SubmittedBy":null,"BusinessStatus":229,"BusinessStatusText":"Erledigt","BusinessStatusDate":"\/Date(1308096000000)\/","ResponsibleDepartment":3,"ResponsibleDepartmentName":"Departement f\u00fcr ausw\u00e4rtige Angelegenheiten","ResponsibleDepartmentAbbreviation":"EDA","IsLeadingDepartment":true,"Tags":"8","Category":null,"Modified":"\/Date(1750810699357)\/","SubmissionDate":"\/Date(1165795200000)\/","SubmissionCouncil":2,"SubmissionCouncilName":"St\u00e4nderat","SubmissionCouncilAbbreviation":"SR","SubmissionSession":4715,"SubmissionLegislativePeriod":47,"FirstCouncil1":2,"FirstCouncil1Name":"St\u00e4nderat","FirstCouncil1Abbreviation":"SR","FirstCouncil2":null,"FirstCouncil2Name":null,"FirstCouncil2Abbreviation":null,"TagNames":"Internationale Politik"}}