{"d":{"__metadata":{"id":"https://ws.parlament.ch/OData.svc/Business(ID=20083058,Language='DE')","uri":"https://ws.parlament.ch/OData.svc/Business(ID=20083058,Language='DE')","type":"itsystems.Pd.DataServices.DataModel.Business"},"BusinessResponsibilities":{"__deferred":{"uri":"https://ws.parlament.ch/OData.svc/Business(ID=20083058,Language='DE')/BusinessResponsibilities"}},"RelatedBusinesses":{"__deferred":{"uri":"https://ws.parlament.ch/OData.svc/Business(ID=20083058,Language='DE')/RelatedBusinesses"}},"BusinessRoles":{"__deferred":{"uri":"https://ws.parlament.ch/OData.svc/Business(ID=20083058,Language='DE')/BusinessRoles"}},"Publications":{"__deferred":{"uri":"https://ws.parlament.ch/OData.svc/Business(ID=20083058,Language='DE')/Publications"}},"LegislativePeriods":{"__deferred":{"uri":"https://ws.parlament.ch/OData.svc/Business(ID=20083058,Language='DE')/LegislativePeriods"}},"Sessions":{"__deferred":{"uri":"https://ws.parlament.ch/OData.svc/Business(ID=20083058,Language='DE')/Sessions"}},"Preconsultations":{"__deferred":{"uri":"https://ws.parlament.ch/OData.svc/Business(ID=20083058,Language='DE')/Preconsultations"}},"Bills":{"__deferred":{"uri":"https://ws.parlament.ch/OData.svc/Business(ID=20083058,Language='DE')/Bills"}},"Councils":{"__deferred":{"uri":"https://ws.parlament.ch/OData.svc/Business(ID=20083058,Language='DE')/Councils"}},"BusinessTypes":{"__deferred":{"uri":"https://ws.parlament.ch/OData.svc/Business(ID=20083058,Language='DE')/BusinessTypes"}},"Votes":{"__deferred":{"uri":"https://ws.parlament.ch/OData.svc/Business(ID=20083058,Language='DE')/Votes"}},"SubjectsBusiness":{"__deferred":{"uri":"https://ws.parlament.ch/OData.svc/Business(ID=20083058,Language='DE')/SubjectsBusiness"}},"BusinessStates":{"__deferred":{"uri":"https://ws.parlament.ch/OData.svc/Business(ID=20083058,Language='DE')/BusinessStates"}},"Council":{"__deferred":{"uri":"https://ws.parlament.ch/OData.svc/Business(ID=20083058,Language='DE')/Council"}},"Transcripts":{"__deferred":{"uri":"https://ws.parlament.ch/OData.svc/Business(ID=20083058,Language='DE')/Transcripts"}},"ID":20083058,"Language":"DE","BusinessShortNumber":"08.3058","BusinessType":6,"BusinessTypeName":"Postulat","BusinessTypeAbbreviation":"Po.","Title":"Erweiterung der Anzahl Urheber von parlamentarischen Vorst\u00f6ssen","Description":null,"InitialSituation":null,"Proceedings":null,"DraftText":null,"SubmittedText":"<text><p>Es ist zu pr\u00fcfen, ob versuchsweise bis zu drei Ratsmitglieder als Urheber bzw. Urheberinnen von Vorst\u00f6ssen (inklusiv parlamentarischen Initiativen) geltend gemacht werden k\u00f6nnen. In solchen F\u00e4llen wird die Redezeit unter den Urhebern aufgeteilt oder es wird wie bei den Fraktionsvorst\u00f6ssen ein Sprecher bzw. eine Sprecherin aus der Reihe der Urheber bestimmt.</p></text>","ReasonText":"<text><p>Politische Vorst\u00f6sse k\u00f6nnen mehrere Urheber und Urheberinnen haben. Insbesondere erfolgreiche politische Vorst\u00f6sse entstehen oft aus der Zusammenarbeit von Ratsmitgliedern. Dies kann beim heutigen System mit nur einem Urheber nicht zum Ausdruck gebracht werden. Die bekanntesten Beispiele sind die Mutterschaftsversicherung, welche gem\u00e4ss amtlichem Bulletin von Pierre Triponez, Jacqueline Fehr, Th\u00e9r\u00e8se Meyer und Ursula Haller ausgearbeitet wurde, aber sp\u00e4ter nur noch unter dem Namen \"Triponez\" erw\u00e4hnt wird (01.426). Auch Barbara Haering weist gem\u00e4ss amtlichem Bulletin darauf hin, dass der Vorstoss f\u00fcr straffreien Schwangerschaftsabbruch nur ihren Namen auff\u00fchrt, weil das Gesch\u00e4ftsreglement eine erstunterzeichnende Person verlangt. Der Vorstoss sei jedoch durch eine \u00fcberfraktionelle Arbeitsgruppe vorbereitet worden (93.434). </p><p>Dass ein System mit mehreren Urhebern von Vorst\u00f6ssen funktioniert, zeigt die erfolgreiche Praxis auf kantonaler und kommunaler Ebene. So ist es beispielsweise im Kanton Appenzell Ausserrhoden m\u00f6glich, dass Vorst\u00f6sse von mehreren Ratsmitgliedern unterzeichnet werden. In den Kantonen Freiburg und St. Gallen k\u00f6nnen zwei Ratsmitglieder Vorst\u00f6sse gemeinsam einreichen. Ein Blick auf die Traktandenliste des Freiburger Kantonsrates zeigt auch, dass diese Regelung zu vielen fraktions\u00fcbergreifenden Motionen gef\u00fchrt hat.</p></text>","DocumentationText":null,"MotionText":null,"FederalCouncilResponseText":null,"FederalCouncilProposal":null,"FederalCouncilProposalText":null,"FederalCouncilProposalDate":null,"SubmittedBy":"Girod Bastien","BusinessStatus":229,"BusinessStatusText":"Erledigt","BusinessStatusDate":"\/Date(1213211171603)\/","ResponsibleDepartment":1,"ResponsibleDepartmentName":"Parlament","ResponsibleDepartmentAbbreviation":"Parl","IsLeadingDepartment":true,"Tags":"421","Category":null,"Modified":"\/Date(1688206412070)\/","SubmissionDate":"\/Date(1205193600000)\/","SubmissionCouncil":1,"SubmissionCouncilName":"Nationalrat","SubmissionCouncilAbbreviation":"NR","SubmissionSession":4802,"SubmissionLegislativePeriod":48,"FirstCouncil1":1,"FirstCouncil1Name":"Nationalrat","FirstCouncil1Abbreviation":"NR","FirstCouncil2":null,"FirstCouncil2Name":null,"FirstCouncil2Abbreviation":null,"TagNames":"Parlament"}}