{"d":{"__metadata":{"id":"https://ws.parlament.ch/OData.svc/Business(ID=20083441,Language='DE')","uri":"https://ws.parlament.ch/OData.svc/Business(ID=20083441,Language='DE')","type":"itsystems.Pd.DataServices.DataModel.Business"},"BusinessResponsibilities":{"__deferred":{"uri":"https://ws.parlament.ch/OData.svc/Business(ID=20083441,Language='DE')/BusinessResponsibilities"}},"RelatedBusinesses":{"__deferred":{"uri":"https://ws.parlament.ch/OData.svc/Business(ID=20083441,Language='DE')/RelatedBusinesses"}},"BusinessRoles":{"__deferred":{"uri":"https://ws.parlament.ch/OData.svc/Business(ID=20083441,Language='DE')/BusinessRoles"}},"Publications":{"__deferred":{"uri":"https://ws.parlament.ch/OData.svc/Business(ID=20083441,Language='DE')/Publications"}},"LegislativePeriods":{"__deferred":{"uri":"https://ws.parlament.ch/OData.svc/Business(ID=20083441,Language='DE')/LegislativePeriods"}},"Sessions":{"__deferred":{"uri":"https://ws.parlament.ch/OData.svc/Business(ID=20083441,Language='DE')/Sessions"}},"Preconsultations":{"__deferred":{"uri":"https://ws.parlament.ch/OData.svc/Business(ID=20083441,Language='DE')/Preconsultations"}},"Bills":{"__deferred":{"uri":"https://ws.parlament.ch/OData.svc/Business(ID=20083441,Language='DE')/Bills"}},"Councils":{"__deferred":{"uri":"https://ws.parlament.ch/OData.svc/Business(ID=20083441,Language='DE')/Councils"}},"BusinessTypes":{"__deferred":{"uri":"https://ws.parlament.ch/OData.svc/Business(ID=20083441,Language='DE')/BusinessTypes"}},"Votes":{"__deferred":{"uri":"https://ws.parlament.ch/OData.svc/Business(ID=20083441,Language='DE')/Votes"}},"SubjectsBusiness":{"__deferred":{"uri":"https://ws.parlament.ch/OData.svc/Business(ID=20083441,Language='DE')/SubjectsBusiness"}},"BusinessStates":{"__deferred":{"uri":"https://ws.parlament.ch/OData.svc/Business(ID=20083441,Language='DE')/BusinessStates"}},"Council":{"__deferred":{"uri":"https://ws.parlament.ch/OData.svc/Business(ID=20083441,Language='DE')/Council"}},"Transcripts":{"__deferred":{"uri":"https://ws.parlament.ch/OData.svc/Business(ID=20083441,Language='DE')/Transcripts"}},"ID":20083441,"Language":"DE","BusinessShortNumber":"08.3441","BusinessType":5,"BusinessTypeName":"Motion","BusinessTypeAbbreviation":"Mo.","Title":"Strafvollzug in den Herkunftsl\u00e4ndern","Description":null,"InitialSituation":null,"Proceedings":null,"DraftText":null,"SubmittedText":"<p>Der Bundesrat wird ersucht, alle notwendigen Schritte zu unternehmen, um mit anderen L\u00e4ndern Staatsvertr\u00e4ge auszuhandeln, damit Strafgefangene ihre Freiheitsstrafen in ihren Herkunftsl\u00e4ndern statt in der Schweiz verb\u00fcssen k\u00f6nnen. </p><p>Dabei ist der Strafvollzug im Ausland selbstverst\u00e4ndlich so sicherzustellen, dass die Regeln eines humanen Strafvollzugs respektiert bleiben.</p>","ReasonText":"<p>Am 19. M\u00e4rz 2004 habe ich eine Motion mit identischem Antrag eingereicht. Nach zwei Jahren ist diese im Sand verlaufen. Hiermit wird das Anliegen wieder aufgegriffen. Ausl\u00f6ser des Vorstosses von 2004 war ein Staatsvertrag zwischen \u00d6sterreich und Rum\u00e4nien, welcher erm\u00f6glichte, rum\u00e4nische Straft\u00e4ter, die in \u00d6sterreich eine Freiheitsstrafe verb\u00fcssen m\u00fcssen, in rum\u00e4nische Strafanstalten zu transferieren (Finanzierung durch \u00d6sterreich). In den Diskussionen in \u00d6sterreich wurde damals insbesondere darauf hingewiesen, dass mit dem Strafvollzug in Rum\u00e4nien massiv Kosten gespart werden k\u00f6nnten. </p><p>Der Strafvollzug ist in der Schweiz bekanntlich sehr teuer. In den Schweizer Gef\u00e4ngnissen sitzen \u00fcberproportional viele ausl\u00e4ndische Straft\u00e4ter. Es dr\u00e4ngt sich auf, den teuren Strafvollzug in der Schweiz durch einen kosteng\u00fcnstigeren Strafvollzug im Ausland zu ersetzen (Finanzierung durch die Schweiz). </p><p>Wird der Strafvollzug ins Ausland verlagert, ist selbstverst\u00e4ndlich sicherzustellen, dass die Insassen gem\u00e4ss den geltenden Standards betreut bleiben und die Anforderungen der Europ\u00e4ischen Menschenrechtskonvention erf\u00fcllt werden. Dies kann durch verschiedene Massnahmen sichergestellt werden: Denkbar ist unter anderem, Gremien zu schaffen, in denen Schweizerinnen und Schweizer mithelfen, diesen Strafvollzug im Ausland zu begleiten, zu \u00fcberwachen oder sogar zu leiten. Wenn solche Projekte geschickt aufgezogen werden, k\u00f6nnen sie sogar f\u00fcr die \"lokalen H\u00e4ftlinge\" einen Beitrag zu einem humaneren Strafvollzug darstellen, indem alte Strafanstalten renoviert werden. </p><p>Naheliegend ist, dass die Schweiz nach Abschluss der entsprechenden Vertr\u00e4ge mit dem betreffenden Land bestehende Strafanstalten saniert und instand halten hilft. Infrage kommt sogar der Bau neuer Strafanstalten. Baukosten wie auch Betriebskosten w\u00e4ren so oder so billiger als der Strafvollzug in der Schweiz. </p><p>Der Bundesrat wird ersucht, in erster Linie mit denjenigen L\u00e4ndern Verhandlungen aufzunehmen, deren Staatangeh\u00f6rige besonders zahlreich in Schweizer Gef\u00e4ngnissen vertreten sind. Sollte nach Auffassung des Bundesrates auf Bundesebene gesetzlicher Handlungsbedarf bestehen, wird er ersucht, eine entsprechende Vorlage auszuarbeiten.</p>","DocumentationText":null,"MotionText":null,"FederalCouncilResponseText":"Der Bundesrat beantragt die Annahme der Motion.","FederalCouncilProposal":19,"FederalCouncilProposalText":"Der Bundesrat beantragt die Annahme der Motion.","FederalCouncilProposalDate":"\/Date(1221782400000)\/","SubmittedBy":"Stamm Luzi","BusinessStatus":229,"BusinessStatusText":"Erledigt","BusinessStatusDate":"\/Date(1402358400000)\/","ResponsibleDepartment":5,"ResponsibleDepartmentName":"Justiz- und Polizeidepartement","ResponsibleDepartmentAbbreviation":"EJPD","IsLeadingDepartment":true,"Tags":"12","Category":null,"Modified":"\/Date(1750811415463)\/","SubmissionDate":"\/Date(1213315200000)\/","SubmissionCouncil":1,"SubmissionCouncilName":"Nationalrat","SubmissionCouncilAbbreviation":"NR","SubmissionSession":4804,"SubmissionLegislativePeriod":48,"FirstCouncil1":1,"FirstCouncil1Name":"Nationalrat","FirstCouncil1Abbreviation":"NR","FirstCouncil2":null,"FirstCouncil2Name":null,"FirstCouncil2Abbreviation":null,"TagNames":"Recht Allgemein"}}