{"d":{"__metadata":{"id":"https://ws.parlament.ch/OData.svc/Business(ID=20100009,Language='DE')","uri":"https://ws.parlament.ch/OData.svc/Business(ID=20100009,Language='DE')","type":"itsystems.Pd.DataServices.DataModel.Business"},"BusinessResponsibilities":{"__deferred":{"uri":"https://ws.parlament.ch/OData.svc/Business(ID=20100009,Language='DE')/BusinessResponsibilities"}},"RelatedBusinesses":{"__deferred":{"uri":"https://ws.parlament.ch/OData.svc/Business(ID=20100009,Language='DE')/RelatedBusinesses"}},"BusinessRoles":{"__deferred":{"uri":"https://ws.parlament.ch/OData.svc/Business(ID=20100009,Language='DE')/BusinessRoles"}},"Publications":{"__deferred":{"uri":"https://ws.parlament.ch/OData.svc/Business(ID=20100009,Language='DE')/Publications"}},"LegislativePeriods":{"__deferred":{"uri":"https://ws.parlament.ch/OData.svc/Business(ID=20100009,Language='DE')/LegislativePeriods"}},"Sessions":{"__deferred":{"uri":"https://ws.parlament.ch/OData.svc/Business(ID=20100009,Language='DE')/Sessions"}},"Preconsultations":{"__deferred":{"uri":"https://ws.parlament.ch/OData.svc/Business(ID=20100009,Language='DE')/Preconsultations"}},"Bills":{"__deferred":{"uri":"https://ws.parlament.ch/OData.svc/Business(ID=20100009,Language='DE')/Bills"}},"Councils":{"__deferred":{"uri":"https://ws.parlament.ch/OData.svc/Business(ID=20100009,Language='DE')/Councils"}},"BusinessTypes":{"__deferred":{"uri":"https://ws.parlament.ch/OData.svc/Business(ID=20100009,Language='DE')/BusinessTypes"}},"Votes":{"__deferred":{"uri":"https://ws.parlament.ch/OData.svc/Business(ID=20100009,Language='DE')/Votes"}},"SubjectsBusiness":{"__deferred":{"uri":"https://ws.parlament.ch/OData.svc/Business(ID=20100009,Language='DE')/SubjectsBusiness"}},"BusinessStates":{"__deferred":{"uri":"https://ws.parlament.ch/OData.svc/Business(ID=20100009,Language='DE')/BusinessStates"}},"Council":{"__deferred":{"uri":"https://ws.parlament.ch/OData.svc/Business(ID=20100009,Language='DE')/Council"}},"Transcripts":{"__deferred":{"uri":"https://ws.parlament.ch/OData.svc/Business(ID=20100009,Language='DE')/Transcripts"}},"ID":20100009,"Language":"DE","BusinessShortNumber":"10.009","BusinessType":1,"BusinessTypeName":"Gesch\u00e4ft des Bundesrates","BusinessTypeAbbreviation":"BRG","Title":"Aussenwirtschaftspolitik 2009. Bericht","Description":"Bericht vom 13. Januar 2010 zur Aussenwirtschaftspolitik 2009, Botschaften zu Wirtschaftsvereinbarungen und Bericht \u00fcber zolltarifarische Massnahmen 2009","InitialSituation":"<p>Im Zentrum der Aussenwirtschaftspolitik des Bundesrats stand im letzten Jahr die Bew\u00e4ltigung der Finanz- und Wirtschaftskrise. Die Schweiz intensivierte ihr Engagement gegen den Finanz- und Handelsprotektionismus und setzte sich daf\u00fcr ein, die Rahmenbedingungen im Binnenmarkt sowie f\u00fcr die Exportwirtschaft weiter zu verbessern. Das geht aus dem Aussenwirtschaftsbericht 2009 hervor, der sich zudem eingehend mit verschiedenen Aspekten der Nachhaltigkeit befasst. Der Bundesrat hat ihn am 13. Januar 2010 verabschiedet.</p><p>Das Schwerpunktkapitel des Aussenwirtschaftsberichts zeigt auf, wie der Bundesrat in seiner Aussenwirtschaftspolitik und der damit verfolgten Verbesserung der Rahmenbedingungen f\u00fcr die Schweizer Wirtschaft der \u00f6kologischen Verantwortung und der gesellschaftlichen Solidarit\u00e4t Rechnung tr\u00e4gt. Mit der Suspendierung der Exportrisikogarantie f\u00fcr das t\u00fcrkische Ilisu-Staudammprojekt hat die Schweiz diesbez\u00fcglich ein Zeichen gesetzt. Im Bereich der internationalen Regelwerke verfolgt der Bundesrat das Ziel, die internationalen Umwelt- und Sozialvereinbarungen zu st\u00e4rken und die Zusammenarbeit und Koh\u00e4renz zwischen den relevanten internationalen Organisationen und Abkommen sowie freiwillige Massnahmen des Privatsektors zu f\u00f6rdern.</p><p>Der Bericht zeigt dar\u00fcber hinaus auf, wie der Bundesrat mit seiner Aussenwirtschaftspolitik auf der Ebene multilateraler Organisationen, der Europapolitik und der bilateralen Beziehungen mit aussereurop\u00e4ischen Staaten zur Bew\u00e4ltigung der Wirtschafts- und Finanzkrise beigetragen hat. (Quelle: Pressemitteilung des Bundesrates vom 13.01.2010)</p>","Proceedings":"<p>Im <b>Nationalrat</b> beantragte eine Minderheit Geri M\u00fcller (G, AG) auf die Freihandelsabkommen mit dem K\u00f6nigreich Lesotho und mit der Republik Tadschikistan nicht einzutreten und stattdessen auf dem Weg der Entwicklungszusammenarbeit weiterzugehen. Diese beiden L\u00e4ndern w\u00fcrden nicht den demokratischen Vorstellungen entsprechen, welche die Schweiz bez\u00fcglich Handel und Abkommen mit solchen L\u00e4ndern hat, wurde argumentiert. Mit Investitionsabkommen w\u00fcrden n\u00e4mlich insbesondere Drittweltl\u00e4nder ausgeh\u00f6hlt, indem Kapital in den Norden abfliesst, der Profit f\u00fcr die lokale Bev\u00f6lkerung sehr klein ausf\u00e4llt und h\u00f6chstens die staatliche Elite Gewinne generiert. Die Gr\u00fcne Fraktion unterst\u00fctzte die Minderheit Geri M\u00fcller. Die SP-Fraktion kritisierte die strategische Ausrichtung der Aussenwirtschaftspolitik. Konkret wurde das Verst\u00e4ndnis einer \"koh\u00e4renten Aussenwirtschaftspolitik\" des Bundesrates in Frage gestellt. Statt, wie der Bundesrat, die verschiedenen Politikbereiche nebeneinander zu betrachten, pl\u00e4dierte sie f\u00fcr eine Verkn\u00fcpfung der Handelspolitik mit anderen Politikbereichen, wie z. B. der Menschenrechts-, der Sozial- oder der Umweltpolitik. Deshalb enthielt sich die SP-Fraktion teilweise der Stimme. Die \u00fcbrigen Fraktionen stimmten jedoch den Abkommen beinahe geschlossen zu. </p><p>Im <b>St\u00e4nderat </b>fand der Bericht breite Zustimmung und die sechs Bundesbeschl\u00fcsse wurden mit vereinzelten Enthaltungen einstimmig angenommen. </p>","DraftText":null,"SubmittedText":null,"ReasonText":null,"DocumentationText":null,"MotionText":null,"FederalCouncilResponseText":null,"FederalCouncilProposal":null,"FederalCouncilProposalText":null,"FederalCouncilProposalDate":null,"SubmittedBy":null,"BusinessStatus":229,"BusinessStatusText":"Erledigt","BusinessStatusDate":"\/Date(1268611200000)\/","ResponsibleDepartment":8,"ResponsibleDepartmentName":"Departement f\u00fcr Wirtschaft, Bildung und Forschung","ResponsibleDepartmentAbbreviation":"WBF","IsLeadingDepartment":true,"Tags":"8|15","Category":"IIIb","Modified":"\/Date(1779232301427)\/","SubmissionDate":"\/Date(1263340800000)\/","SubmissionCouncil":null,"SubmissionCouncilName":null,"SubmissionCouncilAbbreviation":null,"SubmissionSession":4813,"SubmissionLegislativePeriod":48,"FirstCouncil1":1,"FirstCouncil1Name":"Nationalrat","FirstCouncil1Abbreviation":"NR","FirstCouncil2":null,"FirstCouncil2Name":null,"FirstCouncil2Abbreviation":null,"TagNames":"Internationale Politik|Wirtschaft"}}