{"d":{"__metadata":{"id":"https://ws.parlament.ch/OData.svc/Business(ID=20100108,Language='FR')","uri":"https://ws.parlament.ch/OData.svc/Business(ID=20100108,Language='FR')","type":"itsystems.Pd.DataServices.DataModel.Business"},"BusinessResponsibilities":{"__deferred":{"uri":"https://ws.parlament.ch/OData.svc/Business(ID=20100108,Language='FR')/BusinessResponsibilities"}},"RelatedBusinesses":{"__deferred":{"uri":"https://ws.parlament.ch/OData.svc/Business(ID=20100108,Language='FR')/RelatedBusinesses"}},"BusinessRoles":{"__deferred":{"uri":"https://ws.parlament.ch/OData.svc/Business(ID=20100108,Language='FR')/BusinessRoles"}},"Publications":{"__deferred":{"uri":"https://ws.parlament.ch/OData.svc/Business(ID=20100108,Language='FR')/Publications"}},"LegislativePeriods":{"__deferred":{"uri":"https://ws.parlament.ch/OData.svc/Business(ID=20100108,Language='FR')/LegislativePeriods"}},"Sessions":{"__deferred":{"uri":"https://ws.parlament.ch/OData.svc/Business(ID=20100108,Language='FR')/Sessions"}},"Preconsultations":{"__deferred":{"uri":"https://ws.parlament.ch/OData.svc/Business(ID=20100108,Language='FR')/Preconsultations"}},"Bills":{"__deferred":{"uri":"https://ws.parlament.ch/OData.svc/Business(ID=20100108,Language='FR')/Bills"}},"Councils":{"__deferred":{"uri":"https://ws.parlament.ch/OData.svc/Business(ID=20100108,Language='FR')/Councils"}},"BusinessTypes":{"__deferred":{"uri":"https://ws.parlament.ch/OData.svc/Business(ID=20100108,Language='FR')/BusinessTypes"}},"Votes":{"__deferred":{"uri":"https://ws.parlament.ch/OData.svc/Business(ID=20100108,Language='FR')/Votes"}},"SubjectsBusiness":{"__deferred":{"uri":"https://ws.parlament.ch/OData.svc/Business(ID=20100108,Language='FR')/SubjectsBusiness"}},"BusinessStates":{"__deferred":{"uri":"https://ws.parlament.ch/OData.svc/Business(ID=20100108,Language='FR')/BusinessStates"}},"Council":{"__deferred":{"uri":"https://ws.parlament.ch/OData.svc/Business(ID=20100108,Language='FR')/Council"}},"Transcripts":{"__deferred":{"uri":"https://ws.parlament.ch/OData.svc/Business(ID=20100108,Language='FR')/Transcripts"}},"ID":20100108,"Language":"FR","BusinessShortNumber":"10.108","BusinessType":1,"BusinessTypeName":"Objet du Conseil f\u00e9d\u00e9ral","BusinessTypeAbbreviation":"OCF","Title":"LAVS. Am\u00e9lioration de la mise en oeuvre","Description":"Message du 3 d\u00e9cembre 2010 relatif \u00e0 la modification de la loi f\u00e9d\u00e9rale sur l'assurance-vieillesse et survivants (LAVS) (am\u00e9lioration de la mise en oeuvre)","InitialSituation":"<p>Le 1er octobre 2010, la 11e r\u00e9vision de l'AVS a \u00e9t\u00e9 refus\u00e9e en votation finale par le Conseil national. Le projet contient de nombreuses am\u00e9liorations relatives \u00e0 la mise en oeuvre de l'assurance qui n'ont nullement \u00e9t\u00e9 contest\u00e9es. Afin que son entr\u00e9e en vigueur puisse intervenir rapidement, le Conseil f\u00e9d\u00e9ral soumet au Parlement un projet ne comportant que les mesures qui n'ont pas \u00e9t\u00e9 contest\u00e9es lors des d\u00e9bats sur la 11e r\u00e9vision de l'AVS et qui pourront am\u00e9liorer et simplifier la mise en oeuvre de l'assurance. Les principaux points sont les suivants\u00a0: </p><p>Mise en oeuvre de l'assurance et cotisations </p><p>- Cotisations des assur\u00e9s sans activit\u00e9 lucrative\u00a0: la cotisation maximale est fix\u00e9e de sorte que, en principe, elle se monte \u00e0 50 fois la cotisation minimale. Cette solution r\u00e9tablit la relation qui existait \u00e0 l'origine entre la cotisation minimale et la cotisation maximale.</p><p>- La perception des cotisations doit en outre \u00eatre facilit\u00e9e par diverses mesures. </p><p>Questions d'organisation </p><p>- L'organisation de l'AVS avec ses diff\u00e9rents organismes responsables est positive pour l'application d\u00e9centralis\u00e9e de l'assurance mais, pour certaines t\u00e2ches, n\u00e9cessite une coordination et une conduite centralis\u00e9e. Le Fonds de compensation de l'AVS prend en charge les co\u00fbts. </p><p>- Cr\u00e9ation d'un registre des prestations compl\u00e9mentaires\u00a0: ce registre facilite aussi bien la r\u00e9colte de donn\u00e9es fiables \u00e0 des fins statistiques que la transmission d'informations pour la mise en oeuvre des prestations compl\u00e9mentaires. </p><p>(Source\u00a0: message du Conseil f\u00e9d\u00e9ral)</p>","Proceedings":"<p>Au <b>Conseil des \u00c9tats,</b> l'entr\u00e9e en mati\u00e8re n'a pas \u00e9t\u00e9 contest\u00e9e. Le rapporteur de la commission a rappel\u00e9 que le projet concernait uniquement des dispositions techniques non contest\u00e9es de la 11e r\u00e9vision de l'AVS. Limiter la r\u00e9vision \u00e0 ces points devrait permettre une entr\u00e9e en vigueur rapide des modifications. Toutes les mesures pr\u00e9vues par le Conseil f\u00e9d\u00e9ral ayant d\u00e9j\u00e0 \u00e9t\u00e9 trait\u00e9es et approuv\u00e9es dans les commissions et dans les conseils lors des d\u00e9bats sur la 11e r\u00e9vision, c'est pratiquement sans discussion que le projet a finalement \u00e9t\u00e9 adopt\u00e9 au vote sur l'ensemble par 41 voix contre 0.</p><p>Le projet n'a pas \u00e9t\u00e9 contest\u00e9 au <b>Conseil national </b>qui l'a adopt\u00e9 \u00e0 l'unanimit\u00e9 au vote sur l'ensemble par 131 voix contre 0. </p><p><b></b></p><p><b>Au vote final, la loi a \u00e9t\u00e9 adopt\u00e9e par 41 voix contre 0 au Conseil des \u00c9tats et par 189 voix contre 0 au Conseil national.</b></p>","DraftText":null,"SubmittedText":null,"ReasonText":null,"DocumentationText":null,"MotionText":null,"FederalCouncilResponseText":null,"FederalCouncilProposal":null,"FederalCouncilProposalText":null,"FederalCouncilProposalDate":null,"SubmittedBy":null,"BusinessStatus":229,"BusinessStatusText":"Liquid\u00e9","BusinessStatusDate":"\/Date(1308268800000)\/","ResponsibleDepartment":4,"ResponsibleDepartmentName":"D\u00e9partement de l'int\u00e9rieur","ResponsibleDepartmentAbbreviation":"DFI","IsLeadingDepartment":true,"Tags":"28","Category":"IIIa","Modified":"\/Date(1770757555730)\/","SubmissionDate":"\/Date(1291334400000)\/","SubmissionCouncil":null,"SubmissionCouncilName":null,"SubmissionCouncilAbbreviation":null,"SubmissionSession":4816,"SubmissionLegislativePeriod":48,"FirstCouncil1":2,"FirstCouncil1Name":"Conseil des Etats","FirstCouncil1Abbreviation":"CE","FirstCouncil2":null,"FirstCouncil2Name":null,"FirstCouncil2Abbreviation":null,"TagNames":"Questions sociales"}}