{"d":{"__metadata":{"id":"https://ws.parlament.ch/OData.svc/Business(ID=20115001,Language='DE')","uri":"https://ws.parlament.ch/OData.svc/Business(ID=20115001,Language='DE')","type":"itsystems.Pd.DataServices.DataModel.Business"},"BusinessResponsibilities":{"__deferred":{"uri":"https://ws.parlament.ch/OData.svc/Business(ID=20115001,Language='DE')/BusinessResponsibilities"}},"RelatedBusinesses":{"__deferred":{"uri":"https://ws.parlament.ch/OData.svc/Business(ID=20115001,Language='DE')/RelatedBusinesses"}},"BusinessRoles":{"__deferred":{"uri":"https://ws.parlament.ch/OData.svc/Business(ID=20115001,Language='DE')/BusinessRoles"}},"Publications":{"__deferred":{"uri":"https://ws.parlament.ch/OData.svc/Business(ID=20115001,Language='DE')/Publications"}},"LegislativePeriods":{"__deferred":{"uri":"https://ws.parlament.ch/OData.svc/Business(ID=20115001,Language='DE')/LegislativePeriods"}},"Sessions":{"__deferred":{"uri":"https://ws.parlament.ch/OData.svc/Business(ID=20115001,Language='DE')/Sessions"}},"Preconsultations":{"__deferred":{"uri":"https://ws.parlament.ch/OData.svc/Business(ID=20115001,Language='DE')/Preconsultations"}},"Bills":{"__deferred":{"uri":"https://ws.parlament.ch/OData.svc/Business(ID=20115001,Language='DE')/Bills"}},"Councils":{"__deferred":{"uri":"https://ws.parlament.ch/OData.svc/Business(ID=20115001,Language='DE')/Councils"}},"BusinessTypes":{"__deferred":{"uri":"https://ws.parlament.ch/OData.svc/Business(ID=20115001,Language='DE')/BusinessTypes"}},"Votes":{"__deferred":{"uri":"https://ws.parlament.ch/OData.svc/Business(ID=20115001,Language='DE')/Votes"}},"SubjectsBusiness":{"__deferred":{"uri":"https://ws.parlament.ch/OData.svc/Business(ID=20115001,Language='DE')/SubjectsBusiness"}},"BusinessStates":{"__deferred":{"uri":"https://ws.parlament.ch/OData.svc/Business(ID=20115001,Language='DE')/BusinessStates"}},"Council":{"__deferred":{"uri":"https://ws.parlament.ch/OData.svc/Business(ID=20115001,Language='DE')/Council"}},"Transcripts":{"__deferred":{"uri":"https://ws.parlament.ch/OData.svc/Business(ID=20115001,Language='DE')/Transcripts"}},"ID":20115001,"Language":"DE","BusinessShortNumber":"11.5001","BusinessType":14,"BusinessTypeName":"Fragestunde. Frage","BusinessTypeAbbreviation":"Fra.","Title":"Die PKK, eine menschenfreundliche Organisation?","Description":null,"InitialSituation":null,"Proceedings":null,"DraftText":null,"SubmittedText":"<p>In seinem Entscheid vom 19. Januar 2011 lehnte es das Bundesstrafgericht ab, Frankreich Rechtshilfe zu gew\u00e4hren im Zusammenhang mit einer Untersuchung gegen die PKK, und begr\u00fcndete seinen Entscheid damit, dass diese Organisation von der Schweiz nicht als terroristisch eingestuft werde.</p><p>- Kann der Bundesrat best\u00e4tigen, dass die PKK auf der vom EU-Ministerrat gef\u00fchrten Liste der terroristischen Organisationen steht?</p><p>- Welches Merkmal fehlt der PKK, dass sie nicht auch in der Schweiz als terroristische Organisation eingestuft wird?</p>","ReasonText":null,"DocumentationText":null,"MotionText":null,"FederalCouncilResponseText":"<p>Das Bundesstrafgericht hat den Fall so beurteilt, dass das franz\u00f6sische Rechtshilfeersuchen zu wenig pr\u00e4zis darlegt, weshalb die PKK als terroristische Organisation gilt. Dies gen\u00fcgte den Anforderungen an die Rechtshilfe nicht. Die terroristische Eigenschaft muss nach Praxis des Bundesgerichtes anhand konkreter Fakten glaubhaft gemacht werden und nicht mit einem Verweis auf die EU-Terrorliste. Frankreich kann nun die Begr\u00fcndung des Rechtshilfeersuchens erg\u00e4nzen. Zur ersten Frage: Die PKK figuriert auf der aktuellen EU-Terrorliste vom 31. Januar 2011. Zur zweiten Frage: Die Schweiz verf\u00fcgt \u00fcber keine vergleichbare Terrorliste, in welcher sie Gruppierungen als terroristische Organisationen bezeichnet. Eine solche Liste h\u00e4tte ohnehin keine Auswirkung auf die richterliche Beurteilung von Straff\u00e4llen oder Rechtshilfeersuchen. Die internationale Rechtshilfe erfolgt nach strafrechtlichen Kriterien. Die Strafverfolgungsorgane k\u00f6nnen nur Rechtshilfe leisten, wenn im Einzelfall die Fakten aufgef\u00fchrt sind, die nach schweizerischem Strafrecht einen hinreichenden Tatverdacht begr\u00fcnden.</p>","FederalCouncilProposal":null,"FederalCouncilProposalText":null,"FederalCouncilProposalDate":"\/Date(1299456000000)\/","SubmittedBy":"Perrin Yvan","BusinessStatus":229,"BusinessStatusText":"Erledigt","BusinessStatusDate":"\/Date(1299506400000)\/","ResponsibleDepartment":6,"ResponsibleDepartmentName":"Departement f\u00fcr Verteidigung, Bev\u00f6lkerungsschutz und Sport","ResponsibleDepartmentAbbreviation":"VBS","IsLeadingDepartment":true,"Tags":"9","Category":null,"Modified":"\/Date(1721762171297)\/","SubmissionDate":"\/Date(1299456000000)\/","SubmissionCouncil":1,"SubmissionCouncilName":"Nationalrat","SubmissionCouncilAbbreviation":"NR","SubmissionSession":4817,"SubmissionLegislativePeriod":48,"FirstCouncil1":null,"FirstCouncil1Name":null,"FirstCouncil1Abbreviation":null,"FirstCouncil2":null,"FirstCouncil2Name":null,"FirstCouncil2Abbreviation":null,"TagNames":"Sicherheitspolitik"}}