{"d":{"__metadata":{"id":"https://ws.parlament.ch/OData.svc/Business(ID=20170002,Language='IT')","uri":"https://ws.parlament.ch/OData.svc/Business(ID=20170002,Language='IT')","type":"itsystems.Pd.DataServices.DataModel.Business"},"BusinessResponsibilities":{"__deferred":{"uri":"https://ws.parlament.ch/OData.svc/Business(ID=20170002,Language='IT')/BusinessResponsibilities"}},"RelatedBusinesses":{"__deferred":{"uri":"https://ws.parlament.ch/OData.svc/Business(ID=20170002,Language='IT')/RelatedBusinesses"}},"BusinessRoles":{"__deferred":{"uri":"https://ws.parlament.ch/OData.svc/Business(ID=20170002,Language='IT')/BusinessRoles"}},"Publications":{"__deferred":{"uri":"https://ws.parlament.ch/OData.svc/Business(ID=20170002,Language='IT')/Publications"}},"LegislativePeriods":{"__deferred":{"uri":"https://ws.parlament.ch/OData.svc/Business(ID=20170002,Language='IT')/LegislativePeriods"}},"Sessions":{"__deferred":{"uri":"https://ws.parlament.ch/OData.svc/Business(ID=20170002,Language='IT')/Sessions"}},"Preconsultations":{"__deferred":{"uri":"https://ws.parlament.ch/OData.svc/Business(ID=20170002,Language='IT')/Preconsultations"}},"Bills":{"__deferred":{"uri":"https://ws.parlament.ch/OData.svc/Business(ID=20170002,Language='IT')/Bills"}},"Councils":{"__deferred":{"uri":"https://ws.parlament.ch/OData.svc/Business(ID=20170002,Language='IT')/Councils"}},"BusinessTypes":{"__deferred":{"uri":"https://ws.parlament.ch/OData.svc/Business(ID=20170002,Language='IT')/BusinessTypes"}},"Votes":{"__deferred":{"uri":"https://ws.parlament.ch/OData.svc/Business(ID=20170002,Language='IT')/Votes"}},"SubjectsBusiness":{"__deferred":{"uri":"https://ws.parlament.ch/OData.svc/Business(ID=20170002,Language='IT')/SubjectsBusiness"}},"BusinessStates":{"__deferred":{"uri":"https://ws.parlament.ch/OData.svc/Business(ID=20170002,Language='IT')/BusinessStates"}},"Council":{"__deferred":{"uri":"https://ws.parlament.ch/OData.svc/Business(ID=20170002,Language='IT')/Council"}},"Transcripts":{"__deferred":{"uri":"https://ws.parlament.ch/OData.svc/Business(ID=20170002,Language='IT')/Transcripts"}},"ID":20170002,"Language":"IT","BusinessShortNumber":"17.002","BusinessType":1,"BusinessTypeName":"Oggetto del Consiglio federale","BusinessTypeAbbreviation":"OCF","Title":"Rapporto del Tribunale federale 2016","Description":"Rapporto del Tribunale federale 2016 del 14 febbraio 2017","InitialSituation":"<p><b>Comunicato stampa congiunto del Tribunale federale, del Tribunale penale federale, del Tribunale amministrativo federale e del Tribunale federale dei brevetti in relazione ai rapporti di gestione 2016</b></p><p><b>Rapporti di gestione dei tribunali della Confederazione</b></p><p>Il Tribunale federale, il Tribunale penale federale, il Tribunale amministrativo federale e il Tribunale federale dei brevetti hanno presentato in data odierna i rispettivi rapporti di gestione relativi all'anno 2016 nell'ambito di una conferenza stampa congiunta. </p><p>Nonostante una leggera diminuzione, il volume degli affari trattati dal <b>Tribunale federale </b>l'anno scorso \u00e8 rimasto molto alto. Il numero dei casi evasi \u00e8 aumentato dell'1,5%. Al <b>Tribunale penale federale</b>, rispetto all'anno precedente, l'andamento del carico di lavoro della Corte penale \u00e8 rimasto stabile. Nella Corte dei reclami penali le entrate sono aumentate e hanno raggiunto il massimo degli anni precedenti. Il numero dei nuovi ricorsi presentati nel 2016 dinanzi al <b>Tribunale amministrativo federale </b>\u00e8 rimasto molto alto, nonostante una leggera flessione dei casi entrati nel settore dell'asilo. In base alla riorganizzazione del tribunale in sei corti anzich\u00e9 cinque il carico di lavoro \u00e8 ora ripartito in modo pi\u00f9 equilibrato. L'anno scorso la mole di lavoro in seno al <b>Tribunale federale dei brevetti </b>\u00e8 nuovamente aumentata. L'intento di garantireprocedure rapide e non onerose \u00e8 proseguito. </p><p>Per maggiori dettagli si rinvia ai <a href=\"http://www.bger.ch/it/press-news-11.5.2_9.2_2017-t.pdf\">comunicati stampa</a> dei singoli tribunali.</p><p></p><p>Rapporto di gestione: <a href=\"http://www.bger.ch/it/index/federal/federal-inherit-template/federal-publikationen/federal-pub-geschaeftsbericht.htm\">link</a></p>","Proceedings":"<p>Notizia ATS</p><p><b>Dibattito al Consiglio degli Stati, 07.06.2017</b></p><p>Il Consiglio degli Stati ha preso atto del rapporto del Tribunale federale per l'anno 2016.</p><p><b></b></p><p>Notizia ATS</p><p><b>Dibattito al Consiglio nazionale, 13.06.2017</b></p><p>Il Consiglio nazionale ha preso atto del rapporto del Tribunale federale per l'anno 2016.</p>","DraftText":null,"SubmittedText":null,"ReasonText":null,"DocumentationText":null,"MotionText":null,"FederalCouncilResponseText":null,"FederalCouncilProposal":null,"FederalCouncilProposalText":null,"FederalCouncilProposalDate":null,"SubmittedBy":null,"BusinessStatus":229,"BusinessStatusText":"Liquidato","BusinessStatusDate":"\/Date(1497312000000)\/","ResponsibleDepartment":10,"ResponsibleDepartmentName":"Cancelleria federale","ResponsibleDepartmentAbbreviation":"CaF","IsLeadingDepartment":true,"Tags":"1221","Category":"IV","Modified":"\/Date(1770754905283)\/","SubmissionDate":"\/Date(1487030400000)\/","SubmissionCouncil":null,"SubmissionCouncilName":null,"SubmissionCouncilAbbreviation":null,"SubmissionSession":5007,"SubmissionLegislativePeriod":50,"FirstCouncil1":2,"FirstCouncil1Name":"Consiglio degli Stati","FirstCouncil1Abbreviation":"CS","FirstCouncil2":null,"FirstCouncil2Name":null,"FirstCouncil2Abbreviation":null,"TagNames":"Giustizia"}}