{"d":{"__metadata":{"id":"https://ws.parlament.ch/OData.svc/Business(ID=20173630,Language='DE')","uri":"https://ws.parlament.ch/OData.svc/Business(ID=20173630,Language='DE')","type":"itsystems.Pd.DataServices.DataModel.Business"},"BusinessResponsibilities":{"__deferred":{"uri":"https://ws.parlament.ch/OData.svc/Business(ID=20173630,Language='DE')/BusinessResponsibilities"}},"RelatedBusinesses":{"__deferred":{"uri":"https://ws.parlament.ch/OData.svc/Business(ID=20173630,Language='DE')/RelatedBusinesses"}},"BusinessRoles":{"__deferred":{"uri":"https://ws.parlament.ch/OData.svc/Business(ID=20173630,Language='DE')/BusinessRoles"}},"Publications":{"__deferred":{"uri":"https://ws.parlament.ch/OData.svc/Business(ID=20173630,Language='DE')/Publications"}},"LegislativePeriods":{"__deferred":{"uri":"https://ws.parlament.ch/OData.svc/Business(ID=20173630,Language='DE')/LegislativePeriods"}},"Sessions":{"__deferred":{"uri":"https://ws.parlament.ch/OData.svc/Business(ID=20173630,Language='DE')/Sessions"}},"Preconsultations":{"__deferred":{"uri":"https://ws.parlament.ch/OData.svc/Business(ID=20173630,Language='DE')/Preconsultations"}},"Bills":{"__deferred":{"uri":"https://ws.parlament.ch/OData.svc/Business(ID=20173630,Language='DE')/Bills"}},"Councils":{"__deferred":{"uri":"https://ws.parlament.ch/OData.svc/Business(ID=20173630,Language='DE')/Councils"}},"BusinessTypes":{"__deferred":{"uri":"https://ws.parlament.ch/OData.svc/Business(ID=20173630,Language='DE')/BusinessTypes"}},"Votes":{"__deferred":{"uri":"https://ws.parlament.ch/OData.svc/Business(ID=20173630,Language='DE')/Votes"}},"SubjectsBusiness":{"__deferred":{"uri":"https://ws.parlament.ch/OData.svc/Business(ID=20173630,Language='DE')/SubjectsBusiness"}},"BusinessStates":{"__deferred":{"uri":"https://ws.parlament.ch/OData.svc/Business(ID=20173630,Language='DE')/BusinessStates"}},"Council":{"__deferred":{"uri":"https://ws.parlament.ch/OData.svc/Business(ID=20173630,Language='DE')/Council"}},"Transcripts":{"__deferred":{"uri":"https://ws.parlament.ch/OData.svc/Business(ID=20173630,Language='DE')/Transcripts"}},"ID":20173630,"Language":"DE","BusinessShortNumber":"17.3630","BusinessType":5,"BusinessTypeName":"Motion","BusinessTypeAbbreviation":"Mo.","Title":"Vollassoziierung an Erasmus plus ab 2021","Description":null,"InitialSituation":null,"Proceedings":null,"DraftText":null,"SubmittedText":"<p>Der Bundesrat wird beauftragt, die Verhandlungen mit der EU schnellstm\u00f6glich wieder aufzunehmen, damit die Schweiz ab 2021 wieder voll an das EU-Programm Erasmus plus assoziiert ist. </p><p>Eine Minderheit (Germann, Wicki) beantragt die Ablehnung der Motion.</p>","ReasonText":null,"DocumentationText":null,"MotionText":null,"FederalCouncilResponseText":"<p>Wie in der Botschaft zur F\u00f6rderung der internationalen Mobilit\u00e4t in der Bildung in den Jahren 2018-2020 und seinen Antworten auf die Interpellation Reynard 17.3351 und die Motion Reynard 17.3416 dargelegt, strebt der Bundesrat die Aufnahme von Verhandlungen zu einer m\u00f6glichen Assoziierung an das Nachfolgeprogramm von Erasmus plus an. In technischen Gespr\u00e4chen im M\u00e4rz 2017 waren sich die Europ\u00e4ische Kommission und die Schweiz einig, dass es effizienter ist, sich auf eine Assoziierung ab 2021 zu konzentrieren. Das Anliegen der Motion ist insofern bereits erf\u00fcllt.</p><p>Technische Gespr\u00e4che im Hinblick auf eine allf\u00e4llige Assoziierung der Schweiz ab 2021 werden wieder aufgenommen, sobald grundlegende Informationen \u00fcber das Nachfolgeprogramm zu Erasmus plus vonseiten der EU vorliegen. Dies wird voraussichtlich im Jahr 2019 der Fall sein, wenn die Europ\u00e4ische Kommission mit einem ersten Programmvorschlag den EU-internen Entscheidungsprozess lanciert. Auf Schweizer Ebene w\u00fcrde dies erlauben, die Frage einer Assoziierung - inklusive ihrer finanziellen Konsequenzen - im Sinne einer Gesamtbeurteilung parallel zu den Vorbereitungen der BFI-Botschaft 2021-2024 zu behandeln, auch wenn die EU ihren k\u00fcnftigen Budgetrahmen sowie den entsprechenden Programmbeschluss voraussichtlich erst gegen Ende 2020 definitiv genehmigt.</p>  Der Bundesrat beantragt die Ablehnung der Motion.","FederalCouncilProposal":21,"FederalCouncilProposalText":"Der Bundesrat beantragt die Ablehnung der Motion.","FederalCouncilProposalDate":"\/Date(1505433600000)\/","SubmittedBy":null,"BusinessStatus":215,"BusinessStatusText":"Berichterstattung zum Umsetzungsstand des Vorstosses liegt vor","BusinessStatusDate":"\/Date(1775001600000)\/","ResponsibleDepartment":8,"ResponsibleDepartmentName":"Departement f\u00fcr Wirtschaft, Bildung und Forschung","ResponsibleDepartmentAbbreviation":"WBF","IsLeadingDepartment":true,"Tags":"10|32","Category":"IV","Modified":"\/Date(1779310840387)\/","SubmissionDate":"\/Date(1503878400000)\/","SubmissionCouncil":2,"SubmissionCouncilName":"St\u00e4nderat","SubmissionCouncilAbbreviation":"SR","SubmissionSession":5010,"SubmissionLegislativePeriod":50,"FirstCouncil1":2,"FirstCouncil1Name":"St\u00e4nderat","FirstCouncil1Abbreviation":"SR","FirstCouncil2":null,"FirstCouncil2Name":null,"FirstCouncil2Abbreviation":null,"TagNames":"Europapolitik|Bildung"}}