{"d":{"__metadata":{"id":"https://ws.parlament.ch/OData.svc/Business(ID=20173630,Language='IT')","uri":"https://ws.parlament.ch/OData.svc/Business(ID=20173630,Language='IT')","type":"itsystems.Pd.DataServices.DataModel.Business"},"BusinessResponsibilities":{"__deferred":{"uri":"https://ws.parlament.ch/OData.svc/Business(ID=20173630,Language='IT')/BusinessResponsibilities"}},"RelatedBusinesses":{"__deferred":{"uri":"https://ws.parlament.ch/OData.svc/Business(ID=20173630,Language='IT')/RelatedBusinesses"}},"BusinessRoles":{"__deferred":{"uri":"https://ws.parlament.ch/OData.svc/Business(ID=20173630,Language='IT')/BusinessRoles"}},"Publications":{"__deferred":{"uri":"https://ws.parlament.ch/OData.svc/Business(ID=20173630,Language='IT')/Publications"}},"LegislativePeriods":{"__deferred":{"uri":"https://ws.parlament.ch/OData.svc/Business(ID=20173630,Language='IT')/LegislativePeriods"}},"Sessions":{"__deferred":{"uri":"https://ws.parlament.ch/OData.svc/Business(ID=20173630,Language='IT')/Sessions"}},"Preconsultations":{"__deferred":{"uri":"https://ws.parlament.ch/OData.svc/Business(ID=20173630,Language='IT')/Preconsultations"}},"Bills":{"__deferred":{"uri":"https://ws.parlament.ch/OData.svc/Business(ID=20173630,Language='IT')/Bills"}},"Councils":{"__deferred":{"uri":"https://ws.parlament.ch/OData.svc/Business(ID=20173630,Language='IT')/Councils"}},"BusinessTypes":{"__deferred":{"uri":"https://ws.parlament.ch/OData.svc/Business(ID=20173630,Language='IT')/BusinessTypes"}},"Votes":{"__deferred":{"uri":"https://ws.parlament.ch/OData.svc/Business(ID=20173630,Language='IT')/Votes"}},"SubjectsBusiness":{"__deferred":{"uri":"https://ws.parlament.ch/OData.svc/Business(ID=20173630,Language='IT')/SubjectsBusiness"}},"BusinessStates":{"__deferred":{"uri":"https://ws.parlament.ch/OData.svc/Business(ID=20173630,Language='IT')/BusinessStates"}},"Council":{"__deferred":{"uri":"https://ws.parlament.ch/OData.svc/Business(ID=20173630,Language='IT')/Council"}},"Transcripts":{"__deferred":{"uri":"https://ws.parlament.ch/OData.svc/Business(ID=20173630,Language='IT')/Transcripts"}},"ID":20173630,"Language":"IT","BusinessShortNumber":"17.3630","BusinessType":5,"BusinessTypeName":"Mozione","BusinessTypeAbbreviation":"Mo.","Title":"Associazione completa a Erasmus plus dal 2021","Description":null,"InitialSituation":null,"Proceedings":null,"DraftText":null,"SubmittedText":"<p>Il Consiglio federale \u00e8 incaricato di intavolare il pi\u00f9 rapidamente possibile negoziati con l'UE affinch\u00e9 la Svizzera sia di nuovo completamente associata al programma UE Erasmus plus dal 2021.</p><p>Una minoranza (Germann, Wicki) propone di respingere la mozione.</p>","ReasonText":null,"DocumentationText":null,"MotionText":null,"FederalCouncilResponseText":"<p>Come ha dichiarato nel suo messaggio concernente la promozione della mobilit\u00e0 internazionale nel settore della formazione per gli anni 2018-2020 e nelle sue risposte all'interpellanza Reynard 17.3351 e alla mozione Reynard 17.3416, il Consiglio federale intende avviare negoziati in vista di una possibile associazione al programma post Erasmus plus. In occasione dei colloqui tecnici del mese di marzo 2017 la Commissione europea e la Svizzera hanno convenuto che sar\u00e0 pi\u00f9 efficace concentrarsi su un'associazione a partire dal 2021. La richiesta della mozione \u00e8 quindi gi\u00e0 soddisfatta.</p><p>I colloqui tecnici in vista di un'eventuale associazione della Svizzera al programma che seguir\u00e0, nel 2021, a Erasmus plus, riprenderanno non appena l'UE disporr\u00e0 di informazioni di base su questo programma. Questo avverr\u00e0 probabilmente nel 2019, quando la Commissione europea avvier\u00e0 il processo decisionale comunitario pubblicando una prima proposta di programma. A livello svizzero ci\u00f2 consentirebbe di trattare la questione di un'associazione - incluse le sue ripercussioni finanziarie - nel senso di una valutazione globale, parallelamente ai lavori preparatori del messaggio ERI 2021-2024, anche se l'UE approver\u00e0 in via definitiva solo verso la fine del 2020 la sua futura dotazione finanziaria e la decisione di programma.</p>  Il Consiglio federale propone di respingere la mozione.","FederalCouncilProposal":21,"FederalCouncilProposalText":"Il Consiglio federale propone di respingere la mozione.","FederalCouncilProposalDate":"\/Date(1505433600000)\/","SubmittedBy":null,"BusinessStatus":215,"BusinessStatusText":"Il rapporto sullo stato di attuazione dell'intervento \u00e8 disponibile","BusinessStatusDate":"\/Date(1775001600000)\/","ResponsibleDepartment":8,"ResponsibleDepartmentName":"Dipartimento dell'economia, della formazione e della ricerca","ResponsibleDepartmentAbbreviation":"DEFR","IsLeadingDepartment":true,"Tags":"10|32","Category":"IV","Modified":"\/Date(1779310840387)\/","SubmissionDate":"\/Date(1503878400000)\/","SubmissionCouncil":2,"SubmissionCouncilName":"Consiglio degli Stati","SubmissionCouncilAbbreviation":"CS","SubmissionSession":5010,"SubmissionLegislativePeriod":50,"FirstCouncil1":2,"FirstCouncil1Name":"Consiglio degli Stati","FirstCouncil1Abbreviation":"CS","FirstCouncil2":null,"FirstCouncil2Name":null,"FirstCouncil2Abbreviation":null,"TagNames":"Politica europea|Formazione"}}