{"d":{"__metadata":{"id":"https://ws.parlament.ch/OData.svc/Business(ID=20180021,Language='DE')","uri":"https://ws.parlament.ch/OData.svc/Business(ID=20180021,Language='DE')","type":"itsystems.Pd.DataServices.DataModel.Business"},"BusinessResponsibilities":{"__deferred":{"uri":"https://ws.parlament.ch/OData.svc/Business(ID=20180021,Language='DE')/BusinessResponsibilities"}},"RelatedBusinesses":{"__deferred":{"uri":"https://ws.parlament.ch/OData.svc/Business(ID=20180021,Language='DE')/RelatedBusinesses"}},"BusinessRoles":{"__deferred":{"uri":"https://ws.parlament.ch/OData.svc/Business(ID=20180021,Language='DE')/BusinessRoles"}},"Publications":{"__deferred":{"uri":"https://ws.parlament.ch/OData.svc/Business(ID=20180021,Language='DE')/Publications"}},"LegislativePeriods":{"__deferred":{"uri":"https://ws.parlament.ch/OData.svc/Business(ID=20180021,Language='DE')/LegislativePeriods"}},"Sessions":{"__deferred":{"uri":"https://ws.parlament.ch/OData.svc/Business(ID=20180021,Language='DE')/Sessions"}},"Preconsultations":{"__deferred":{"uri":"https://ws.parlament.ch/OData.svc/Business(ID=20180021,Language='DE')/Preconsultations"}},"Bills":{"__deferred":{"uri":"https://ws.parlament.ch/OData.svc/Business(ID=20180021,Language='DE')/Bills"}},"Councils":{"__deferred":{"uri":"https://ws.parlament.ch/OData.svc/Business(ID=20180021,Language='DE')/Councils"}},"BusinessTypes":{"__deferred":{"uri":"https://ws.parlament.ch/OData.svc/Business(ID=20180021,Language='DE')/BusinessTypes"}},"Votes":{"__deferred":{"uri":"https://ws.parlament.ch/OData.svc/Business(ID=20180021,Language='DE')/Votes"}},"SubjectsBusiness":{"__deferred":{"uri":"https://ws.parlament.ch/OData.svc/Business(ID=20180021,Language='DE')/SubjectsBusiness"}},"BusinessStates":{"__deferred":{"uri":"https://ws.parlament.ch/OData.svc/Business(ID=20180021,Language='DE')/BusinessStates"}},"Council":{"__deferred":{"uri":"https://ws.parlament.ch/OData.svc/Business(ID=20180021,Language='DE')/Council"}},"Transcripts":{"__deferred":{"uri":"https://ws.parlament.ch/OData.svc/Business(ID=20180021,Language='DE')/Transcripts"}},"ID":20180021,"Language":"DE","BusinessShortNumber":"18.021","BusinessType":1,"BusinessTypeName":"Gesch\u00e4ft des Bundesrates","BusinessTypeAbbreviation":"BRG","Title":"Soziale Sicherheit. Abkommen mit Serbien und Montenegro","Description":"Botschaft vom 14. Februar 2018 zur Genehmigung der Abkommen zwischen der Schweiz und Serbien sowie zwischen der Schweiz und Montenegro \u00fcber soziale Sicherheit","InitialSituation":"<p><b>Medienmitteilung des Bundesrates vom 14.02.2018</b></p><p><b>Botschaft f\u00fcr neue Sozialversicherungsabkommen mit Serbien und Montenegro </b></p><p><b>Die sozialversicherungsrechtlichen Beziehungen der Schweiz zu Serbien und Montenegro sollen mit zwei neuen Abkommen aktualisiert werden. Der Bundesrat hat an seiner Sitzung vom 14. Februar 2018 eine Botschaft zu beiden Vertr\u00e4gen zusammen zuhanden des Parlaments verabschiedet. Diese Abkommen koordinieren insbesondere die Alters-, Hinterlassenen- und Invalidit\u00e4tsvorsorge der Vertragsstaaten und regeln die Auszahlung von Renten ins Ausland. Sie treten erst in Kraft, wenn die Parlamente in den jeweiligen Staaten sie genehmigt haben. </b></p><p>Der Bundesrat hat die Botschaft zur Genehmigung je eines Abkommens \u00fcber soziale Sicherheit zwischen der Schweiz und Serbien sowie zwischen der Schweiz und Montenegro ans Parlament \u00fcberwiesen. Mit diesen neuen Abkommen wird die Koordination der Sozialversicherungen zwischen der Schweiz und den beiden Nachfolgestaaten Jugoslawiens aktualisiert. Sie l\u00f6sen das zurzeit noch angewendete Abkommen mit dem ehemaligen Jugoslawien ab. Inhaltlich entsprechen sie den anderen von der Schweiz abgeschlossenen Sozialversicherungsabkommen und richten sich nach den internationalen Standards zur Koordination der Systeme der sozialen Sicherheit.</p><p>Die neuen Sozialversicherungsabkommen koordinieren insbesondere die Alters-, Hinterlassenen- und Invalidit\u00e4tsvorsorge der Vertragsstaaten, in der Schweiz also die AHV und IV, um m\u00f6gliche Nachteile oder Diskriminierungen von Angeh\u00f6rigen des einen oder anderen Staates zu vermeiden. Entsprechend gew\u00e4hrleisten die Abkommen eine weitgehende Gleichbehandlung der Versicherten und regeln die Auszahlung von Renten ins Ausland.</p><p>Die Abkommen wurden unter den Vertragsstaaten ausgehandelt und unterzeichnet. Damit sie in Kraft treten k\u00f6nnen, m\u00fcssen sie von den Parlamenten der Vertragsstaaten zun\u00e4chst genehmigt werden. </p>","Proceedings":"<p>SDA-Meldung</p><p><b>Debatte im Nationalrat, 11.06.2018</b></p><p>Der Nationalrat hat als Erstrat Sozialversicherungsabkommen mit Serbien und Montenegro gutgeheissen. Diese koordinieren die AHV und IV der Vertragsstaaten und regeln die Auszahlung von Renten ins Ausland. Der Rat stimmte den Abkommen mit 122 zu 67 Stimmen zu. </p><p></p><p>SDA-Meldung</p><p><b>Debatte im St\u00e4nderat, 18.09.2018</b></p><p>Das Parlament hat zwei Sozialversicherungsabkommen mit Serbien und Montenegro gutgeheissen. Diese koordinieren die AHV und IV der Vertragsstaaten und regeln die Auszahlung von Renten ins Ausland.</p><p>Nach dem Nationalrat stimmte am Dienstag auch der St\u00e4nderat den Abkommen zu - mit 35 Stimmen zu einer Stimme. </p>","DraftText":null,"SubmittedText":null,"ReasonText":null,"DocumentationText":null,"MotionText":null,"FederalCouncilResponseText":null,"FederalCouncilProposal":null,"FederalCouncilProposalText":null,"FederalCouncilProposalDate":null,"SubmittedBy":null,"BusinessStatus":229,"BusinessStatusText":"Erledigt","BusinessStatusDate":"\/Date(1537228800000)\/","ResponsibleDepartment":4,"ResponsibleDepartmentName":"Departement des Innern","ResponsibleDepartmentAbbreviation":"EDI","IsLeadingDepartment":true,"Tags":"8|2836","Category":"IV","Modified":"\/Date(1771607929357)\/","SubmissionDate":"\/Date(1518566400000)\/","SubmissionCouncil":null,"SubmissionCouncilName":null,"SubmissionCouncilAbbreviation":null,"SubmissionSession":5012,"SubmissionLegislativePeriod":50,"FirstCouncil1":1,"FirstCouncil1Name":"Nationalrat","FirstCouncil1Abbreviation":"NR","FirstCouncil2":null,"FirstCouncil2Name":null,"FirstCouncil2Abbreviation":null,"TagNames":"Internationale Politik|Sozialer Schutz"}}