{"d":{"__metadata":{"id":"https://ws.parlament.ch/OData.svc/Business(ID=20200005,Language='DE')","uri":"https://ws.parlament.ch/OData.svc/Business(ID=20200005,Language='DE')","type":"itsystems.Pd.DataServices.DataModel.Business"},"BusinessResponsibilities":{"__deferred":{"uri":"https://ws.parlament.ch/OData.svc/Business(ID=20200005,Language='DE')/BusinessResponsibilities"}},"RelatedBusinesses":{"__deferred":{"uri":"https://ws.parlament.ch/OData.svc/Business(ID=20200005,Language='DE')/RelatedBusinesses"}},"BusinessRoles":{"__deferred":{"uri":"https://ws.parlament.ch/OData.svc/Business(ID=20200005,Language='DE')/BusinessRoles"}},"Publications":{"__deferred":{"uri":"https://ws.parlament.ch/OData.svc/Business(ID=20200005,Language='DE')/Publications"}},"LegislativePeriods":{"__deferred":{"uri":"https://ws.parlament.ch/OData.svc/Business(ID=20200005,Language='DE')/LegislativePeriods"}},"Sessions":{"__deferred":{"uri":"https://ws.parlament.ch/OData.svc/Business(ID=20200005,Language='DE')/Sessions"}},"Preconsultations":{"__deferred":{"uri":"https://ws.parlament.ch/OData.svc/Business(ID=20200005,Language='DE')/Preconsultations"}},"Bills":{"__deferred":{"uri":"https://ws.parlament.ch/OData.svc/Business(ID=20200005,Language='DE')/Bills"}},"Councils":{"__deferred":{"uri":"https://ws.parlament.ch/OData.svc/Business(ID=20200005,Language='DE')/Councils"}},"BusinessTypes":{"__deferred":{"uri":"https://ws.parlament.ch/OData.svc/Business(ID=20200005,Language='DE')/BusinessTypes"}},"Votes":{"__deferred":{"uri":"https://ws.parlament.ch/OData.svc/Business(ID=20200005,Language='DE')/Votes"}},"SubjectsBusiness":{"__deferred":{"uri":"https://ws.parlament.ch/OData.svc/Business(ID=20200005,Language='DE')/SubjectsBusiness"}},"BusinessStates":{"__deferred":{"uri":"https://ws.parlament.ch/OData.svc/Business(ID=20200005,Language='DE')/BusinessStates"}},"Council":{"__deferred":{"uri":"https://ws.parlament.ch/OData.svc/Business(ID=20200005,Language='DE')/Council"}},"Transcripts":{"__deferred":{"uri":"https://ws.parlament.ch/OData.svc/Business(ID=20200005,Language='DE')/Transcripts"}},"ID":20200005,"Language":"DE","BusinessShortNumber":"20.005","BusinessType":1,"BusinessTypeName":"Gesch\u00e4ft des Bundesrates","BusinessTypeAbbreviation":"BRG","Title":"Bearbeitung von Personendaten durch das EDA. Bundesgesetz","Description":"Botschaft vom 15. Januar 2020 zum Bundesgesetz \u00fcber die Bearbeitung von Personendaten durch das Eidgen\u00f6ssische Departement f\u00fcr ausw\u00e4rtige Angelegenheiten.","InitialSituation":"<p><b>Medienmitteilung des Bundesrates vom 15.01.2020</b></p><p><b>Bearbeitung von Personendaten im EDA - Gesetzesentwurf vom Bundesrat genehmigt </b></p><p><b>Der Bundesrat hat an seiner Sitzung vom 15. Januar 2020 den Entwurf des Bundesgesetzes \u00fcber die Bearbeitung von Personendaten im EDA genehmigt. Der Text erlaubt es, die Anforderungen des Bundesgesetzes vom 19. Juni 1992 \u00fcber den Datenschutz (DSG) zu erf\u00fcllen und gleichzeitig den Entwicklungen auf organisationsinterner, technologischer und gesellschaftlicher Ebene Rechnung zu tragen. </b></p><p>Der Bundesrat hatte das Eidgen\u00f6ssische Departement f\u00fcr ausw\u00e4rtige Angelegenheiten (EDA) beauftragt, eine \u00c4nderung des Bundesgesetzes vom 24. M\u00e4rz 2000 \u00fcber die Bearbeitung von Personendaten im EDA vorzubereiten, damit das EDA die f\u00fcr die Bereitstellung seiner Auslanddienstleistungen (konsularische Dienstleistungen, konsularischer Schutz) erforderlichen Personendaten von Auslandschweizerinnen und -schweizern sowie von Schweizerinnen und Schweizern, die sich im Ausland aufhalten, bearbeiten kann.</p><p>Um die Daten verarbeiten zu k\u00f6nnen, die das EDA zur Erf\u00fcllung aller seiner Aufgaben ben\u00f6tigt, musste der Gesetzestext vollst\u00e4ndig revidiert werden. Dabei wurde auch den im Rahmen des Vernehmlassungsverfahrens vorgebrachten Anliegen Rechnung getragen.</p><p>Mit dieser Totalrevision wird jedoch keine Ver\u00e4nderung der T\u00e4tigkeiten des EDA angestrebt. Ziel ist es, \u00fcber ein modernes Rechtsinstrument zu verf\u00fcgen, das es erlaubt, den technologischen Entwicklungen Rechnung zu tragen und allf\u00e4llige weitere Gesetzes\u00e4nderungen soweit wie m\u00f6glich zu vereinfachen. </p>","Proceedings":"<p>SDA-Meldung</p><p><b>Debatte im Nationalrat, 21.09.2020</b></p><p>Das Aussendepartement (EDA) soll Personendaten von Auslandschweizerinnen und -schweizern bearbeiten d\u00fcrfen. Der Nationalrat hat die entsprechende Gesetzes\u00e4nderung einstimmig gutgeheissen. Insbesondere f\u00fcr die Bearbeitung besonders sch\u00fctzenswerter Daten fehlte bisher eine gesetzliche Grundlage. Dabei geht es etwa um medizinische Daten. Die Modernisierung erlaubt dem EDA weiterhin, Personendaten von Schweizerinnen und -schweizern zu bearbeiten, die im Ausland wohnhaft sind oder sich dort aufhalten.</p><p></p><p>SDA-Meldung</p><p><b>Debatte im St\u00e4nderat, 03.12.2020</b></p><p><b>Bearbeitung von Personendaten im EDA wird modernisiert </b></p><p>Das Aussendepartement (EDA) darf Personendaten von Auslandschweizerinnen und -schweizern k\u00fcnftig bearbeiten. Der St\u00e4nderat hat am Donnerstag als Zweitrat der entsprechenden Gesetzes\u00e4nderung oppositionslos zugestimmt.</p>","DraftText":null,"SubmittedText":null,"ReasonText":null,"DocumentationText":null,"MotionText":null,"FederalCouncilResponseText":null,"FederalCouncilProposal":null,"FederalCouncilProposalText":null,"FederalCouncilProposalDate":null,"SubmittedBy":null,"BusinessStatus":229,"BusinessStatusText":"Erledigt","BusinessStatusDate":"\/Date(1608249600000)\/","ResponsibleDepartment":3,"ResponsibleDepartmentName":"Departement f\u00fcr ausw\u00e4rtige Angelegenheiten","ResponsibleDepartmentAbbreviation":"EDA","IsLeadingDepartment":true,"Tags":"4|8|1236","Category":"IIIb/IV","Modified":"\/Date(1770757855077)\/","SubmissionDate":"\/Date(1579046400000)\/","SubmissionCouncil":null,"SubmissionCouncilName":null,"SubmissionCouncilAbbreviation":null,"SubmissionSession":5102,"SubmissionLegislativePeriod":51,"FirstCouncil1":1,"FirstCouncil1Name":"Nationalrat","FirstCouncil1Abbreviation":"NR","FirstCouncil2":null,"FirstCouncil2Name":null,"FirstCouncil2Abbreviation":null,"TagNames":"Staatspolitik|Internationale Politik|Menschenrechte"}}