{"d":{"__metadata":{"id":"https://ws.parlament.ch/OData.svc/Business(ID=20200049,Language='DE')","uri":"https://ws.parlament.ch/OData.svc/Business(ID=20200049,Language='DE')","type":"itsystems.Pd.DataServices.DataModel.Business"},"BusinessResponsibilities":{"__deferred":{"uri":"https://ws.parlament.ch/OData.svc/Business(ID=20200049,Language='DE')/BusinessResponsibilities"}},"RelatedBusinesses":{"__deferred":{"uri":"https://ws.parlament.ch/OData.svc/Business(ID=20200049,Language='DE')/RelatedBusinesses"}},"BusinessRoles":{"__deferred":{"uri":"https://ws.parlament.ch/OData.svc/Business(ID=20200049,Language='DE')/BusinessRoles"}},"Publications":{"__deferred":{"uri":"https://ws.parlament.ch/OData.svc/Business(ID=20200049,Language='DE')/Publications"}},"LegislativePeriods":{"__deferred":{"uri":"https://ws.parlament.ch/OData.svc/Business(ID=20200049,Language='DE')/LegislativePeriods"}},"Sessions":{"__deferred":{"uri":"https://ws.parlament.ch/OData.svc/Business(ID=20200049,Language='DE')/Sessions"}},"Preconsultations":{"__deferred":{"uri":"https://ws.parlament.ch/OData.svc/Business(ID=20200049,Language='DE')/Preconsultations"}},"Bills":{"__deferred":{"uri":"https://ws.parlament.ch/OData.svc/Business(ID=20200049,Language='DE')/Bills"}},"Councils":{"__deferred":{"uri":"https://ws.parlament.ch/OData.svc/Business(ID=20200049,Language='DE')/Councils"}},"BusinessTypes":{"__deferred":{"uri":"https://ws.parlament.ch/OData.svc/Business(ID=20200049,Language='DE')/BusinessTypes"}},"Votes":{"__deferred":{"uri":"https://ws.parlament.ch/OData.svc/Business(ID=20200049,Language='DE')/Votes"}},"SubjectsBusiness":{"__deferred":{"uri":"https://ws.parlament.ch/OData.svc/Business(ID=20200049,Language='DE')/SubjectsBusiness"}},"BusinessStates":{"__deferred":{"uri":"https://ws.parlament.ch/OData.svc/Business(ID=20200049,Language='DE')/BusinessStates"}},"Council":{"__deferred":{"uri":"https://ws.parlament.ch/OData.svc/Business(ID=20200049,Language='DE')/Council"}},"Transcripts":{"__deferred":{"uri":"https://ws.parlament.ch/OData.svc/Business(ID=20200049,Language='DE')/Transcripts"}},"ID":20200049,"Language":"DE","BusinessShortNumber":"20.049","BusinessType":1,"BusinessTypeName":"Gesch\u00e4ft des Bundesrates","BusinessTypeAbbreviation":"BRG","Title":"Kantonsverfassungen Glarus, Thurgau und Genf. Gew\u00e4hrleistung","Description":"Botschaft vom 5. Juni 2020 zur Gew\u00e4hrleistung der ge\u00e4nderten Verfassungen der Kantone Glarus, Thurgau und Genf","InitialSituation":"<p><b>Medienmitteilung des Bundesrates vom 05.06.2020</b></p><p><b>Gew\u00e4hrleistung der ge\u00e4nderten Verfassungen von drei Kantonen </b></p><p><b>Der Bundesrat beantragt dem Parlament, die ge\u00e4nderten Verfassungen der Kantone Glarus, Thurgau und Genf zu gew\u00e4hrleisten. Alle Verfassungs\u00e4nderungen stimmen mit dem Bundesrecht \u00fcberein, wie der Bundesrat in seiner am 5. Juni 2020 verabschiedeten Botschaft festh\u00e4lt. </b></p><p>Die vorliegenden Verfassungs\u00e4nderungen haben zum Gegenstand:</p><p>im Kanton Glarus:</p><p>- die politischen Rechte;</p><p>- den Finanzhaushalt;</p><p>im Kanton Thurgau:</p><p>- das \u00d6ffentlichkeitsprinzip;</p><p>im Kanton Genf:</p><p>- den Luftverkehr;</p><p>- die Pflanzenschutzmittel.</p>","Proceedings":"<p>SDA-Meldung</p><p><b>Debatte im St\u00e4nderat, 08.09.2020</b></p><p>Der St\u00e4nderat hat die Verfassungs\u00e4nderungen der Kantone Thurgau, Glarus und Genf stillschweigend genehmigt.</p><p></p><p>SDA-Meldung</p><p><b>Debatte im Nationalrat, 17.09.2020</b></p><p>Das Parlament hat die \u00c4nderung der Verfassungen in den Kantonen Thurgau, Glarus und Genf genehmigt. Nach dem St\u00e4nderat hat auch der Nationalrat stillschweigend den Vorhaben zugestimmt.</p>","DraftText":null,"SubmittedText":null,"ReasonText":null,"DocumentationText":null,"MotionText":null,"FederalCouncilResponseText":null,"FederalCouncilProposal":null,"FederalCouncilProposalText":null,"FederalCouncilProposalDate":null,"SubmittedBy":null,"BusinessStatus":229,"BusinessStatusText":"Erledigt","BusinessStatusDate":"\/Date(1600300800000)\/","ResponsibleDepartment":5,"ResponsibleDepartmentName":"Justiz- und Polizeidepartement","ResponsibleDepartmentAbbreviation":"EJPD","IsLeadingDepartment":true,"Tags":"4","Category":"IV","Modified":"\/Date(1770757483520)\/","SubmissionDate":"\/Date(1591315200000)\/","SubmissionCouncil":null,"SubmissionCouncilName":null,"SubmissionCouncilAbbreviation":null,"SubmissionSession":5104,"SubmissionLegislativePeriod":51,"FirstCouncil1":2,"FirstCouncil1Name":"St\u00e4nderat","FirstCouncil1Abbreviation":"SR","FirstCouncil2":null,"FirstCouncil2Name":null,"FirstCouncil2Abbreviation":null,"TagNames":"Staatspolitik"}}