{"d":{"__metadata":{"id":"https://ws.parlament.ch/OData.svc/Business(ID=20220484,Language='DE')","uri":"https://ws.parlament.ch/OData.svc/Business(ID=20220484,Language='DE')","type":"itsystems.Pd.DataServices.DataModel.Business"},"BusinessResponsibilities":{"__deferred":{"uri":"https://ws.parlament.ch/OData.svc/Business(ID=20220484,Language='DE')/BusinessResponsibilities"}},"RelatedBusinesses":{"__deferred":{"uri":"https://ws.parlament.ch/OData.svc/Business(ID=20220484,Language='DE')/RelatedBusinesses"}},"BusinessRoles":{"__deferred":{"uri":"https://ws.parlament.ch/OData.svc/Business(ID=20220484,Language='DE')/BusinessRoles"}},"Publications":{"__deferred":{"uri":"https://ws.parlament.ch/OData.svc/Business(ID=20220484,Language='DE')/Publications"}},"LegislativePeriods":{"__deferred":{"uri":"https://ws.parlament.ch/OData.svc/Business(ID=20220484,Language='DE')/LegislativePeriods"}},"Sessions":{"__deferred":{"uri":"https://ws.parlament.ch/OData.svc/Business(ID=20220484,Language='DE')/Sessions"}},"Preconsultations":{"__deferred":{"uri":"https://ws.parlament.ch/OData.svc/Business(ID=20220484,Language='DE')/Preconsultations"}},"Bills":{"__deferred":{"uri":"https://ws.parlament.ch/OData.svc/Business(ID=20220484,Language='DE')/Bills"}},"Councils":{"__deferred":{"uri":"https://ws.parlament.ch/OData.svc/Business(ID=20220484,Language='DE')/Councils"}},"BusinessTypes":{"__deferred":{"uri":"https://ws.parlament.ch/OData.svc/Business(ID=20220484,Language='DE')/BusinessTypes"}},"Votes":{"__deferred":{"uri":"https://ws.parlament.ch/OData.svc/Business(ID=20220484,Language='DE')/Votes"}},"SubjectsBusiness":{"__deferred":{"uri":"https://ws.parlament.ch/OData.svc/Business(ID=20220484,Language='DE')/SubjectsBusiness"}},"BusinessStates":{"__deferred":{"uri":"https://ws.parlament.ch/OData.svc/Business(ID=20220484,Language='DE')/BusinessStates"}},"Council":{"__deferred":{"uri":"https://ws.parlament.ch/OData.svc/Business(ID=20220484,Language='DE')/Council"}},"Transcripts":{"__deferred":{"uri":"https://ws.parlament.ch/OData.svc/Business(ID=20220484,Language='DE')/Transcripts"}},"ID":20220484,"Language":"DE","BusinessShortNumber":"22.484","BusinessType":4,"BusinessTypeName":"Parlamentarische Initiative","BusinessTypeAbbreviation":"Pa. Iv.","Title":"Kinder vor Armut sch\u00fctzen","Description":null,"InitialSituation":null,"Proceedings":null,"DraftText":null,"SubmittedText":"<p>Es soll eine gesetzliche Grundlage geschaffen werden, die durch ein existenzsicherndes Unterst\u00fctzungsmodell Kinderarmut schweizweit bek\u00e4mpft und verhindert. Vorstellbar ist ein Modell analog den Erg\u00e4nzungsleistungen zu AHV und IV. Die Anspruchsberechtigung soll enden, sobald die Kinder bzw. jungen Erwachsenen ihre Ausbildung/ihr Studium abgeschlossen haben.</p>","ReasonText":"<p>In der Schweiz sind rund 8.5 Prozent oder 722 000 Menschen (BFS) von Armut betroffen und 15.4 Prozent, das heisst \u00fcber 1,3 Millionen Personen davon bedroht (BFS). Laut UNICEF sind 19 Prozent oder jedes 5. Kind armutsgef\u00e4hrdet. Durch die Corona-Pandemie hat sich dieses Problem weiter akzentuiert und die Zahl von Personen in Armut steigt seit 2014 konstant an (BFS). Eine traurige Realit\u00e4t, die einem reichen Land wie der Schweiz nicht w\u00fcrdig ist.</p><p>Kinder- respektive Familienarmut ist mit weitreichenden Konsequenzen in verschiedenen Lebensbereichen verbunden. So ist empirisch erwiesen, dass auch in der Schweiz Kinder aus materiell benachteiligten Familien am gesellschaftlichen Wohlstand praktisch nicht teilhaben k\u00f6nnen. Kinderarmut ist oft verbunden mit einem Wohnumfeld mit geringer Infrastruktur und knappem Wohnraum, ungesunder Ern\u00e4hrung, weniger Bildungsunterst\u00fctzung und Schwierigkeiten, soziale Kontakte zu bilden bzw. aufrechtzuerhalten. Die Schweiz w\u00e4re durch die Ratifizierung der UNO-Kinderrechtskonvention aber verpflichtet, allen Kindern u.a. eine umfassende Unterst\u00fctzung, Bildung, Wohlbefinden, Ruhe und Freizeit, sowie eine freie Teilnahme am kulturellen und k\u00fcnstlerischen Leben zu erm\u00f6glichen. Armut bewirkt zudem oft Stigmatisierung und Scham. In vielen F\u00e4llen ist das Resultat dieser Benachteiligung gesellschaftliche Exklusion (z.B. durch den deutlich erschwerten Eintritt in den ersten Arbeitsmarkt) mit Chronifizierung oder sogar Vererbung der Armutssituation. Sprich: Kinder stellen ein bedeutsames Armutsrisiko dar, sind besonders h\u00e4ufig von Armut betroffen und haben ein deutlich h\u00f6heres Risiko, die Armut mit ins Erwachsenenalter zu nehmen oder sie sogar an die n\u00e4chste Generation weiterzugeben - und dies ohne eigenes Verschulden. Die UNO-Kinderrechtskonvention verpflichtet aber, auf der Basis der Chancengleichheit die f\u00fcr die Entwicklung der Kinder notwendigen Lebensbedingungen sicherzustellen, sofern diese Aufgabe durch die Eltern nicht vollst\u00e4ndig wahrgenommen werden kann (Art. 27 UN-KRK). </p><p>Das bew\u00e4hrte Modell der Erg\u00e4nzungsleistungen f\u00fcr AHV und IV k\u00f6nnte auch gegen Kinderarmut angewendet werden. So werden Kinder mit gesicherten Leistungen vor Armut bewahrt und eine ad\u00e4quate Ausbildung kann gew\u00e4hrleistet werden. Im Kanton Solothurn wird dieses Modell schon erfolgreich angewendet und kommt mit Bedarfsleistungen genau denen zugute, die es wirklich ben\u00f6tigen. Diese effiziente L\u00f6sungsm\u00f6glichkeit sollte schweizweit implementiert werden. Damit ein nationaler Schutz gegen Kinderarmut greift, dem sich die Schweiz durch die Ratifizierung der Kinderrechtskonvention verpflichtet hat. Ein Kind kann nichts daf\u00fcr, in eine arme Familie geboren zu werden. Daraus darf nicht folgern, mit weniger Chancen aufwachsen zu m\u00fcssen. </p>","DocumentationText":null,"MotionText":null,"FederalCouncilResponseText":null,"FederalCouncilProposal":null,"FederalCouncilProposalText":null,"FederalCouncilProposalDate":null,"SubmittedBy":"Gr\u00fcne Fraktion","BusinessStatus":229,"BusinessStatusText":"Erledigt","BusinessStatusDate":"\/Date(1695732776000)\/","ResponsibleDepartment":4,"ResponsibleDepartmentName":"Departement des Innern","ResponsibleDepartmentAbbreviation":"EDI","IsLeadingDepartment":true,"Tags":"28|1236|2836","Category":"IV","Modified":"\/Date(1711489682943)\/","SubmissionDate":"\/Date(1669680000000)\/","SubmissionCouncil":1,"SubmissionCouncilName":"Nationalrat","SubmissionCouncilAbbreviation":"NR","SubmissionSession":5117,"SubmissionLegislativePeriod":51,"FirstCouncil1":1,"FirstCouncil1Name":"Nationalrat","FirstCouncil1Abbreviation":"NR","FirstCouncil2":null,"FirstCouncil2Name":null,"FirstCouncil2Abbreviation":null,"TagNames":"Soziale Fragen|Menschenrechte|Sozialer Schutz"}}