{"d":{"__metadata":{"id":"https://ws.parlament.ch/OData.svc/Business(ID=20220484,Language='FR')","uri":"https://ws.parlament.ch/OData.svc/Business(ID=20220484,Language='FR')","type":"itsystems.Pd.DataServices.DataModel.Business"},"BusinessResponsibilities":{"__deferred":{"uri":"https://ws.parlament.ch/OData.svc/Business(ID=20220484,Language='FR')/BusinessResponsibilities"}},"RelatedBusinesses":{"__deferred":{"uri":"https://ws.parlament.ch/OData.svc/Business(ID=20220484,Language='FR')/RelatedBusinesses"}},"BusinessRoles":{"__deferred":{"uri":"https://ws.parlament.ch/OData.svc/Business(ID=20220484,Language='FR')/BusinessRoles"}},"Publications":{"__deferred":{"uri":"https://ws.parlament.ch/OData.svc/Business(ID=20220484,Language='FR')/Publications"}},"LegislativePeriods":{"__deferred":{"uri":"https://ws.parlament.ch/OData.svc/Business(ID=20220484,Language='FR')/LegislativePeriods"}},"Sessions":{"__deferred":{"uri":"https://ws.parlament.ch/OData.svc/Business(ID=20220484,Language='FR')/Sessions"}},"Preconsultations":{"__deferred":{"uri":"https://ws.parlament.ch/OData.svc/Business(ID=20220484,Language='FR')/Preconsultations"}},"Bills":{"__deferred":{"uri":"https://ws.parlament.ch/OData.svc/Business(ID=20220484,Language='FR')/Bills"}},"Councils":{"__deferred":{"uri":"https://ws.parlament.ch/OData.svc/Business(ID=20220484,Language='FR')/Councils"}},"BusinessTypes":{"__deferred":{"uri":"https://ws.parlament.ch/OData.svc/Business(ID=20220484,Language='FR')/BusinessTypes"}},"Votes":{"__deferred":{"uri":"https://ws.parlament.ch/OData.svc/Business(ID=20220484,Language='FR')/Votes"}},"SubjectsBusiness":{"__deferred":{"uri":"https://ws.parlament.ch/OData.svc/Business(ID=20220484,Language='FR')/SubjectsBusiness"}},"BusinessStates":{"__deferred":{"uri":"https://ws.parlament.ch/OData.svc/Business(ID=20220484,Language='FR')/BusinessStates"}},"Council":{"__deferred":{"uri":"https://ws.parlament.ch/OData.svc/Business(ID=20220484,Language='FR')/Council"}},"Transcripts":{"__deferred":{"uri":"https://ws.parlament.ch/OData.svc/Business(ID=20220484,Language='FR')/Transcripts"}},"ID":20220484,"Language":"FR","BusinessShortNumber":"22.484","BusinessType":4,"BusinessTypeName":"Initiative parlementaire","BusinessTypeAbbreviation":"Iv. pa.","Title":"Prot\u00e9ger les enfants de la pauvret\u00e9","Description":null,"InitialSituation":null,"Proceedings":null,"DraftText":null,"SubmittedText":"<p>Une base l\u00e9gale sera cr\u00e9\u00e9e qui permet de lutter contre la pauvret\u00e9 infantile et de la pr\u00e9venir dans toute la Suisse gr\u00e2ce \u00e0 un syst\u00e8me de soutien qui assure la couverture des besoins vitaux des enfants pauvres. On peut concevoir un syst\u00e8me sur le mod\u00e8le de celui des prestations compl\u00e9mentaires \u00e0 l'AVS et \u00e0 l'AI. Le droit aux prestations de soutien s'\u00e9teindra d\u00e8s que les enfants ou les jeunes adultes auront termin\u00e9 leur formation ou leurs \u00e9tudes.</p>","ReasonText":"<p>Selon l'Office f\u00e9d\u00e9ral de la statistique (OFS), quelque 722 000 personnes, soit 8,5\u00a0% de la population, sont touch\u00e9es par la pauvret\u00e9 en Suisse et plus de 1,3 million de personnes, soit 15,4\u00a0% de la population, en sont menac\u00e9es. Selon l'UNICEF, 19\u00a0% des enfants risquent de tomber dans la pauvret\u00e9, soit un enfant sur cinq. La pand\u00e9mie de COVID-19 a encore accentu\u00e9 ce probl\u00e8me. Selon l'OFS, le nombre de personnes en situation de pauvret\u00e9 augmente constamment depuis 2014. Il s'agit d'une triste r\u00e9alit\u00e9, indigne d'un pays riche comme la Suisse.</p><p>La pauvret\u00e9 des enfants et celle de leurs familles ont de lourdes cons\u00e9quences sur divers aspects de leur existence. Ainsi, il est empiriquement prouv\u00e9 que, m\u00eame en Suisse, les enfants issus de familles d\u00e9favoris\u00e9es ne peuvent pratiquement pas b\u00e9n\u00e9ficier de la prosp\u00e9rit\u00e9 de la soci\u00e9t\u00e9. La pauvret\u00e9 infantile est souvent li\u00e9e \u00e0 un environnement pauvre en infrastructures, \u00e0 des logements exigus, \u00e0 une alimentation malsaine, \u00e0 un encadrement \u00e9ducatif de moindre qualit\u00e9 et \u00e0 des difficult\u00e9s \u00e0 cr\u00e9er ou \u00e0 maintenir des contacts sociaux. La Suisse a ratifi\u00e9 la Convention de l'ONU relative aux droits de l'enfant. \u00c0 ce titre, elle est tenue de faire en sorte que tous les enfants b\u00e9n\u00e9ficient d'une prise en charge compl\u00e8te, d'un acc\u00e8s \u00e0 l'\u00e9ducation, au repos et aux loisirs, d'un \u00e9tat de bien-\u00eatre et d'une libre participation \u00e0 la vie culturelle et artistique. De plus, la pauvret\u00e9 est souvent source de stigmatisation et de honte. Dans de nombreux cas, la pauvret\u00e9 entra\u00eene l'exclusion sociale, en entravant, par exemple, l'acc\u00e8s au march\u00e9 du travail. Il s'agit souvent d'un \u00e9tat durable qui peut m\u00eame se transmettre d'une g\u00e9n\u00e9ration \u00e0 l'autre. Les enfants repr\u00e9sentent un risque de pauvret\u00e9 important pour leurs parents. Ils sont particuli\u00e8rement souvent touch\u00e9s par la pauvret\u00e9 et pr\u00e9sentent un risque nettement plus \u00e9lev\u00e9 de rester pauvres une fois adulte, et ce, sans qu'ils soient responsables de leur situation. Au nom du principe de l'\u00e9galit\u00e9 des chances, la Convention de l'ONU relative aux droits de l'enfant pr\u00e9voit que les \u00c9tats signataires doivent faire en sorte que les enfants b\u00e9n\u00e9ficient d'un niveau de vie suffisant pour assurer leur d\u00e9veloppement, dans la mesure o\u00f9 cette t\u00e2che ne peut \u00eatre pleinement assum\u00e9e par les parents (art. 27).</p><p>Le syst\u00e8me des prestations compl\u00e9mentaires \u00e0 l'AVS et l'AI a fait ses preuves. Il pourrait \u00e9galement \u00eatre mis en oeuvre pour lutter contre la pauvret\u00e9 infantile et pour garantir aux enfants une \u00e9ducation convenable. Le canton de Soleure a d\u00e9j\u00e0 instaur\u00e9 un tel syst\u00e8me avec succ\u00e8s. Les prestations accord\u00e9es sous condition de ressources permettent de faire en sorte que l'aide b\u00e9n\u00e9ficie pr\u00e9cis\u00e9ment aux personnes qui en ont besoin. Cette solution efficace devra \u00eatre appliqu\u00e9e dans tout le pays. Ainsi, la Suisse mettra en place un syst\u00e8me effectif de protection contre la pauvret\u00e9 des enfants au niveau national, ce \u00e0 quoi elle s'est engag\u00e9e en ratifiant la Convention relative aux droits de l'enfant. Les enfants n\u00e9s dans une famille modeste ne sont pas responsables de leur condition. Le hasard de la naissance ne doit pas compromettre les chances de r\u00e9ussite dans la vie.</p>","DocumentationText":null,"MotionText":null,"FederalCouncilResponseText":null,"FederalCouncilProposal":null,"FederalCouncilProposalText":null,"FederalCouncilProposalDate":null,"SubmittedBy":"Groupe des VERT-E-S","BusinessStatus":229,"BusinessStatusText":"Liquid\u00e9","BusinessStatusDate":"\/Date(1695732776000)\/","ResponsibleDepartment":4,"ResponsibleDepartmentName":"D\u00e9partement de l'int\u00e9rieur","ResponsibleDepartmentAbbreviation":"DFI","IsLeadingDepartment":true,"Tags":"28|1236|2836","Category":"IV","Modified":"\/Date(1711489682943)\/","SubmissionDate":"\/Date(1669680000000)\/","SubmissionCouncil":1,"SubmissionCouncilName":"Conseil national","SubmissionCouncilAbbreviation":"CN","SubmissionSession":5117,"SubmissionLegislativePeriod":51,"FirstCouncil1":1,"FirstCouncil1Name":"Conseil national","FirstCouncil1Abbreviation":"CN","FirstCouncil2":null,"FirstCouncil2Name":null,"FirstCouncil2Abbreviation":null,"TagNames":"Questions sociales|Droits de l'homme|Protection sociale"}}