{"d":{"__metadata":{"id":"https://ws.parlament.ch/OData.svc/Business(ID=20220484,Language='IT')","uri":"https://ws.parlament.ch/OData.svc/Business(ID=20220484,Language='IT')","type":"itsystems.Pd.DataServices.DataModel.Business"},"BusinessResponsibilities":{"__deferred":{"uri":"https://ws.parlament.ch/OData.svc/Business(ID=20220484,Language='IT')/BusinessResponsibilities"}},"RelatedBusinesses":{"__deferred":{"uri":"https://ws.parlament.ch/OData.svc/Business(ID=20220484,Language='IT')/RelatedBusinesses"}},"BusinessRoles":{"__deferred":{"uri":"https://ws.parlament.ch/OData.svc/Business(ID=20220484,Language='IT')/BusinessRoles"}},"Publications":{"__deferred":{"uri":"https://ws.parlament.ch/OData.svc/Business(ID=20220484,Language='IT')/Publications"}},"LegislativePeriods":{"__deferred":{"uri":"https://ws.parlament.ch/OData.svc/Business(ID=20220484,Language='IT')/LegislativePeriods"}},"Sessions":{"__deferred":{"uri":"https://ws.parlament.ch/OData.svc/Business(ID=20220484,Language='IT')/Sessions"}},"Preconsultations":{"__deferred":{"uri":"https://ws.parlament.ch/OData.svc/Business(ID=20220484,Language='IT')/Preconsultations"}},"Bills":{"__deferred":{"uri":"https://ws.parlament.ch/OData.svc/Business(ID=20220484,Language='IT')/Bills"}},"Councils":{"__deferred":{"uri":"https://ws.parlament.ch/OData.svc/Business(ID=20220484,Language='IT')/Councils"}},"BusinessTypes":{"__deferred":{"uri":"https://ws.parlament.ch/OData.svc/Business(ID=20220484,Language='IT')/BusinessTypes"}},"Votes":{"__deferred":{"uri":"https://ws.parlament.ch/OData.svc/Business(ID=20220484,Language='IT')/Votes"}},"SubjectsBusiness":{"__deferred":{"uri":"https://ws.parlament.ch/OData.svc/Business(ID=20220484,Language='IT')/SubjectsBusiness"}},"BusinessStates":{"__deferred":{"uri":"https://ws.parlament.ch/OData.svc/Business(ID=20220484,Language='IT')/BusinessStates"}},"Council":{"__deferred":{"uri":"https://ws.parlament.ch/OData.svc/Business(ID=20220484,Language='IT')/Council"}},"Transcripts":{"__deferred":{"uri":"https://ws.parlament.ch/OData.svc/Business(ID=20220484,Language='IT')/Transcripts"}},"ID":20220484,"Language":"IT","BusinessShortNumber":"22.484","BusinessType":4,"BusinessTypeName":"Iniziativa parlamentare","BusinessTypeAbbreviation":"Iv. pa.","Title":"Proteggere i bambini dalla povert\u00e0","Description":null,"InitialSituation":null,"Proceedings":null,"DraftText":null,"SubmittedText":"<p>Occorre creare una base legale che combatta e impedisca a livello nazionale la povert\u00e0 dei bambini mediante un modello di sostegno volto a garantire il loro sostentamento. \u00c8 immaginabile un modello analogo alle prestazioni complementari all'AVS a all'AI. Il diritto alla prestazione dovr\u00e0 terminare non appena i minori e i giovani adulti avranno concluso la loro formazione o lo studio. </p>","ReasonText":"<p>In Svizzera circa l'8,5 per cento, ossia 722 000 persone (UST), \u00e8 colpito da povert\u00e0 e il 15,4 per cento, ossia oltre 1,3 milioni di persone, ne \u00e8 minacciato (UST). Secondo l'UNICEF il 19 per cento, ossia un bambino su 5, \u00e8 esposto al rischio di povert\u00e0. La pandemia di Corona ha ulteriormente accentuato questo problema e dal 2014 il numero di persone costrette a vivere in povert\u00e0 aumenta in modo costante (UST): una triste realt\u00e0, che non \u00e8 degna di un Paese ricco come la Svizzera. </p><p>La povert\u00e0 dei bambini o delle rispettive famiglie comporta conseguenze di ampia portata in differenti settori della vita. \u00c8 provato empiricamente che anche in Svizzera i bambini provenienti da famiglie indigenti non possono di fatto partecipare al benessere della societ\u00e0. Spesso la povert\u00e0 dei bambini \u00e8 associata a un contesto abitativo caratterizzato da un'infrastruttura ridotta, uno spazio abitativo limitato, un'alimentazione malsana, pochi aiuti per l'istruzione e difficolt\u00e0 a instaurare e mantenere contatti sociali. Tuttavia, ratificando la Convenzione dell'ONU sui diritti del fanciullo, la Svizzera sarebbe tenuta a fornire a tutti i bambini, tra le altre cose, un sostegno completo e a consentire loro una formazione, benessere, riposo e tempo libero, come pure la libera partecipazione alla vita culturale e artistica. L'indigenza, inoltre, provoca spesso stigmatizzazione e vergogna. In numerosi casi questa penalizzazione comporta l'esclusione sociale (rendendo per esempio molto pi\u00f9 difficile assumere un primo impiego) con una cronicizzazione o addirittura l'ereditariet\u00e0 della situazione di povert\u00e0. In altre parole i bambini costituiscono un importante rischio di povert\u00e0, sono molto spesso colpiti da indigenza e presentano un rischio molto pi\u00f9 elevato di trascinare la povert\u00e0 nell'et\u00e0 adulta o addirittura di trasmetterla alla generazione successiva, senza averne colpa. Tuttavia la Convenzione dell'ONU sui diritti del fanciullo \u00e8 vincolante per gli Stati in virt\u00f9 del principio della parit\u00e0 delle opportunit\u00e0 che mira a garantire le condizioni di vita necessarie, nella misura in cui questo compito non possa essere interamente attuato dai genitori (art. 27 della Convenzione sui diritti del fanciullo). </p><p>Il modello collaudato delle prestazioni complementari per l'AVS e l'AI potrebbe essere impiegato anche contro la povert\u00e0 dei bambini. In tal modo i bambini sono protetti dalla povert\u00e0 grazie a prestazioni garantite e pu\u00f2 essere garantita una formazione appropriata. Nel Cantone di Soletta questo modello \u00e8 gi\u00e0 messo in atto con successo e va a tutto vantaggio di coloro che ne hanno realmente bisogno. Questa efficace soluzione dovrebbe essere implementata a livello svizzero, affinch\u00e9 vi sia una protezione nazionale contro la povert\u00e0 dei bambini a cui la Svizzera si \u00e8 impegnata ratificando la Convenzione dell'ONU sui diritti del fanciullo. </p><p>Un bambino non ha colpa se nasce in una famiglia indigente e di conseguenza non deve crescere con minori opportunit\u00e0. </p>","DocumentationText":null,"MotionText":null,"FederalCouncilResponseText":null,"FederalCouncilProposal":null,"FederalCouncilProposalText":null,"FederalCouncilProposalDate":null,"SubmittedBy":"Gruppo dei Verdi","BusinessStatus":229,"BusinessStatusText":"Liquidato","BusinessStatusDate":"\/Date(1695732776000)\/","ResponsibleDepartment":4,"ResponsibleDepartmentName":"Dipartimento dell'interno","ResponsibleDepartmentAbbreviation":"DFI","IsLeadingDepartment":true,"Tags":"28|1236|2836","Category":"IV","Modified":"\/Date(1711489682943)\/","SubmissionDate":"\/Date(1669680000000)\/","SubmissionCouncil":1,"SubmissionCouncilName":"Consiglio nazionale","SubmissionCouncilAbbreviation":"CN","SubmissionSession":5117,"SubmissionLegislativePeriod":51,"FirstCouncil1":1,"FirstCouncil1Name":"Consiglio nazionale","FirstCouncil1Abbreviation":"CN","FirstCouncil2":null,"FirstCouncil2Name":null,"FirstCouncil2Abbreviation":null,"TagNames":"Questioni sociali|Diritti umani|Protezione sociale"}}