{"d":{"__metadata":{"id":"https://ws.parlament.ch/OData.svc/Business(ID=20230001,Language='FR')","uri":"https://ws.parlament.ch/OData.svc/Business(ID=20230001,Language='FR')","type":"itsystems.Pd.DataServices.DataModel.Business"},"BusinessResponsibilities":{"__deferred":{"uri":"https://ws.parlament.ch/OData.svc/Business(ID=20230001,Language='FR')/BusinessResponsibilities"}},"RelatedBusinesses":{"__deferred":{"uri":"https://ws.parlament.ch/OData.svc/Business(ID=20230001,Language='FR')/RelatedBusinesses"}},"BusinessRoles":{"__deferred":{"uri":"https://ws.parlament.ch/OData.svc/Business(ID=20230001,Language='FR')/BusinessRoles"}},"Publications":{"__deferred":{"uri":"https://ws.parlament.ch/OData.svc/Business(ID=20230001,Language='FR')/Publications"}},"LegislativePeriods":{"__deferred":{"uri":"https://ws.parlament.ch/OData.svc/Business(ID=20230001,Language='FR')/LegislativePeriods"}},"Sessions":{"__deferred":{"uri":"https://ws.parlament.ch/OData.svc/Business(ID=20230001,Language='FR')/Sessions"}},"Preconsultations":{"__deferred":{"uri":"https://ws.parlament.ch/OData.svc/Business(ID=20230001,Language='FR')/Preconsultations"}},"Bills":{"__deferred":{"uri":"https://ws.parlament.ch/OData.svc/Business(ID=20230001,Language='FR')/Bills"}},"Councils":{"__deferred":{"uri":"https://ws.parlament.ch/OData.svc/Business(ID=20230001,Language='FR')/Councils"}},"BusinessTypes":{"__deferred":{"uri":"https://ws.parlament.ch/OData.svc/Business(ID=20230001,Language='FR')/BusinessTypes"}},"Votes":{"__deferred":{"uri":"https://ws.parlament.ch/OData.svc/Business(ID=20230001,Language='FR')/Votes"}},"SubjectsBusiness":{"__deferred":{"uri":"https://ws.parlament.ch/OData.svc/Business(ID=20230001,Language='FR')/SubjectsBusiness"}},"BusinessStates":{"__deferred":{"uri":"https://ws.parlament.ch/OData.svc/Business(ID=20230001,Language='FR')/BusinessStates"}},"Council":{"__deferred":{"uri":"https://ws.parlament.ch/OData.svc/Business(ID=20230001,Language='FR')/Council"}},"Transcripts":{"__deferred":{"uri":"https://ws.parlament.ch/OData.svc/Business(ID=20230001,Language='FR')/Transcripts"}},"ID":20230001,"Language":"FR","BusinessShortNumber":"23.001","BusinessType":1,"BusinessTypeName":"Objet du Conseil f\u00e9d\u00e9ral","BusinessTypeAbbreviation":"OCF","Title":"Rapport de gestion du Conseil f\u00e9d\u00e9ral 2022","Description":"Rapport du Conseil f\u00e9d\u00e9ral sur sa gestion en 2022 du 15 f\u00e9vrier 2023","InitialSituation":"<p><b>Communiqu\u00e9 de presse du Conseil f\u00e9d\u00e9ral du 08.03.2022</b></p><p><b>Le rapport de gestion 2022 du Conseil f\u00e9d\u00e9ral est adopt\u00e9</b></p><p><b>Le Conseil f\u00e9d\u00e9ral a adopt\u00e9 son rapport de gestion 2022 le 15 f\u00e9vrier 2023. En 2022, plus de 160 objets en lien avec la guerre en Ukraine et ses cons\u00e9quences ainsi qu'avec la pand\u00e9mie de COVID-19 ont \u00e9t\u00e9 adopt\u00e9s. D'autres objets n'ont parfois pas pu avancer comme pr\u00e9vu en raison de ces crises.</b></p><p>La guerre en Ukraine et ses cons\u00e9quences ont beaucoup occup\u00e9 le Conseil f\u00e9d\u00e9ral, qui a d\u00fb se consacrer en 2022 \u00e0 des questions de politique ext\u00e9rieure et d'aide humanitaire pour l'Ukraine, mais aussi \u00e0 d'autres sujets de politique ext\u00e9rieure, de s\u00e9curit\u00e9, de migration, d'approvisionnement en gaz et en \u00e9nergie ainsi qu'\u00e0 des sanctions. La pand\u00e9mie de COVID-19 est \u00e9galement rest\u00e9e un sujet important pour le Conseil f\u00e9d\u00e9ral. A elles seules, ces deux crises mondiales ont conduit l'an dernier \u00e0 l'adoption de plus de 160 objets, pr\u00e9sent\u00e9s dans deux chapitres sp\u00e9ciaux du rapport de gestion.Autre point fort de l'ann\u00e9e 2022, les relations entre la Suisse et l'Union europ\u00e9enne. Des entretiens exploratoires ont \u00e9t\u00e9 engag\u00e9s et un terrain d'entente a \u00e9t\u00e9 trouv\u00e9 en ce qui concerne l'approche par paquets propos\u00e9e par le Conseil f\u00e9d\u00e9ral en vue de nouveaux accords \u00e9ventuels. Mais sur d'autres aspects en suspens, il faudra encore op\u00e9rer un rapprochement avant de se lancer dans des n\u00e9gociations.Par ailleurs, les points forts de l'ann\u00e9e \u00e9coul\u00e9e comprennent notamment les strat\u00e9gies suivantes\u00a0: la strat\u00e9gie Suisse num\u00e9rique, la strat\u00e9gie pour le d\u00e9veloppement de la qualit\u00e9 dans l'assurance-maladie et la strat\u00e9gie Am\u00e9riques 2022-2025.2022 est la troisi\u00e8me ann\u00e9e de la l\u00e9gislature 2019 \u00e0 2023. Les mesures pour l'ann\u00e9e sous revue s'articulent autour de trois lignes directrices que le Conseil f\u00e9d\u00e9ral s'est fix\u00e9es pour la pr\u00e9sente l\u00e9gislature\u00a0:</p><p>1) la Suisse assure sa prosp\u00e9rit\u00e9 et saisit les chances qu'offrent le num\u00e9rique et le d\u00e9veloppement durable,2) la Suisse soutient la coh\u00e9sion nationale et oeuvre au renforcement de la coop\u00e9ration internationale,3) la Suisse assure la s\u00e9curit\u00e9, s'engage pour la protection du climat et des ressources naturelles et agit en partenaire fiable sur le plan international.</p><p>Ces trois lignes directrices sont subdivis\u00e9es en 18 objectifs qui regroupent un total de 120 objets pour l'ann\u00e9e \u00e9coul\u00e9e. Le Conseil f\u00e9d\u00e9ral en a mis en oeuvre 68. La guerre en Ukraine et ses cons\u00e9quences l'ayant fortement mobilis\u00e9, il n'a pas pu faire avancer tous les dossiers aussi loin que pr\u00e9vu.Dans son rapport de gestion, le Conseil f\u00e9d\u00e9ral informe chaque ann\u00e9e sur la r\u00e9alisation de ses objectifs et sur la mise en oeuvre des objets correspondants. Il expose \u00e9galement les \u00e9carts par rapport aux objectifs et les principaux objets non planifi\u00e9s, dont il pr\u00e9cise les motifs. Il reporte souvent sur les objectifs de l'ann\u00e9e suivante les mesures qu'il n'a pas, ou que partiellement pu r\u00e9aliser au cours de l'ann\u00e9e sous revue.Le rapport de gestion du Conseil f\u00e9d\u00e9ral sera trait\u00e9 par la Commission de gestion du Conseil national et par celle du Conseil des \u00c9tats au printemps 2023. Les deux Chambres du Parlement l'examineront au cours de la session d'\u00e9t\u00e9 2023. Le rapport est publi\u00e9 uniquement en ligne.</p><p></p><p><a href=\"https://www.bk.admin.ch/bk/fr/home/documentation/aide-a-la-conduite-strategique/rapport-de-gestion.html\">Rapport</a></p>","Proceedings":"<p><b>D\u00e9lib\u00e9rations au Conseil des \u00c9tats, 30.05.2023</b></p><p>D\u00e9cision conforme au projet</p><p></p><p><b>D\u00e9lib\u00e9rations au Conseil national, 31.05.2023</b></p><p>Adh\u00e9sion</p>","DraftText":null,"SubmittedText":null,"ReasonText":null,"DocumentationText":null,"MotionText":null,"FederalCouncilResponseText":null,"FederalCouncilProposal":null,"FederalCouncilProposalText":null,"FederalCouncilProposalDate":null,"SubmittedBy":null,"BusinessStatus":229,"BusinessStatusText":"Liquid\u00e9","BusinessStatusDate":"\/Date(1685491200000)\/","ResponsibleDepartment":4,"ResponsibleDepartmentName":"D\u00e9partement de l'int\u00e9rieur","ResponsibleDepartmentAbbreviation":"DFI","IsLeadingDepartment":true,"Tags":"4","Category":"IIIa/IV","Modified":"\/Date(1770753825223)\/","SubmissionDate":"\/Date(1676419200000)\/","SubmissionCouncil":null,"SubmissionCouncilName":null,"SubmissionCouncilAbbreviation":null,"SubmissionSession":5118,"SubmissionLegislativePeriod":51,"FirstCouncil1":2,"FirstCouncil1Name":"Conseil des Etats","FirstCouncil1Abbreviation":"CE","FirstCouncil2":null,"FirstCouncil2Name":null,"FirstCouncil2Abbreviation":null,"TagNames":"Politique d'Etat"}}