{"d":{"__metadata":{"id":"https://ws.parlament.ch/OData.svc/Business(ID=20230027,Language='DE')","uri":"https://ws.parlament.ch/OData.svc/Business(ID=20230027,Language='DE')","type":"itsystems.Pd.DataServices.DataModel.Business"},"BusinessResponsibilities":{"__deferred":{"uri":"https://ws.parlament.ch/OData.svc/Business(ID=20230027,Language='DE')/BusinessResponsibilities"}},"RelatedBusinesses":{"__deferred":{"uri":"https://ws.parlament.ch/OData.svc/Business(ID=20230027,Language='DE')/RelatedBusinesses"}},"BusinessRoles":{"__deferred":{"uri":"https://ws.parlament.ch/OData.svc/Business(ID=20230027,Language='DE')/BusinessRoles"}},"Publications":{"__deferred":{"uri":"https://ws.parlament.ch/OData.svc/Business(ID=20230027,Language='DE')/Publications"}},"LegislativePeriods":{"__deferred":{"uri":"https://ws.parlament.ch/OData.svc/Business(ID=20230027,Language='DE')/LegislativePeriods"}},"Sessions":{"__deferred":{"uri":"https://ws.parlament.ch/OData.svc/Business(ID=20230027,Language='DE')/Sessions"}},"Preconsultations":{"__deferred":{"uri":"https://ws.parlament.ch/OData.svc/Business(ID=20230027,Language='DE')/Preconsultations"}},"Bills":{"__deferred":{"uri":"https://ws.parlament.ch/OData.svc/Business(ID=20230027,Language='DE')/Bills"}},"Councils":{"__deferred":{"uri":"https://ws.parlament.ch/OData.svc/Business(ID=20230027,Language='DE')/Councils"}},"BusinessTypes":{"__deferred":{"uri":"https://ws.parlament.ch/OData.svc/Business(ID=20230027,Language='DE')/BusinessTypes"}},"Votes":{"__deferred":{"uri":"https://ws.parlament.ch/OData.svc/Business(ID=20230027,Language='DE')/Votes"}},"SubjectsBusiness":{"__deferred":{"uri":"https://ws.parlament.ch/OData.svc/Business(ID=20230027,Language='DE')/SubjectsBusiness"}},"BusinessStates":{"__deferred":{"uri":"https://ws.parlament.ch/OData.svc/Business(ID=20230027,Language='DE')/BusinessStates"}},"Council":{"__deferred":{"uri":"https://ws.parlament.ch/OData.svc/Business(ID=20230027,Language='DE')/Council"}},"Transcripts":{"__deferred":{"uri":"https://ws.parlament.ch/OData.svc/Business(ID=20230027,Language='DE')/Transcripts"}},"ID":20230027,"Language":"DE","BusinessShortNumber":"23.027","BusinessType":1,"BusinessTypeName":"Gesch\u00e4ft des Bundesrates","BusinessTypeAbbreviation":"BRG","Title":"BVG. \u00c4nderung (Anlage von Freiz\u00fcgigkeitsgeldern der Auffangeinrichtung)","Description":"Botschaft vom 1. Februar 2023 zur \u00c4nderung des Bundesgesetzes \u00fcber die berufliche Alters-, Hinterlassenen- und Invalidenvorsorge (BVG) (Anlage von Freiz\u00fcgigkeitsgeldern der Auffangeinrichtung)","InitialSituation":"<p><b>Medienmitteilung des Bundesrates vom 01.02.2023</b></p><p><b>Die Auffangeinrichtung soll weiterhin Freiz\u00fcgigkeitsgelder zinslos anlegen k\u00f6nnen</b></p><p><b>Die Auffangeinrichtung BVG soll f\u00fcr weitere vier Jahre Freiz\u00fcgigkeitsgelder bei der Bundestresorerie zinslos anlegen k\u00f6nnen. Der Bundesrat hat an seiner Sitzung vom 1. Februar 2023 eine entsprechende Botschaft zuhanden des Parlamentes verabschiedet.</b></p><p>Bereits im September 2020 hat das Parlament der Auffangeinrichtung f\u00fcr drei Jahre das Recht einger\u00e4umt, bei einer Unterschreitung des Deckungsgrades von 105\u00a0Prozent maximal 10 Milliarden Franken zinslos bei der Bundestresorerie anzulegen. Der Bundesrat schl\u00e4gt vor, diese Regelung um weitere vier Jahre zu verl\u00e4ngern.</p><p>Die Auffangeinrichtung BVG ist eine von den Sozialpartnern getragene Stiftung, die unter anderem die Verpflichtung hat, Freiz\u00fcgigkeitsgelder entgegenzunehmen. Diese stammen von Personen, welche nicht mehr in einer Vorsorgeeinrichtung versichert sind, weil sie kein neues Arbeitsverh\u00e4ltnis angetreten haben.</p><p>Die Auffangeinrichtung muss die H\u00f6he dieser Gelder garantieren. Sie selber legt diese Gelder an den Finanzm\u00e4rkten an. Aufgrund der positiven Zinsen ist dies aktuell m\u00f6glich. Angesichts der hohen Schwankungen an den Finanzm\u00e4rkten und der unsicheren Zinsentwicklung erleichtert es aber ihre Aufgabe, wenn sie diese Gelder bei Bedarf risikolos bei der Bundestresorerie deponieren kann. In der Vernehmlassung hat sich eine deutliche Mehrheit der Teilnehmer f\u00fcr diese Massnahme ausgesprochen.</p>","Proceedings":"<p>SDA-Meldung</p><p><b>Debatte im St\u00e4nderat, 30.05.2023</b></p><p><b>Auffangeinrichtung soll weiter zinslos Gelder anlegen k\u00f6nnen</b></p><p><b>Die Stiftung Auffangeinrichtung der zweiten S\u00e4ule soll w\u00e4hrend weiterer vier Jahre bei Bedarf ein unverzinsliches Konto im Umfang von zehn Milliarden Franken zinslos anlegen k\u00f6nnen. Der St\u00e4nderat hat am Dienstag eine entsprechende Vorlage gutgeheissen.</b></p><p>Die Auffangeinrichtung soll Mittel aus dem Freiz\u00fcgigkeitsbereich zinslos bei der Bundestresorerie anlegen k\u00f6nnen, sofern ihr Deckungsgrad die Schwelle von 105 Prozent unterschreitet, wie es in der Botschaft des Bundesrats ans Parlament heisst. Mit dieser Massnahme soll die Auffangeinrichtung angesichts der hohen Schwankungen an den Finanzm\u00e4rkten und der unsicheren Zinsentwicklung besser abgesichert werden.</p><p>Gegen die Verl\u00e4ngerung stellte sich in der kleinen Kammer niemand. In der Vernehmlassung hatte etwa der Gewerbeverband die Vorlage aufgrund der gestiegenen Zinsen als unn\u00f6tig erachtet.</p><p>Das Parlament verl\u00e4ngerte die Bestimmung im Bundesgesetz \u00fcber die berufliche Alters-, Hinterlassenen- und Invalidenvorsorge bereits im Jahr 2020 um drei Jahre, sie l\u00e4uft im September aus. Damit die Bestimmung ohne Unterbruch bis September 2027 gilt, nahm der St\u00e4nderat eine Dringlichkeitsklausel in die Vorlage auf.</p><p></p><p>SDA-Meldung</p><p><b>Debatte im Nationalrat, 05.06.2023</b></p><p><b>Auffangeinrichtung soll weiter zinslos Gelder anlegen k\u00f6nnen</b></p><p><b>Die Stiftung Auffangeinrichtung der zweiten S\u00e4ule kann w\u00e4hrend weiterer vier Jahre bei Bedarf ein unverzinsliches Konto im Umfang von maximal zehn Milliarden Franken zinslos anlegen. Nach dem St\u00e4nderat hat am Montag auch der Nationalrat eine entsprechende Vorlage gutgeheissen.</b></p><p>Der Entscheid fiel mit 170 zu 0 Stimmen. Die Auffangeinrichtung soll Mittel aus dem Freiz\u00fcgigkeitsbereich zinslos bei der Bundestresorerie anlegen k\u00f6nnen, sofern ihr Deckungsgrad die Schwelle von 105 Prozent unterschreitet. Das sagte Kommissionssprecher Thomas Rechsteiner (Mitte/AI) im Nationalrat.</p><p>Mit dieser Massnahme soll die Auffangeinrichtung angesichts der hohen Schwankungen an den Finanzm\u00e4rkten und der unsicheren Zinsentwicklung besser abgesichert werden.</p><p>Das Parlament verl\u00e4ngerte die Bestimmung im Bundesgesetz \u00fcber die berufliche Alters-, Hinterlassenen- und Invalidenvorsorge bereits im Jahr 2020 um drei Jahre, sie l\u00e4uft im September aus. Damit die Bestimmung ohne Unterbruch bis September 2027 gilt, nahm der St\u00e4nderat eine Dringlichkeitsklausel in die Vorlage auf. \u00dcber diese m\u00fcssen die beiden R\u00e4te noch abstimmen. Das Gesch\u00e4ft geht daher zur\u00fcck an den St\u00e4nderat.</p><p>Nach den Schlussabstimmungen am 18. Juni kann die Verl\u00e4ngerung unmittelbar in Kraft treten - unabh\u00e4ngig von einer unwahrscheinlichen Referendumsabstimmung.</p>","DraftText":null,"SubmittedText":null,"ReasonText":null,"DocumentationText":null,"MotionText":null,"FederalCouncilResponseText":null,"FederalCouncilProposal":null,"FederalCouncilProposalText":null,"FederalCouncilProposalDate":null,"SubmittedBy":null,"BusinessStatus":229,"BusinessStatusText":"Erledigt","BusinessStatusDate":"\/Date(1686873600000)\/","ResponsibleDepartment":4,"ResponsibleDepartmentName":"Departement des Innern","ResponsibleDepartmentAbbreviation":"EDI","IsLeadingDepartment":true,"Tags":"4|24|44|2836","Category":null,"Modified":"\/Date(1770758126100)\/","SubmissionDate":"\/Date(1675209600000)\/","SubmissionCouncil":null,"SubmissionCouncilName":null,"SubmissionCouncilAbbreviation":null,"SubmissionSession":5118,"SubmissionLegislativePeriod":51,"FirstCouncil1":2,"FirstCouncil1Name":"St\u00e4nderat","FirstCouncil1Abbreviation":"SR","FirstCouncil2":null,"FirstCouncil2Name":null,"FirstCouncil2Abbreviation":null,"TagNames":"Staatspolitik|Finanzwesen|Besch\u00e4ftigung und Arbeit|Sozialer Schutz"}}