{"d":{"__metadata":{"id":"https://ws.parlament.ch/OData.svc/Business(ID=20230064,Language='DE')","uri":"https://ws.parlament.ch/OData.svc/Business(ID=20230064,Language='DE')","type":"itsystems.Pd.DataServices.DataModel.Business"},"BusinessResponsibilities":{"__deferred":{"uri":"https://ws.parlament.ch/OData.svc/Business(ID=20230064,Language='DE')/BusinessResponsibilities"}},"RelatedBusinesses":{"__deferred":{"uri":"https://ws.parlament.ch/OData.svc/Business(ID=20230064,Language='DE')/RelatedBusinesses"}},"BusinessRoles":{"__deferred":{"uri":"https://ws.parlament.ch/OData.svc/Business(ID=20230064,Language='DE')/BusinessRoles"}},"Publications":{"__deferred":{"uri":"https://ws.parlament.ch/OData.svc/Business(ID=20230064,Language='DE')/Publications"}},"LegislativePeriods":{"__deferred":{"uri":"https://ws.parlament.ch/OData.svc/Business(ID=20230064,Language='DE')/LegislativePeriods"}},"Sessions":{"__deferred":{"uri":"https://ws.parlament.ch/OData.svc/Business(ID=20230064,Language='DE')/Sessions"}},"Preconsultations":{"__deferred":{"uri":"https://ws.parlament.ch/OData.svc/Business(ID=20230064,Language='DE')/Preconsultations"}},"Bills":{"__deferred":{"uri":"https://ws.parlament.ch/OData.svc/Business(ID=20230064,Language='DE')/Bills"}},"Councils":{"__deferred":{"uri":"https://ws.parlament.ch/OData.svc/Business(ID=20230064,Language='DE')/Councils"}},"BusinessTypes":{"__deferred":{"uri":"https://ws.parlament.ch/OData.svc/Business(ID=20230064,Language='DE')/BusinessTypes"}},"Votes":{"__deferred":{"uri":"https://ws.parlament.ch/OData.svc/Business(ID=20230064,Language='DE')/Votes"}},"SubjectsBusiness":{"__deferred":{"uri":"https://ws.parlament.ch/OData.svc/Business(ID=20230064,Language='DE')/SubjectsBusiness"}},"BusinessStates":{"__deferred":{"uri":"https://ws.parlament.ch/OData.svc/Business(ID=20230064,Language='DE')/BusinessStates"}},"Council":{"__deferred":{"uri":"https://ws.parlament.ch/OData.svc/Business(ID=20230064,Language='DE')/Council"}},"Transcripts":{"__deferred":{"uri":"https://ws.parlament.ch/OData.svc/Business(ID=20230064,Language='DE')/Transcripts"}},"ID":20230064,"Language":"DE","BusinessShortNumber":"23.064","BusinessType":1,"BusinessTypeName":"Gesch\u00e4ft des Bundesrates","BusinessTypeAbbreviation":"BRG","Title":"Kantonsverfassungen der Kantone Bern, Nidwalden und Basel-Stadt","Description":"Botschaft vom 8. November 2023 zur Gew\u00e4hrleistung der ge\u00e4nderten Verfassungen der Kantone Bern, Nidwalden und Basel-Stadt","InitialSituation":"<h2 class=\"Titel_d\"><strong>Medienmitteilung des Bundesrates vom 08.11.2023</strong></h2><p class=\"Standard_d\"><strong>Gew\u00e4hrleistung der ge\u00e4nderten Verfassungen von drei Kantonen</strong></p><p class=\"Standard_d\"><strong>Der Bundesrat beantragt dem Parlament, die ge\u00e4nderten Verfassungen der Kantone Bern, Nidwalden und Basel-Stadt zu gew\u00e4hrleisten. Alle Verfassungs\u00e4nderungen stimmen mit dem Bundesrecht \u00fcberein, wie der Bundesrat in seiner am 8. November 2023 verabschiedeten Botschaft festh\u00e4lt.</strong></p><p class=\"Standard_d\">Die vorliegenden Verfassungs\u00e4nderungen haben zum Gegenstand:</p><p class=\"Standard_d\">im Kanton Bern:</p><ul><li>die Justizreform;</li><li>die Unvereinbarkeiten der Mitglieder des Grossen Rates;</li></ul><p class=\"Standard_d\">im Kanton Nidwalden:</p><ul><li>den Klimaschutz;</li></ul><p class=\"Standard_d\">im Kanton Basel-Stadt:</p><ul><li>den Klimaschutz.</li></ul>","Proceedings":"<h3 class=\"Debatte_sda_linksb\u00fcndig_d\"><strong>Debatte im St\u00e4nderat, 28.02.2024</strong></h3><p class=\"Standard_d\">Beschluss gem\u00e4ss Entwurf</p><p>&nbsp;</p><h3 class=\"Debatte_sda_linksb\u00fcndig_d\"><strong>Debatte im Nationalrat, 14.03.2024</strong></h3><p class=\"Standard_d\">Beschluss gem\u00e4ss Entwurf</p><p>&nbsp;</p>","DraftText":null,"SubmittedText":null,"ReasonText":null,"DocumentationText":null,"MotionText":null,"FederalCouncilResponseText":null,"FederalCouncilProposal":null,"FederalCouncilProposalText":null,"FederalCouncilProposalDate":null,"SubmittedBy":null,"BusinessStatus":229,"BusinessStatusText":"Erledigt","BusinessStatusDate":"\/Date(1710412766000)\/","ResponsibleDepartment":5,"ResponsibleDepartmentName":"Justiz- und Polizeidepartement","ResponsibleDepartmentAbbreviation":"EJPD","IsLeadingDepartment":true,"Tags":"4","Category":"IV","Modified":"\/Date(1763100794937)\/","SubmissionDate":"\/Date(1699401600000)\/","SubmissionCouncil":null,"SubmissionCouncilName":null,"SubmissionCouncilAbbreviation":null,"SubmissionSession":5201,"SubmissionLegislativePeriod":51,"FirstCouncil1":null,"FirstCouncil1Name":null,"FirstCouncil1Abbreviation":null,"FirstCouncil2":null,"FirstCouncil2Name":null,"FirstCouncil2Abbreviation":null,"TagNames":"Staatspolitik"}}