{"d":{"__metadata":{"id":"https://ws.parlament.ch/OData.svc/Business(ID=20230064,Language='FR')","uri":"https://ws.parlament.ch/OData.svc/Business(ID=20230064,Language='FR')","type":"itsystems.Pd.DataServices.DataModel.Business"},"BusinessResponsibilities":{"__deferred":{"uri":"https://ws.parlament.ch/OData.svc/Business(ID=20230064,Language='FR')/BusinessResponsibilities"}},"RelatedBusinesses":{"__deferred":{"uri":"https://ws.parlament.ch/OData.svc/Business(ID=20230064,Language='FR')/RelatedBusinesses"}},"BusinessRoles":{"__deferred":{"uri":"https://ws.parlament.ch/OData.svc/Business(ID=20230064,Language='FR')/BusinessRoles"}},"Publications":{"__deferred":{"uri":"https://ws.parlament.ch/OData.svc/Business(ID=20230064,Language='FR')/Publications"}},"LegislativePeriods":{"__deferred":{"uri":"https://ws.parlament.ch/OData.svc/Business(ID=20230064,Language='FR')/LegislativePeriods"}},"Sessions":{"__deferred":{"uri":"https://ws.parlament.ch/OData.svc/Business(ID=20230064,Language='FR')/Sessions"}},"Preconsultations":{"__deferred":{"uri":"https://ws.parlament.ch/OData.svc/Business(ID=20230064,Language='FR')/Preconsultations"}},"Bills":{"__deferred":{"uri":"https://ws.parlament.ch/OData.svc/Business(ID=20230064,Language='FR')/Bills"}},"Councils":{"__deferred":{"uri":"https://ws.parlament.ch/OData.svc/Business(ID=20230064,Language='FR')/Councils"}},"BusinessTypes":{"__deferred":{"uri":"https://ws.parlament.ch/OData.svc/Business(ID=20230064,Language='FR')/BusinessTypes"}},"Votes":{"__deferred":{"uri":"https://ws.parlament.ch/OData.svc/Business(ID=20230064,Language='FR')/Votes"}},"SubjectsBusiness":{"__deferred":{"uri":"https://ws.parlament.ch/OData.svc/Business(ID=20230064,Language='FR')/SubjectsBusiness"}},"BusinessStates":{"__deferred":{"uri":"https://ws.parlament.ch/OData.svc/Business(ID=20230064,Language='FR')/BusinessStates"}},"Council":{"__deferred":{"uri":"https://ws.parlament.ch/OData.svc/Business(ID=20230064,Language='FR')/Council"}},"Transcripts":{"__deferred":{"uri":"https://ws.parlament.ch/OData.svc/Business(ID=20230064,Language='FR')/Transcripts"}},"ID":20230064,"Language":"FR","BusinessShortNumber":"23.064","BusinessType":1,"BusinessTypeName":"Objet du Conseil f\u00e9d\u00e9ral","BusinessTypeAbbreviation":"OCF","Title":"Constitutions des cantons de Berne, de Nidwald et de B\u00e2le-Ville","Description":"Message du 8 novembre 2023 concernant la garantie des constitutions r\u00e9vis\u00e9es des cantons de Berne, de Nidwald et de B\u00e2le-Ville","InitialSituation":"<h2 class=\"Titel_d\"><strong>Communiqu\u00e9 de presse du Conseil f\u00e9d\u00e9ral du 08.11.2023</strong></h2><p class=\"Standard_d\"><strong>Garantie f\u00e9d\u00e9rale pour trois constitutions cantonales r\u00e9vis\u00e9es</strong></p><p class=\"Standard_d\"><strong>Le Conseil f\u00e9d\u00e9ral propose au Parlement d\u2019accorder la garantie f\u00e9d\u00e9rale aux constitutions r\u00e9vis\u00e9es des cantons de Berne, Nidwald et B\u00e2le-Ville. Il confirme dans son message du 8 novembre 2023 que les modifications constitutionnelles sont conformes au droit f\u00e9d\u00e9ral.</strong></p><p class=\"Standard_d\">Les modifications constitutionnelles en question ont pour objet\u2009:</p><p class=\"Standard_d\">dans le canton de Berne&nbsp;:</p><ul><li>la r\u00e9forme de la justice;</li><li>les incompatibilit\u00e9s applicables aux membres du Grand Conseil&nbsp;;</li></ul><p class=\"Standard_d\">dans le canton de Nidwald&nbsp;:</p><ul><li>la protection du climat&nbsp;;</li></ul><p class=\"Standard_d\">dans le canton de B\u00e2le-Ville&nbsp;:</p><ul><li>la protection du climat.</li></ul>","Proceedings":"<h3 class=\"Debatte_sda_linksb\u00fcndig_d\"><strong>D\u00e9lib\u00e9rations au Conseil des Etats, 28.02.2024</strong></h3><p class=\"Standard_d\">D\u00e9cision &nbsp;conforme au projet</p><p>&nbsp;</p><h3 class=\"Debatte_sda_linksb\u00fcndig_d\"><strong>D\u00e9lib\u00e9rations au Conseil national, 14.03.2024</strong></h3><p class=\"Standard_d\">D\u00e9cision &nbsp;conforme au projet</p>","DraftText":null,"SubmittedText":null,"ReasonText":null,"DocumentationText":null,"MotionText":null,"FederalCouncilResponseText":null,"FederalCouncilProposal":null,"FederalCouncilProposalText":null,"FederalCouncilProposalDate":null,"SubmittedBy":null,"BusinessStatus":229,"BusinessStatusText":"Liquid\u00e9","BusinessStatusDate":"\/Date(1710412766000)\/","ResponsibleDepartment":5,"ResponsibleDepartmentName":"D\u00e9partement de justice et police","ResponsibleDepartmentAbbreviation":"DFJP","IsLeadingDepartment":true,"Tags":"4","Category":"IV","Modified":"\/Date(1763100794937)\/","SubmissionDate":"\/Date(1699401600000)\/","SubmissionCouncil":null,"SubmissionCouncilName":null,"SubmissionCouncilAbbreviation":null,"SubmissionSession":5201,"SubmissionLegislativePeriod":51,"FirstCouncil1":null,"FirstCouncil1Name":null,"FirstCouncil1Abbreviation":null,"FirstCouncil2":null,"FirstCouncil2Name":null,"FirstCouncil2Abbreviation":null,"TagNames":"Politique d'Etat"}}