{"d":{"__metadata":{"id":"https://ws.parlament.ch/OData.svc/Business(ID=20230477,Language='DE')","uri":"https://ws.parlament.ch/OData.svc/Business(ID=20230477,Language='DE')","type":"itsystems.Pd.DataServices.DataModel.Business"},"BusinessResponsibilities":{"__deferred":{"uri":"https://ws.parlament.ch/OData.svc/Business(ID=20230477,Language='DE')/BusinessResponsibilities"}},"RelatedBusinesses":{"__deferred":{"uri":"https://ws.parlament.ch/OData.svc/Business(ID=20230477,Language='DE')/RelatedBusinesses"}},"BusinessRoles":{"__deferred":{"uri":"https://ws.parlament.ch/OData.svc/Business(ID=20230477,Language='DE')/BusinessRoles"}},"Publications":{"__deferred":{"uri":"https://ws.parlament.ch/OData.svc/Business(ID=20230477,Language='DE')/Publications"}},"LegislativePeriods":{"__deferred":{"uri":"https://ws.parlament.ch/OData.svc/Business(ID=20230477,Language='DE')/LegislativePeriods"}},"Sessions":{"__deferred":{"uri":"https://ws.parlament.ch/OData.svc/Business(ID=20230477,Language='DE')/Sessions"}},"Preconsultations":{"__deferred":{"uri":"https://ws.parlament.ch/OData.svc/Business(ID=20230477,Language='DE')/Preconsultations"}},"Bills":{"__deferred":{"uri":"https://ws.parlament.ch/OData.svc/Business(ID=20230477,Language='DE')/Bills"}},"Councils":{"__deferred":{"uri":"https://ws.parlament.ch/OData.svc/Business(ID=20230477,Language='DE')/Councils"}},"BusinessTypes":{"__deferred":{"uri":"https://ws.parlament.ch/OData.svc/Business(ID=20230477,Language='DE')/BusinessTypes"}},"Votes":{"__deferred":{"uri":"https://ws.parlament.ch/OData.svc/Business(ID=20230477,Language='DE')/Votes"}},"SubjectsBusiness":{"__deferred":{"uri":"https://ws.parlament.ch/OData.svc/Business(ID=20230477,Language='DE')/SubjectsBusiness"}},"BusinessStates":{"__deferred":{"uri":"https://ws.parlament.ch/OData.svc/Business(ID=20230477,Language='DE')/BusinessStates"}},"Council":{"__deferred":{"uri":"https://ws.parlament.ch/OData.svc/Business(ID=20230477,Language='DE')/Council"}},"Transcripts":{"__deferred":{"uri":"https://ws.parlament.ch/OData.svc/Business(ID=20230477,Language='DE')/Transcripts"}},"ID":20230477,"Language":"DE","BusinessShortNumber":"23.477","BusinessType":4,"BusinessTypeName":"Parlamentarische Initiative","BusinessTypeAbbreviation":"Pa. Iv.","Title":"Solidarb\u00fcrgschaften zugunsten des Autoverlads","Description":null,"InitialSituation":"<h2 class=\"Titel_d\"><strong>Medienmitteilung der Kommission f\u00fcr Verkehr und Fernmeldewesen&nbsp;des Nationalrates vom 12.02.2025</strong></h2><p class=\"Standard_d\"><strong>Die Kommission f\u00fcr Verkehr und Fernmeldewesen des Nationalrates (KVF-N) hat ihren Erlassentwurf, mit welchem sie eine Ausdehnung des im regionalen Personenverkehr (RPV) zur Anwendung kommenden Instruments der Solidarb\u00fcrgschaften auf den Autoverlad vorschl\u00e4gt, definitiv angenommen.</strong></p><p class=\"Standard_d\">In Erf\u00fcllung der parlamentarischen Initiative <strong>Solidarb\u00fcrgschaften zugunsten des Autoverlads (</strong><a href=\"https://www.parlament.ch/de/ratsbetrieb/suche-curia-vista/geschaeft?AffairId=20230477\"><strong>23.477</strong></a><strong>)</strong> hatte die Kommission eine Vorlage ausgearbeitet, mit welcher das im regionalen Personenverkehr (RPV) zur Anwendung kommende Instrument der Solidarb\u00fcrgschaften auf den Autoverlad ausgedehnt werden soll. Auf diese Weise soll den Transportunternehmen eine tiefere Zinsbelastung bei der Finanzierung von Betriebsmitteln erm\u00f6glicht werden und damit f\u00fcr den Besteller tiefere Abgeltungen. Gest\u00fctzt auf die Kenntnisnahme der Vernehmlassungsergebnisse hat die Kommission die Entw\u00fcrfe mit 15 zu 6 Stimmen (<i>Entwurf 1 betr. MinVG</i>) respektive mit 15 zu 8 Stimmen (<i>Entwurf 2 betr. Bundesbeschluss \u00fcber eine Erweiterung der Verwendung des B\u00fcrgschafts-Rahmenkredits</i>) in der Gesamtabstimmung angenommen.&nbsp;</p><p>&nbsp;</p><h2 class=\"Titel_d\"><strong>Medienmitteilung des Bundesrates vom 09.04.2025</strong></h2><p class=\"Standard_d\"><strong>Bundesrat bef\u00fcrwortet Solidarb\u00fcrgschaft f\u00fcr Autoverlade</strong></p><p class=\"Standard_d\">Subventionierte Autoverlade sollen bei der Kapitalbeschaffung f\u00fcr den Kauf von Rollmaterial k\u00fcnftig von einer B\u00fcrgschaft des Bundes profitieren k\u00f6nnen. Das hat der Bundesrat an seiner Sitzung vom 9. April 2025 entschieden. Er unterst\u00fctzt damit eine Parlamentarische Initiative der nationalr\u00e4tlichen Verkehrskommission und stimmt den entsprechenden Gesetzes\u00e4nderungen zu.</p><p class=\"Standard_d\">Bereits heute k\u00f6nnen Unternehmen des abgeltungsberechtigten Regionalen Personenverkehrs (RPV) bei der Beschaffung von Rollmaterial und Betriebsmitteln eine Solidarb\u00fcrgschaft des Bundes in Anspruch nehmen. Neu soll diese M\u00f6glichkeit auch f\u00fcr die subventionierten Autoverlade gelten. Dies verlangt eine Parlamentarische Initiative der Kommission f\u00fcr Verkehr und Fernmeldewesen des Nationalrats (23.477). An seiner Sitzung vom 9. April 2025 hat der Bundesrat den daf\u00fcr n\u00f6tigen Gesetzesanpassungen zugestimmt. Die Vorlage geht nun ins Parlament.</p><p class=\"Standard_d\"><br>Tiefere Zinsen dank Bundesb\u00fcrgschaft</p><p class=\"Standard_d\">Dank der Bundesb\u00fcrgschaft reduzieren sich f\u00fcr die Transportunternehmen die Zinsen f\u00fcr Kredite auf dem Kapitalmarkt. F\u00fcr den Bund als Besteller wiederum sinken dadurch die Betriebsabgeltungen. Die Kosten und der Subventionsbedarf k\u00f6nnen somit reduziert werden, was den Bundeshaushalt entlastet. Da Bundesb\u00fcrgschaften gem\u00e4ss Subventionsgesetz als Finanzhilfen gelten, k\u00f6nnen sie nur dort gew\u00e4hrt werden, wo der Bund Leistungen bestellt und bezahlt. Autoverlade, deren Betrieb kostendeckend ist, k\u00f6nnen keine Solidarb\u00fcrgschaft in Anspruch nehmen.</p><p class=\"Standard_d\">In der Schweiz gibt es aktuell vier Autoverlade. Die Autoverlade L\u00f6tschberg und Vereina sind heute kostendeckend. Der Autoverlad Furka ist nicht eigenwirtschaftlich, weshalb der Bund Betriebsabgeltungen zahlt. Der Autoverlad am Simplon wird heute vom Kanton Wallis finanziert, soll ab 2026 jedoch vom Bund mitfinanziert werden.</p>","Proceedings":"<p>SDA-Meldung</p><h3 class=\"Debatte_sda_linksb\u00fcndig_d\"><strong>Debatte im Nationalrat, 02.06.2025</strong></h3><p class=\"Standard_d\"><strong>Bund soll f\u00fcr Kredite von Autoverladen b\u00fcrgen</strong><br><strong>Der Bund soll nach dem Willen des Nationalrats Betreiber von Verladestationen k\u00fcnftig mit Solidarb\u00fcrgschaften unterst\u00fctzen k\u00f6nnen. Die grosse Kammer hat einer entsprechenden Vorlage ihrer Verkehrskommission zugestimmt.</strong></p><p class=\"Standard_d\">Der Nationalrat hiess die beiden Bundesbeschl\u00fcsse am Montag deutlich gut, mit 127 zu 58 Stimmen bei zwei Enthaltungen beziehungsweise mit 126 zu 62 Stimmen ohne Enthaltungen. Als N\u00e4chstes muss sich der St\u00e4nderat mit der Sache befassen.</p><p class=\"Standard_d\">Ziel der Neuregelung ist es, dass sich die Autoverlade g\u00fcnstiger Geld leihen k\u00f6nnen bei der Beschaffung von neuem Rollmaterial, da der Bund f\u00fcr die Kredite b\u00fcrgt. Das gleiche Instrument gibt es heute schon f\u00fcr Unternehmen im regionalen Personenverkehr.</p><p class=\"Standard_d\">Der Bundesrat war mit den Gesetzes\u00e4nderungen einverstanden. Auf diese Weise sinke auch der Subventionsbedarf, argumentierte er. Ausgerichtet werden k\u00f6nne die Unterst\u00fctzung aus rechtlichen Gr\u00fcnden mit dem vorliegenden Entwurf aber nur dann, wenn ein Verlad nicht kostendeckend sei, sagte Verkehrsminister Albert R\u00f6sti.</p><p class=\"Standard_d\">Das finanzielle Risiko f\u00fcr den Bund sei gering, sagte Kommissionssprecher Martin Candinas (Mitte/GR). Er rief die Verwaltung auf, bei der Vergabe der Unterst\u00fctzung grossz\u00fcgig zu sein. Eine Beschr\u00e4nkung mache keinen Sinn. Denn die Schweiz habe ein Interesse daran, dass alle Verlade kostendeckend seien.</p><p class=\"Standard_d\">Kritik kam von der SVP. Die Wirkung der Solidarb\u00fcrgschaften sei gering, sagte Christian Imark (SVP/SO). Die jeweiligen Standortkantone k\u00f6nnten die entsprechende Differenz selbst ausgleichen. Heute seien die Abschreibungsfristen f\u00fcr das Rollmaterial zu kurz angesetzt.</p><p>Heute gibt es in der Schweiz vier Autoverlade. Jene am L\u00f6tschberg und am Vereina arbeiten laut Bundesrat kostendeckend. Der Autoverlad Furka ist nicht eigenwirtschaftlich, weshalb der Bund Betriebsabgeltungen zahlt. Der Autoverlad am Simplon wird heute vom Kanton Wallis finanziert, soll ab 2026 jedoch vom Bund mitfinanziert werden.<br>&nbsp;</p><h3 class=\"SDA_Meldung_d\">SDA-Meldung</h3><h3 class=\"Debatte_sda_linksb\u00fcndig_d\"><strong>Debatte im St\u00e4nderat, 16.09.2025</strong></h3><p class=\"Standard_d\"><strong>Bund kann k\u00fcnftig f\u00fcr Kredite von Autoverlad-Betreiberfirmen b\u00fcrgen</strong></p><p class=\"Standard_d\"><strong>Der Bund kann nach dem Willen des Parlaments Betreiber von Verladestationen k\u00fcnftig mit Solidarb\u00fcrgschaften unterst\u00fctzen. Nach dem Nationalrat hat auch der St\u00e4nderat einer entsprechenden Vorlage zugestimmt. Noch offen ist, f\u00fcr wen die neuen Regeln gelten sollen.</strong></p><p class=\"Standard_d\">Die kleine Kammer hiess am Dienstag die beiden Bundesbeschl\u00fcsse deutlich gut, jeweils mit 35 zu 2 Stimmen bei 2 Enthaltungen. Die Vorlage geht mit einer letzten Differenz zur\u00fcck an den Nationalrat.</p><p class=\"Standard_d\">Grunds\u00e4tzlich sind sich die R\u00e4te einig, dass die Betreiberfirmen von Verladestationen f\u00fcr gr\u00f6ssere Erneuerungsprojekte auf vom Bund verb\u00fcrgte Bankkredite m\u00fcssen z\u00e4hlen k\u00f6nnen. Laut Kommissionssprecher Stefan Engler (Mitte/GR) sind Autoverlade unter anderem f\u00fcr die Erreichbarkeit der Bergregionen wichtig.</p><p class=\"Standard_d\">Ziel der Neuregelung ist es, dass sich die Autoverlade g\u00fcnstiger Geld leihen k\u00f6nnen bei der Beschaffung von neuem Rollmaterial, da der Bund f\u00fcr die Kredite b\u00fcrgt. Das gleiche Instrument gibt es heute schon f\u00fcr Unternehmen im regionalen Personenverkehr. Beim Autoverlad k\u00f6nnen Unternehmen aktuell mit Abgeltungen direkt vom Bund unterst\u00fctzt werden.</p><p class=\"Standard_d\">Der Bundesrat war mit den Gesetzes\u00e4nderungen einverstanden. Auf diese Weise sinke auch der Subventionsbedarf, argumentierte er. Ausgerichtet werden k\u00f6nne die Unterst\u00fctzung aus rechtlichen Gr\u00fcnden mit dem Entwurf des Bundesrats aber nur dann, wenn ein Verlad nicht kostendeckend sei, sagte Verkehrsminister Albert R\u00f6sti. Heute ist das nur beim Furka-Verlad der Fall.</p><p class=\"Standard_d\">Das will der St\u00e4nderat \u00e4ndern. Aus seiner Sicht sollen alle vier Verladestationen - also auch jene am L\u00f6tschberg, am Vereina und am Simplon - Zugang zu B\u00fcrgschaften erhalten. Das finanzielle Risiko f\u00fcr den Bund sei gering, so der Tenor. Zudem w\u00fcrden auf diese Weise die betroffenen Firmen in ihrer Eigenwirtschaftlichkeit gest\u00e4rkt.</p><p>&nbsp;</p><p>SDA-Meldung</p><h3 class=\"Debatte_sda_linksb\u00fcndig_d\"><strong>Debatte im Nationalrat, 03.12.2025</strong></h3><p class=\"Standard_d\"><strong>B\u00fcrgschaften gehen an defizit\u00e4ren wie auch rentablen Autoverlad</strong></p><p class=\"Standard_d\"><strong>Alle Schweizer Autoverladestationen sollen dank Bundesb\u00fcrgschaften g\u00fcnstige Kredite f\u00fcr Erneuerungsprojekte bekommen, nicht nur die defizit\u00e4ren. Das haben die eidgen\u00f6ssischen R\u00e4te beschlossen. Der Nationalrat hat sich einem entsprechenden Vorschlag des St\u00e4nderats angeschlossen.</strong></p><p class=\"Standard_d\">Noch im September wollte der Nationalrat nur defizit\u00e4re Stationen von der Neuerung profitieren lassen. Dies mit dem Argument, dass das eidgen\u00f6ssische Subventionsgesetz Bundesb\u00fcrgschaften f\u00fcr eigenwirtschaftliche Betriebe verbietet.</p><p class=\"Standard_d\">Darauf wiesen am Mittwoch auch der Sprecher der Minderheit der vorberatenden Kommission, Matthias Samuel Jauslin (GLP/AG), und Bundesrat Albert R\u00f6sti hin. Die Minderheit der Kommission f\u00fcr Verkehr und Fernmeldewesen des Nationalrats (KVF-N) beantragte, nur defizit\u00e4ren Stationen Bundesb\u00fcrgschaften zu gew\u00e4hren, w\u00e4hrend die Kommissionsmehrheit alle ber\u00fccksichtigen wollte.</p><p class=\"Standard_d\">Ihr Sprecher Martin Candinas (Mitte/GR) sagte, der Vorschlag des St\u00e4nderats, alle Stationen zu ber\u00fccksichtigen, sei sachgerecht. Denn bei allen vier Autoverladestationen st\u00fcnden in den n\u00e4chsten Jahren Erneuerungen an. F\u00fcr viele Randregionen stellten diese Stationen wichtige Anlagen dar, denn sie garantierten deren Erreichbarkeit.</p><p class=\"Standard_d\">Oft handle es sich bei den eigenwirtschaftlich t\u00e4tigen Betrieben um eine \"Scheineigenwirtschaftlichkeit\", so Candinas. Denn nicht immer w\u00fcrden alle Merkmale einer Eigenwirtschaftlichkeit erreicht. Auch verursachten die Bundesb\u00fcrgschaften dem Bund keine direkten Kosten.</p><p class=\"Standard_d\">Mit 113 Ja- zu 72 Nein-Stimmen vor allem aus der SVP-Fraktion entschied sich der Nationalrat schliesslich f\u00fcr die Variante der Mehrheit der vorberatenden Kommission und des St\u00e4nderats. Damit ist die Vorlage bereit f\u00fcr die Schlussabstimmungen am Ende der Wintersession.</p><p class=\"Standard_d\">Die Schweiz verf\u00fcgt \u00fcber vier Autoverladestationen. Kostendeckend arbeiten heute laut Jauslin die Betreiber des Autoverlads am L\u00f6tschberg und an der Vereina.</p><p class=\"Standard_d\">&nbsp;</p><p class=\"Standard_d\">Prinzip auch bei regionalem Personenverkehr</p><p class=\"Standard_d\">Auf die Grundz\u00fcge der Vorlage einigten sich National- und St\u00e4nderat schon im Herbst dieses Jahres. Sie stammt von der KFV-N. Diese will, dass sich die Autoverlad-Betreiber g\u00fcnstiger Geld leihen k\u00f6nnen bei der Beschaffung von neuem Rollmaterial.</p><p class=\"Standard_d\">M\u00f6glich wird dies, da der Bund f\u00fcr die Kredite b\u00fcrgt und dies bei den Kreditgebern f\u00fcr Sicherheit sorgt.</p><p class=\"Standard_d\">Die Kommission argumentierte, ohne Bundesb\u00fcrgschaften f\u00fcr Erneuerungsprojekte m\u00fcssten die Autoverlad-Betreiber allenfalls die Tarife erh\u00f6hen. Das w\u00fcrde f\u00fcr nachteilige R\u00fcckverlagerungseffekte auf die Strasse sorgen. Im regionalen Personenverkehr b\u00fcrge der Bund bereits f\u00fcr Kredite.</p><p class=\"Standard_d\">Dieses System k\u00f6nne man auf den Autoverlad ausweiten. Eine Neuregelung sei auch von Vorteil f\u00fcr die Bundeskasse. Beim Autoverlad k\u00f6nnen Unternehmen aktuell mit Abgeltungen direkt vom Bund unterst\u00fctzt werden.</p>","DraftText":null,"SubmittedText":"<p><span style=\"color:black;\"><strong>Bundesgesetz \u00fcber die Verwendung der zweckgebundenen Mineral\u00f6lsteuer und weiterer f\u00fcr den Strassen- und Luftverkehr zweckgebundener Mittel (MinVG) vom 22. M\u00e4rz 1985</strong></span></p><p>&nbsp;</p><p><span style=\"color:black;\">Art. 18 Abs. 3<sup>bis</sup></span></p><p><span style=\"color:black;\">Bei Investitionen im Verkehrsbereich eines Unternehmens kann der Bund der Gl\u00e4ubigerin eine B\u00fcrgschaft gew\u00e4hren, wenn dies im Interesse der Besteller ist. Das BAV regelt die Form und die Bedingungen der B\u00fcrgschaft im Einzelnen.</span></p>","ReasonText":"<p><span style=\"color:black;\">Im Regionalen Personenverkehr hat das BAV 2018 gem\u00e4ss \u00abBotschaft zum Bundesbeschluss \u00fcber eine Verl\u00e4ngerung des B\u00fcrgschafts-Rahmenkredits f\u00fcr die Beschaffung von Betriebsmitteln im regionalen Personenverkehr\u00bb die Eignung und Wirksamkeit des Instruments Solidarb\u00fcrgschaft durch externe Fachleute untersuchen lassen. Die Solidarb\u00fcrgschaft des Bundes wird von den Fachleuten als wirksames und geeignetes Instrument zur Reduktion der Finanzierungskosten und zur Gleichbehandlung aller Transportunternehmen im </span>regionalen Personenverkehr (RPV)<span style=\"color:black;\"> beurteilt. Die Risiken f\u00fcr den Bund als B\u00fcrgen werden als gering eingesch\u00e4tzt.</span></p><p><span style=\"color:black;\">Analog zur Bundesb\u00fcrgschaft im RPV k\u00f6nnten damit auch die Transportunternehmen im Autoverlad und die \u00f6ffentliche Hand als Bestellerin von RPV-Angeboten Zinskosten sparen. Dies hilft dem Bundeshaushalt gerade in Zeiten von Haushaltsk\u00fcrzungen. Und dies wirkt durch die Fremdfinanzierung erzwungenen Tariferh\u00f6hungen beim Autoverlad-Angebot entgegen, welche f\u00fcr die Schweizer Volkswirtschaft nachteilige R\u00fcckverlagerungseffekte auf die Strasse zur Folge h\u00e4tte.</span></p><p><span style=\"color:black;\">Da f\u00fcr den RPV bereits ein System f\u00fcr die Abwicklung von B\u00fcrgschaftsgesuchen und die Risikopr\u00fcfung erstellt wurde, k\u00f6nnte dieses erweitert werden und der durch den Bundesrat in der Botschaft bef\u00fcrchtete Aufwand h\u00e4lt sich in Grenzen.</span></p>","DocumentationText":null,"MotionText":null,"FederalCouncilResponseText":null,"FederalCouncilProposal":null,"FederalCouncilProposalText":null,"FederalCouncilProposalDate":null,"SubmittedBy":null,"BusinessStatus":229,"BusinessStatusText":"Erledigt","BusinessStatusDate":"\/Date(1766140517000)\/","ResponsibleDepartment":9,"ResponsibleDepartmentName":"Departement f\u00fcr Umwelt, Verkehr, Energie und Kommunikation","ResponsibleDepartmentAbbreviation":"UVEK","IsLeadingDepartment":true,"Tags":"15|24|48","Category":null,"Modified":"\/Date(1787587361417)\/","SubmissionDate":"\/Date(1699833600000)\/","SubmissionCouncil":1,"SubmissionCouncilName":"Nationalrat","SubmissionCouncilAbbreviation":"NR","SubmissionSession":5201,"SubmissionLegislativePeriod":51,"FirstCouncil1":1,"FirstCouncil1Name":"Nationalrat","FirstCouncil1Abbreviation":"NR","FirstCouncil2":null,"FirstCouncil2Name":null,"FirstCouncil2Abbreviation":null,"TagNames":"Wirtschaft|Finanzwesen|Verkehr"}}