{"d":{"__metadata":{"id":"https://ws.parlament.ch/OData.svc/Business(ID=20240002,Language='FR')","uri":"https://ws.parlament.ch/OData.svc/Business(ID=20240002,Language='FR')","type":"itsystems.Pd.DataServices.DataModel.Business"},"BusinessResponsibilities":{"__deferred":{"uri":"https://ws.parlament.ch/OData.svc/Business(ID=20240002,Language='FR')/BusinessResponsibilities"}},"RelatedBusinesses":{"__deferred":{"uri":"https://ws.parlament.ch/OData.svc/Business(ID=20240002,Language='FR')/RelatedBusinesses"}},"BusinessRoles":{"__deferred":{"uri":"https://ws.parlament.ch/OData.svc/Business(ID=20240002,Language='FR')/BusinessRoles"}},"Publications":{"__deferred":{"uri":"https://ws.parlament.ch/OData.svc/Business(ID=20240002,Language='FR')/Publications"}},"LegislativePeriods":{"__deferred":{"uri":"https://ws.parlament.ch/OData.svc/Business(ID=20240002,Language='FR')/LegislativePeriods"}},"Sessions":{"__deferred":{"uri":"https://ws.parlament.ch/OData.svc/Business(ID=20240002,Language='FR')/Sessions"}},"Preconsultations":{"__deferred":{"uri":"https://ws.parlament.ch/OData.svc/Business(ID=20240002,Language='FR')/Preconsultations"}},"Bills":{"__deferred":{"uri":"https://ws.parlament.ch/OData.svc/Business(ID=20240002,Language='FR')/Bills"}},"Councils":{"__deferred":{"uri":"https://ws.parlament.ch/OData.svc/Business(ID=20240002,Language='FR')/Councils"}},"BusinessTypes":{"__deferred":{"uri":"https://ws.parlament.ch/OData.svc/Business(ID=20240002,Language='FR')/BusinessTypes"}},"Votes":{"__deferred":{"uri":"https://ws.parlament.ch/OData.svc/Business(ID=20240002,Language='FR')/Votes"}},"SubjectsBusiness":{"__deferred":{"uri":"https://ws.parlament.ch/OData.svc/Business(ID=20240002,Language='FR')/SubjectsBusiness"}},"BusinessStates":{"__deferred":{"uri":"https://ws.parlament.ch/OData.svc/Business(ID=20240002,Language='FR')/BusinessStates"}},"Council":{"__deferred":{"uri":"https://ws.parlament.ch/OData.svc/Business(ID=20240002,Language='FR')/Council"}},"Transcripts":{"__deferred":{"uri":"https://ws.parlament.ch/OData.svc/Business(ID=20240002,Language='FR')/Transcripts"}},"ID":20240002,"Language":"FR","BusinessShortNumber":"24.002","BusinessType":1,"BusinessTypeName":"Objet du Conseil f\u00e9d\u00e9ral","BusinessTypeAbbreviation":"OCF","Title":"Rapport de gestion 2023 du Tribunal f\u00e9d\u00e9ral","Description":null,"InitialSituation":"<h2 class=\"Titel_d\"><strong>Communiqu\u00e9 de presse commun du Tribunal f\u00e9d\u00e9ral, du Tribunal p\u00e9nal f\u00e9d\u00e9ral, du Tribunal administratif f\u00e9d\u00e9ral et du Tribunal f\u00e9d\u00e9ral des brevets relatif aux rapports de gestion 2023, 12.03.2024</strong></h2><p class=\"Standard_d\"><br><strong>Rapports de gestion des tribunaux de la Conf\u00e9d\u00e9ration</strong><br>Le Tribunal f\u00e9d\u00e9ral, le Tribunal p\u00e9nal f\u00e9d\u00e9ral, le Tribunal administratif f\u00e9d\u00e9ral et le Tribunal f\u00e9d\u00e9ral des brevets ont publi\u00e9 mardi leurs rapports de gestion pour l'ann\u00e9e 2023.&nbsp;</p><p class=\"Standard_d\">Le <strong>Tribunal f\u00e9d\u00e9ral</strong> a poursuivi la r\u00e9organisation interne de ses cours, initi\u00e9e en 2020, en modifiant la r\u00e9partition des mati\u00e8res trait\u00e9es entre les cours et en cr\u00e9ant une deuxi\u00e8me cour de droit p\u00e9nal. La nouvelle organisation a permis de liquider environ 300 cas de plus que l'ann\u00e9e pr\u00e9c\u00e9dente. Le <strong>Tribunal p\u00e9nal f\u00e9d\u00e9ral</strong> a \u00e0 nouveau enregistr\u00e9 une charge de travail importante durant l'exercice intensif \u00e9coul\u00e9, avec une l\u00e9g\u00e8re augmentation globale du nombre de proc\u00e9dures entr\u00e9es; toutes cours confondues, le nombre des affaires liquid\u00e9es a \u00e9t\u00e9 \u00e0 nouveau sup\u00e9rieur \u00e0 celui des affaires introduites. Le <strong>Tribunal administratif f\u00e9d\u00e9ral</strong> a connu une augmentation significative des nouveaux recours. Cette \u00e9volution a contribu\u00e9 notamment \u00e0 multiplier le nombre de proc\u00e9dures pendantes, et ce m\u00eame si le tribunal a pu clore davantage de dossiers. La dur\u00e9e moyenne de proc\u00e9dure de 250 jours a \u00e9t\u00e9 inf\u00e9rieure de plus d'un mois \u00e0 celle de l'ann\u00e9e pr\u00e9c\u00e9dente. Le nombre d'affaires introduites au <strong>Tribunal f\u00e9d\u00e9ral des brevets</strong> a augment\u00e9 par rapport \u00e0 l'ann\u00e9e pr\u00e9c\u00e9dente. Celui-ci a liquid\u00e9 21 proc\u00e9dures ordinaires et 11 proc\u00e9dures sommaires; dans l'ensemble, le nombre des affaires pendantes est rest\u00e9 stable.<br>Vous trouverez davantage de d\u00e9tails sur les rapports de gestion dans les communiqu\u00e9s de presse de chacun des tribunaux.</p><p>&nbsp;</p><p><strong>12.03.2024</strong>&nbsp;<br><a href=\"https://www.bger.ch/files/live/sites/bger/files/pdf/fr/211.2_02_2024_yyyy_mm_dd_T_f_13_43_56.pdf\">Communiqu\u00e9 de presse commun du Tribunal f\u00e9d\u00e9ral, du Tribunal p\u00e9nal f\u00e9d\u00e9ral, du Tribunal administratif f\u00e9d\u00e9ral et du Tribunal f\u00e9d\u00e9ral des brevets relatif aux rapports de gestion 2023</a></p>","Proceedings":"<p><strong>05.06.2024 Conseil national</strong></p><p>D\u00e9cision conforme au projet</p><p>&nbsp;</p><p class=\"Standard_d\"><strong>D\u00e9lib\u00e9rations au Conseil des Etats, 10.06.2024</strong><br>&nbsp;Adh\u00e9sion</p><h2 class=\"Titel_d\">&nbsp;</h2>","DraftText":null,"SubmittedText":null,"ReasonText":null,"DocumentationText":null,"MotionText":null,"FederalCouncilResponseText":null,"FederalCouncilProposal":null,"FederalCouncilProposalText":null,"FederalCouncilProposalDate":null,"SubmittedBy":null,"BusinessStatus":229,"BusinessStatusText":"Liquid\u00e9","BusinessStatusDate":"\/Date(1718033750000)\/","ResponsibleDepartment":1482,"ResponsibleDepartmentName":"Tribunal f\u00e9d\u00e9ral","ResponsibleDepartmentAbbreviation":"Trf\u00e9d","IsLeadingDepartment":true,"Tags":"1221","Category":"IIIa/IV","Modified":"\/Date(1763101986813)\/","SubmissionDate":"\/Date(1689552000000)\/","SubmissionCouncil":null,"SubmissionCouncilName":null,"SubmissionCouncilAbbreviation":null,"SubmissionSession":5122,"SubmissionLegislativePeriod":51,"FirstCouncil1":1,"FirstCouncil1Name":"Conseil national","FirstCouncil1Abbreviation":"CN","FirstCouncil2":2,"FirstCouncil2Name":"Conseil des Etats","FirstCouncil2Abbreviation":"CE","TagNames":"Justice"}}