{"d":{"__metadata":{"id":"https://ws.parlament.ch/OData.svc/Business(ID=20240071,Language='IT')","uri":"https://ws.parlament.ch/OData.svc/Business(ID=20240071,Language='IT')","type":"itsystems.Pd.DataServices.DataModel.Business"},"BusinessResponsibilities":{"__deferred":{"uri":"https://ws.parlament.ch/OData.svc/Business(ID=20240071,Language='IT')/BusinessResponsibilities"}},"RelatedBusinesses":{"__deferred":{"uri":"https://ws.parlament.ch/OData.svc/Business(ID=20240071,Language='IT')/RelatedBusinesses"}},"BusinessRoles":{"__deferred":{"uri":"https://ws.parlament.ch/OData.svc/Business(ID=20240071,Language='IT')/BusinessRoles"}},"Publications":{"__deferred":{"uri":"https://ws.parlament.ch/OData.svc/Business(ID=20240071,Language='IT')/Publications"}},"LegislativePeriods":{"__deferred":{"uri":"https://ws.parlament.ch/OData.svc/Business(ID=20240071,Language='IT')/LegislativePeriods"}},"Sessions":{"__deferred":{"uri":"https://ws.parlament.ch/OData.svc/Business(ID=20240071,Language='IT')/Sessions"}},"Preconsultations":{"__deferred":{"uri":"https://ws.parlament.ch/OData.svc/Business(ID=20240071,Language='IT')/Preconsultations"}},"Bills":{"__deferred":{"uri":"https://ws.parlament.ch/OData.svc/Business(ID=20240071,Language='IT')/Bills"}},"Councils":{"__deferred":{"uri":"https://ws.parlament.ch/OData.svc/Business(ID=20240071,Language='IT')/Councils"}},"BusinessTypes":{"__deferred":{"uri":"https://ws.parlament.ch/OData.svc/Business(ID=20240071,Language='IT')/BusinessTypes"}},"Votes":{"__deferred":{"uri":"https://ws.parlament.ch/OData.svc/Business(ID=20240071,Language='IT')/Votes"}},"SubjectsBusiness":{"__deferred":{"uri":"https://ws.parlament.ch/OData.svc/Business(ID=20240071,Language='IT')/SubjectsBusiness"}},"BusinessStates":{"__deferred":{"uri":"https://ws.parlament.ch/OData.svc/Business(ID=20240071,Language='IT')/BusinessStates"}},"Council":{"__deferred":{"uri":"https://ws.parlament.ch/OData.svc/Business(ID=20240071,Language='IT')/Council"}},"Transcripts":{"__deferred":{"uri":"https://ws.parlament.ch/OData.svc/Business(ID=20240071,Language='IT')/Transcripts"}},"ID":20240071,"Language":"IT","BusinessShortNumber":"24.071","BusinessType":1,"BusinessTypeName":"Oggetto del Consiglio federale","BusinessTypeAbbreviation":"OCF","Title":"Legge federale che vieta Hamas e le organizzazioni associate","Description":"Messaggio del 4 settembre 2024 concernente la legge federale che vieta Hamas e le organizzazioni associate","InitialSituation":"<h2 class=\"Titel_d\"><strong>Comunicato stampa del Consiglio federale del 04.09.2024</strong></h2><h2 class=\"Titel_d\"><strong>Il Consiglio federale adotta il messaggio concernente la legge federale che vieta Hamas</strong></h2><p class=\"Standard_d\"><strong>Nella seduta del 4 settembre 2024 il Consiglio federale ha adottato e trasmesso al Parlamento il messaggio concernente la legge federale che vieta Hamas e le organizzazioni associate. Il divieto sancito dalla legge si applica ad Hamas, alle organizzazioni che succedono ad Hamas o che operano sotto un nome di copertura nonch\u00e9 alle organizzazioni e ai gruppi che operano su mandato o in nome di Hamas. Tali organizzazioni e gruppi sono considerati organizzazioni terroristiche. Chi viola il divieto \u00e8 punito con una pena detentiva o pecuniaria.&nbsp;</strong></p><p class=\"Standard_d\">La legge federale che vieta Hamas e le organizzazioni associate rafforza la sicurezza interna della Svizzera e contribuisce a far rispettare il diritto internazionale pubblico. Fornisce alle autorit\u00e0 federali gli strumenti necessari per procedere contro eventuali attivit\u00e0 di Hamas o il sostegno all'organizzazione in Svizzera.</p><ul><li><p class=\"Standard_d\">Il divieto riduce sia il rischio che Hamas e le organizzazioni associate si servano della Svizzera come luogo di rifugio, sia il pericolo che vengano compiute attivit\u00e0 terroristiche sul territorio svizzero.</p></li><li><p class=\"Standard_d\">Il divieto permette alle autorit\u00e0 di adottare con maggiore facilit\u00e0 ed efficienza misure preventive di polizia quali divieti d'entrata o espulsioni.</p></li><li><p class=\"Standard_d\">Il divieto agevola l'assunzione di prove nei procedimenti penali perch\u00e9 crea chiarezza e maggiore certezza del diritto per le autorit\u00e0 di perseguimento penale e consente loro di procedere in modo pi\u00f9 mirato contro chi sostiene Hamas.</p></li><li><p class=\"Standard_d\">Per gli intermediari finanziari il divieto produce certezza del diritto nella lotta al finanziamento del terrorismo. L'Ufficio di comunicazione in materia di riciclaggio di denaro (MROS) pu\u00f2 scambiare pi\u00f9 facilmente informazioni con le autorit\u00e0 partner estere su flussi finanziari correlati a sospetti di finanziamento del terrorismo.</p></li></ul><p class=\"Standard_d\">Il divieto di Hamas fondato sul Codice penale</p><p class=\"Standard_d\">Il disegno di legge vieta Hamas e le organizzazioni e i gruppi associati. Non prevede alcuna disposizione penale indipendente, ma rimanda al Codice penale (CP): l'articolo&nbsp;260ter CP punisce la partecipazione e il sostegno a organizzazioni criminali e terroristiche. Il Consiglio federale rinuncia a introdurre una disposizione penale specifica, in quanto la delimitazione con il vigente articolo&nbsp;260ter CP non sarebbe chiara. Chi partecipa o sostiene Hamas \u00e8 punito con una pena detentiva fino a vent'anni o con una pena pecuniaria. Il Ministero pubblico della Confederazione \u00e8 l'autorit\u00e0 competente per il perseguimento penale dei reati commessi da persone adulte.</p><p class=\"Standard_d\">Dopo la procedura di consultazione, il Consiglio federale ha precisato nel suo messaggio i requisiti per vietare le organizzazioni associate ad Hamas. Per \u00abassociati\u00bb si intendono le organizzazioni o i gruppi terroristici particolarmente vicini ad Hamas e che corrispondono ad Hamas per quanto riguarda obiettivi, dirigenti o mezzi. Tali organizzazioni o gruppi sono vietati soltanto se il Consiglio federale ne dimostra la particolare vicinanza ad Hamas. Prima di vietare organizzazioni o gruppi associati ad Hamas, il Consiglio federale deve consultare le commissioni parlamentari competenti in materia di politica di sicurezza. Contro il divieto di un'organizzazione o un gruppo associato pu\u00f2 essere interposto ricorso dinanzi al Tribunale amministrativo federale.</p><p class=\"Standard_d\">&nbsp;</p><p class=\"Standard_d\">Attivit\u00e0 umanitaria esclusa dal divieto</p><p class=\"Standard_d\">Il divieto di Hamas \u00e8 in linea con gli obblighi internazionali della Svizzera. Tutela i diritti umani e rafforza il rispetto del diritto internazionale umanitario. Gli aiuti umanitari potranno continuare a essere erogati senza essere puniti: l'articolo&nbsp;260ter CP contiene una clausola di eccezione che si applica ai servizi umanitari. Le organizzazioni umanitarie e le agenzie di assistenza possono proseguire anche in futuro la loro attivit\u00e0 di sostegno e di tutela dei membri pi\u00f9 vulnerabili e deboli della societ\u00e0 nelle zone di crisi e di conflitto.</p><p class=\"Standard_d\">&nbsp;</p><p class=\"Standard_d\">Divieto limitato a cinque&nbsp;anni con possibilit\u00e0 di proroga da parte del Parlamento</p><p class=\"Standard_d\">Il divieto di Hamas ha conseguenze di ampia portata per le organizzazioni, i gruppi e le persone interessati. Per questo motivo la validit\u00e0 della legge \u00e8 limitata a cinque&nbsp;anni. Il Parlamento ha la possibilit\u00e0 di prorogare la durata di validit\u00e0 ricorrendo alla procedura legislativa ordinaria.</p>","Proceedings":"<h4 class=\"SDA_Meldung_d\">Notizia&nbsp;ATS</h4><h3 class=\"Debatte_sda_linksb\u00fcndig_d\"><strong>Dibattito al Consiglio degli Stati, 10.12.2024</strong></h3><p class=\"Standard_d\"><strong>Terrorismo, Hamas va vietata in Svizzera</strong></p><p class=\"Standard_d\"><strong>L'organizzazione islamista Hamas, responsabile degli attacchi contro Israele del 7 ottobre 2023, va vietata in Svizzera. Lo ha deciso oggi il Consiglio degli Stati per 37 voti a 1 un'astensione.</strong></p><p class=\"Standard_d\">Stando ai \"senatori\", il divieto dovrebbe entrare in vigore il pi\u00f9 presto possibile. Il dossier va al Nazionale.</p><p class=\"Standard_d\">Nel presentare il testo di legge, il relatore della commissione, Daniel Jositsch (PS/ZH), ha rammentato l'attacco del 7 ottobre 2023 che ha provocato la morte di 1200 persone, perlopi\u00f9 civili, e i 250 ostaggi finiti nella mani di questa organizzazione che non ha mai riconosciuto l'esistenza di Israele, ma ne vuole invece la distruzione. Per il \"senatore\" zurighese, tali appelli dal carattere genocida fanno senz'altro di Hamas un'organizzazione terroristica. Il suo divieto \u00e8 quindi necessario.</p><p class=\"Standard_d\">Una simile legge renderebbe pi\u00f9 facile pronunciare divieti d'entrata o espulsioni e il perseguimento penale di fiancheggiatori, ha poi spiegato Jositsch, professore di diritto penale all'Universit\u00e0 di Zurigo.</p><p class=\"Standard_d\">Sebbene nessuno abbia messo in dubbio la ferocia degli attacchi compiuti da Hamas, da alcuni considerati abominevoli, diverse voci si sono levate affinch\u00e9 nella legge venissero chiaramente esclusa la stessa Confederazione, come anche quelle organizzazioni che operano a favore della pace oppure in ambito umanitario, dei diritti umani o dell'aiuto allo sviluppo.</p><p class=\"Standard_d\">Nonostante la forte emozione causata da quanto accaduto, per Carlo Sommaruga (PS/GE) - sostenuto anche da Mauro Poggia (MCG-UDC/GE) - bisogna affrontare questo dossier con la mente lucida. In passato, e ancora oggi, la Svizzera e altre ONG hanno avuto e hanno contatti con organizzazioni considerate terroristiche nei Paesi in cui sono attive, come le FARC o il PKK. Non dobbiamo privarci della possibilit\u00e0 di dialogare con questi attori su temi come il rispetto del diritto umanitario o la ricerca di una soluzione politica a un conflitto, ha sottolineato.</p><p class=\"Standard_d\">Un tema quest'ultimo affrontato anche da Franziska Roth (PS/SO) che, nel quadro di un divieto nei confronti di gruppi che direttamente o indirettamente fanno riferimento ad Hamas, avrebbe voluto fare in modo che il Governo consultasse anche le commissioni di politica estera, e non solo della sicurezza. Il divieto di un'organizzazione ha sovente conseguenze di politica estera, ha spiegato.</p><p class=\"Standard_d\">Al voto, tuttavia, sia la proposta che Sommaruga che Roth sono state bocciate. In relazione alla proposta Sommaruga, il \"ministro\" di giustizia e polizia, Beat Jans, ha precisato che il divieto pronunciato contro Hamas non include le attivit\u00e0 umanitarie. \u00c8 quindi inutile completare la legge includendovi gli aspetti evocati dal \"senatore\" ginevrino.</p><p class=\"Standard_d\">Simili contatti, anche per la ricerca di soluzioni politiche, ha rimarcato il consigliere federale basilese del PS, non possono essere considerati un sostegno ad un'organizzazione terroristica, e quindi perseguibili penalmente.</p><p class=\"Standard_d\">&nbsp;</p><h4 class=\"SDA_Meldung_d\">Notizia&nbsp;ATS</h4><h3 class=\"Debatte_sda_linksb\u00fcndig_d\"><strong>Dibattito al Consiglio nazionale, 11.12.2024</strong></h3><p class=\"Standard_d\"><strong>Hamas \u00e8 organizzazione terrorista, va vietata in Svizzera</strong><br><strong>Al pari del Consiglio degli Stati ieri, il Consiglio nazionale ha deciso oggi (168 voti a 6 e 14 astensioni) di vietare in Svizzera l'organizzazione islamista, considerata ormai terrorista, Hamas. Il dossier va in votazione finale.</strong></p><p class=\"Standard_d\">Unanime \u00e8 stata, durante il dibattito, l'indignazione per quanto accaduto il 7 ottobre 2023, quando Hamas ha attacco i villaggi e i Kibbuz situati nei pressi della striscia di Gaza trucidando e violentando centinaia e centinaia di civili - come \u00e8 stato ricordato in aula - e portando con s\u00e9 250 ostaggi, molti dei quali morti oppure ancora in cattivit\u00e0.</p><p class=\"Standard_d\">Si \u00e8 trattato di uno choc che ha messo sotto gli occhi di tutti il carattere terrorista di questa organizzazione, si \u00e8 sentito in aula, ci\u00f2 che ha spinto le commissioni della politica di sicurezza a presentare due mozioni identiche per il divieto di questa organizzazione in Svizzera - divieto che vale almeno 5 anni -, \"ormai completamente delegittimata\", e la punibilit\u00e0 di tutti coloro che potrebbero cooperare con essa.</p><p class=\"Standard_d\">Bench\u00e9 Hamas non sia attiva nella Confederazione, quest'ultima persegue attraverso le sue azioni e i suoi obiettivi, come la distruzione di Israele, una politica contraria ai diritti umani e ai valori del nostro Paese, hanno dichiarato diversi consiglieri nazionali. La sua presenza \u00e8 un elemento destabilizzante che mette a rischio sia la sicurezza del Medio Oriente che la nostra. A tale riguardo, secondo alcuni deputati si deve evitare che la Svizzera diventi un rifugio per Hamas o che qualcuno possa approfittare della piazza finanziaria per sostenere questa organizzazione.</p><p class=\"Standard_d\">Diversi oratori hanno poi sostenuto che il divieto rappresenta anche un gesto nei confronti della comunit\u00e0 ebraica in Svizzera, che si sente insicura a causa dell'antisemitismo in crescita.</p><p class=\"Standard_d\">&nbsp;</p><p class=\"Standard_d\">I dubbi della sinistra</p><p class=\"Standard_d\">Se sul fondo i gruppi si sono detti solidali con le vittime e gli ebrei residenti in Svizzera e d'accordo col divieto, il campo rosso-verde ha tentato, invano, di aggiungere alla legge contro Hamas alcune precisazioni.</p><p class=\"Standard_d\">In particolare, Fabian Molina (PS/ZH) e Fabien Fivaz (Verdi/NE) avrebbero voluto escludere esplicitamente dal campo di applicazione della legge, e quindi da ogni perseguimento penale, le attivit\u00e0 condotte dalla Confederazione, dalle organizzazioni multilaterali e dalle ONG nell\u2019interesse della promozione della pace, dell\u2019applicazione del diritto umanitario, della cooperazione allo sviluppo, dei diritti dell\u2019uomo e della sicurezza interna ed esterna della Svizzera.</p><p class=\"Standard_d\">Il timore espresso da Fivaz e Molina \u00e8 che la legge possa intralciare o rendere pi\u00f9 difficili simili attivit\u00e0, specie se Hamas dovesse rimanere al potere a Gaza. Per il campo rosso-verde \u00e8 importante mantenere aperti i canali diplomatici affinch\u00e9 Berna possa offrire i buoni uffici per un cessate il fuoco e la risoluzione pacifica di questo conflitto basato sul principio dei due Stati (si \u00e8 insistito parecchio a sinistra su questo aspetto, mentre qualcuno ha pure fatto notare che lo stato ebraico stia compiendo un genocidio a Gaza, n.d.r.).</p><p class=\"Standard_d\">&nbsp;</p><p class=\"Standard_d\">Le rassicurazioni di Jans</p><p class=\"Standard_d\">Nel suo intervento, il \"ministro\" di giustizia e polizia, Beat Jans, ha ricordato che il divieto di Hamas rappresenta una risposta puntuale voluta dal parlamento nei confronti di un'organizzazione brutale, bench\u00e9 non vi sia stata una decisione analoga da parte della Nazioni Unite (finora in Svizzera sono vietate al Qaida e l'Isis come stabilito dalle Nazioni Unite).</p><p class=\"Standard_d\">Il divieto poggia sul Codice penale (articoli 260 e seguenti) che prevede anche eccezioni. In particolare, ha sottolineato il consigliere federale socialista, non costituiscono finanziamento di un atto terroristico tutti quegli atti volti a ripristinare la democrazia o lo stato di diritto, oppure permettere l'esercizio o il rispetto dei diritti umani.</p><p class=\"Standard_d\">Sollecitato da diversi deputati, Jans ha sostenuto che al momento contatti con Hamas non sono auspicabili. In futuro, tuttavia, ci\u00f2 potrebbe, almeno teoricamente, accadere. Per Jans, insomma, la tradizione umanitaria ed eventuali sforzi politici per giungere a una soluzione politica rimarranno possibili anche con questa legge. Jans ha poi aggiunto che la legge consente in ogni caso ai gruppi o persone che potrebbero venir vietati di appellarsi ai tribunali.</p>","DraftText":null,"SubmittedText":null,"ReasonText":null,"DocumentationText":null,"MotionText":null,"FederalCouncilResponseText":null,"FederalCouncilProposal":null,"FederalCouncilProposalText":null,"FederalCouncilProposalDate":null,"SubmittedBy":null,"BusinessStatus":229,"BusinessStatusText":"Liquidato","BusinessStatusDate":"\/Date(1734685611000)\/","ResponsibleDepartment":5,"ResponsibleDepartmentName":"Dipartimento di giustizia e polizia","ResponsibleDepartmentAbbreviation":"DFGP","IsLeadingDepartment":true,"Tags":"8|9","Category":"IIIa/IV","Modified":"\/Date(1763094566037)\/","SubmissionDate":"\/Date(1725408000000)\/","SubmissionCouncil":null,"SubmissionCouncilName":null,"SubmissionCouncilAbbreviation":null,"SubmissionSession":5205,"SubmissionLegislativePeriod":52,"FirstCouncil1":2,"FirstCouncil1Name":"Consiglio degli Stati","FirstCouncil1Abbreviation":"CS","FirstCouncil2":1,"FirstCouncil2Name":"Consiglio nazionale","FirstCouncil2Abbreviation":"CN","TagNames":"Politica internazionale|Politica di sicurezza"}}