{"d":{"__metadata":{"id":"https://ws.parlament.ch/OData.svc/Business(ID=20243717,Language='DE')","uri":"https://ws.parlament.ch/OData.svc/Business(ID=20243717,Language='DE')","type":"itsystems.Pd.DataServices.DataModel.Business"},"BusinessResponsibilities":{"__deferred":{"uri":"https://ws.parlament.ch/OData.svc/Business(ID=20243717,Language='DE')/BusinessResponsibilities"}},"RelatedBusinesses":{"__deferred":{"uri":"https://ws.parlament.ch/OData.svc/Business(ID=20243717,Language='DE')/RelatedBusinesses"}},"BusinessRoles":{"__deferred":{"uri":"https://ws.parlament.ch/OData.svc/Business(ID=20243717,Language='DE')/BusinessRoles"}},"Publications":{"__deferred":{"uri":"https://ws.parlament.ch/OData.svc/Business(ID=20243717,Language='DE')/Publications"}},"LegislativePeriods":{"__deferred":{"uri":"https://ws.parlament.ch/OData.svc/Business(ID=20243717,Language='DE')/LegislativePeriods"}},"Sessions":{"__deferred":{"uri":"https://ws.parlament.ch/OData.svc/Business(ID=20243717,Language='DE')/Sessions"}},"Preconsultations":{"__deferred":{"uri":"https://ws.parlament.ch/OData.svc/Business(ID=20243717,Language='DE')/Preconsultations"}},"Bills":{"__deferred":{"uri":"https://ws.parlament.ch/OData.svc/Business(ID=20243717,Language='DE')/Bills"}},"Councils":{"__deferred":{"uri":"https://ws.parlament.ch/OData.svc/Business(ID=20243717,Language='DE')/Councils"}},"BusinessTypes":{"__deferred":{"uri":"https://ws.parlament.ch/OData.svc/Business(ID=20243717,Language='DE')/BusinessTypes"}},"Votes":{"__deferred":{"uri":"https://ws.parlament.ch/OData.svc/Business(ID=20243717,Language='DE')/Votes"}},"SubjectsBusiness":{"__deferred":{"uri":"https://ws.parlament.ch/OData.svc/Business(ID=20243717,Language='DE')/SubjectsBusiness"}},"BusinessStates":{"__deferred":{"uri":"https://ws.parlament.ch/OData.svc/Business(ID=20243717,Language='DE')/BusinessStates"}},"Council":{"__deferred":{"uri":"https://ws.parlament.ch/OData.svc/Business(ID=20243717,Language='DE')/Council"}},"Transcripts":{"__deferred":{"uri":"https://ws.parlament.ch/OData.svc/Business(ID=20243717,Language='DE')/Transcripts"}},"ID":20243717,"Language":"DE","BusinessShortNumber":"24.3717","BusinessType":5,"BusinessTypeName":"Motion","BusinessTypeAbbreviation":"Mo.","Title":"Die Schweiz muss so rasch wie m\u00f6glich am Copernicus-Programm teilnehmen","Description":null,"InitialSituation":null,"Proceedings":null,"DraftText":null,"SubmittedText":"<p>Der Bundesrat wird beauftragt, seinen Entscheid vom 1<sup>. Mai </sup> 2024 zu \u00fcberdenken und die Teilnahme der Schweiz am Erdbeobachtungsprogramm Copernicus so rasch wie m\u00f6glich auszuhandeln.</p>","ReasonText":"<p>Mithilfe eines umfassenden Netzwerks von Satelliten und anderen Sensoren liefert das Copernicus-Programm der Europ\u00e4ischen Union Echtzeitdaten \u00fcber unsere Umwelt und unser Klima. Die Daten werden von vielen Nutzerinnen und Nutzern verwendet, um unsere Umwelt zu beobachten und zu verstehen. Das Programm hat ein riesiges wissenschaftliches und wirtschaftliches Entwicklungspotenzial aufgezeigt.</p><p>&nbsp;</p><p>Das Parlament beauftragte den Bundesrat im Rahmen der Motion 18.4131 Romano, die 2020 vom Nationalrat und 2022 vom St\u00e4nderat angenommen wurde, mit der Teilnahme am Programm. Im Februar 2022 entschied der Bundesrat, die Teilnahme am Programm anzustreben. Er beauftragte das UVEK, technische Gespr\u00e4che mit der EU aufzunehmen.</p><p>&nbsp;</p><p>Leider hat der Bundesrat am 1<sup>. Mai </sup> 2024 schliesslich auf die Teilnahme der Schweiz am Copernicus-Programm verzichtet. Der Grund f\u00fcr diese Entscheidung sei die angespannte Finanzlage des Bundes. Der Bundesrat m\u00f6chte bis 2027 warten, um dann seine Entscheidung zu \u00fcberdenken.</p><p>&nbsp;</p><p>In seiner Stellungnahme zur Motion 18.4131 r\u00e4umte der Bundesrat ein, dass das Copernicus-Programm eine immer wichtigere Rolle spielt. In seiner im Jahr 2023 aktualisierten Weltraumpolitik anerkennt der Bundesrat die Bedeutung des Weltraumbereichs in der Zukunft und insbesondere die damit verbundene Rolle der Europ\u00e4ischen Union. Auch in wirtschaftlicher Hinsicht ist eine Teilnahme am Copernicus-Programm wichtig: Die Schweiz kann es sich nicht leisten, zur\u00fcckzufallen \u2013 insbesondere angesichts der Tatsache, dass sie nicht an Horizon Europe beteiligt ist und auch nicht an strategischen Programmen der EU teilnehmen kann. In diesem Zusammenhang sendet der Verzicht auf das Copernicus-Programm das falsche Signal aus.</p><p>&nbsp;</p><p>Dementsprechend wird der Bundesrat beauftragt, seine Position zu \u00fcberdenken und so rasch wie m\u00f6glich Verhandlungen zur Teilnahme der Schweiz am Copernicus-Programm aufzunehmen.</p>","DocumentationText":null,"MotionText":null,"FederalCouncilResponseText":"<div><p style=\"margin-top:0pt; margin-bottom:0pt; line-height:150%; widows:0; orphans:0; font-size:11pt\"><span style=\"font-family:Arial\">Der Bundesrat hat am 1.</span><span style=\"font-family:Arial\">&#xa0;</span><span style=\"font-family:Arial\">Mai</span><span style=\"font-family:Arial\">&#xa0;</span><span style=\"font-family:Arial\">2024 beschlossen, aufgrund der zunehmend angespannten Finanzlage des Bundes auf eine Teilnahme an Copernicus im derzeitigen Programmzeitraum, der Ende</span><span style=\"font-family:Arial\">&#xa0;</span><span style=\"font-family:Arial\">2027 ausl\u00e4uft, zu verzichten.</span></p><p style=\"margin-top:0pt; margin-bottom:0pt; line-height:150%; widows:0; orphans:0; font-size:11pt\"><span style=\"font-family:Arial; -aw-import:ignore\">&#xa0;</span></p><p style=\"margin-top:0pt; margin-bottom:0pt; line-height:150%; widows:0; orphans:0; font-size:11pt\"><span style=\"font-family:Arial\">Dieser Verzicht betrifft die aktuelle Periode. Eine allf\u00e4llige Beteiligung in der n\u00e4chsten Programmperiode (2028\u20132034) wird in der derzeitigen Laufzeit gepr\u00fcft, sodass den Schweizer Akteurinnen und Akteuren gegebenenfalls die Voraussetzungen f\u00fcr die Mitwirkung an den Aktivit\u00e4ten der neuen Programmperiode geboten werden k\u00f6nnen. \u00dcberdies sind gem\u00e4ss Artikel</span><span style=\"font-family:Arial\">&#xa0;</span><span style=\"font-family:Arial\">49 Absatz</span><span style=\"font-family:Arial\">&#xa0;</span><span style=\"font-family:Arial\">2 der Verordnung (EU)</span><span style=\"font-family:Arial\">&#xa0;</span><span style=\"font-family:Arial\">2021/696 zur Einrichtung des Weltraumprogramms der Europ\u00e4ischen Union (EU) der Grossteil der Daten und Dienste frei zug\u00e4nglich.</span></p><p style=\"margin-top:0pt; margin-bottom:0pt; line-height:150%; widows:0; orphans:0; font-size:11pt\"><span style=\"font-family:Arial; -aw-import:ignore\">&#xa0;</span></p><p style=\"margin-top:0pt; margin-bottom:0pt; line-height:150%; widows:0; orphans:0; font-size:11pt\"><span style=\"font-family:Arial\">Sollte ein Abkommen \u00fcber die Teilnahme der Schweiz an den Programmen der EU zustande kommen, w\u00e4re bereits eine Grundlage f\u00fcr eine m\u00f6gliche Beteiligung an Copernicus geschaffen.</span></p></div><br><br>Der Bundesrat beantragt die Ablehnung der Motion.","FederalCouncilProposal":45,"FederalCouncilProposalText":"Ablehnung","FederalCouncilProposalDate":"\/Date(1724803200000)\/","SubmittedBy":"Fivaz Fabien","BusinessStatus":204,"BusinessStatusText":"Zugewiesen an die behandelnde Kommission","BusinessStatusDate":"\/Date(1782218577000)\/","ResponsibleDepartment":9,"ResponsibleDepartmentName":"Departement f\u00fcr Umwelt, Verkehr, Energie und Kommunikation","ResponsibleDepartmentAbbreviation":"UVEK","IsLeadingDepartment":true,"Tags":"10|36","Category":null,"Modified":"\/Date(1782391389013)\/","SubmissionDate":"\/Date(1718323200000)\/","SubmissionCouncil":1,"SubmissionCouncilName":"Nationalrat","SubmissionCouncilAbbreviation":"NR","SubmissionSession":5204,"SubmissionLegislativePeriod":52,"FirstCouncil1":1,"FirstCouncil1Name":"Nationalrat","FirstCouncil1Abbreviation":"NR","FirstCouncil2":null,"FirstCouncil2Name":null,"FirstCouncil2Abbreviation":null,"TagNames":"Europapolitik|Wissenschaft und Forschung"}}