{"d":{"__metadata":{"id":"https://ws.parlament.ch/OData.svc/Business(ID=20250044,Language='DE')","uri":"https://ws.parlament.ch/OData.svc/Business(ID=20250044,Language='DE')","type":"itsystems.Pd.DataServices.DataModel.Business"},"BusinessResponsibilities":{"__deferred":{"uri":"https://ws.parlament.ch/OData.svc/Business(ID=20250044,Language='DE')/BusinessResponsibilities"}},"RelatedBusinesses":{"__deferred":{"uri":"https://ws.parlament.ch/OData.svc/Business(ID=20250044,Language='DE')/RelatedBusinesses"}},"BusinessRoles":{"__deferred":{"uri":"https://ws.parlament.ch/OData.svc/Business(ID=20250044,Language='DE')/BusinessRoles"}},"Publications":{"__deferred":{"uri":"https://ws.parlament.ch/OData.svc/Business(ID=20250044,Language='DE')/Publications"}},"LegislativePeriods":{"__deferred":{"uri":"https://ws.parlament.ch/OData.svc/Business(ID=20250044,Language='DE')/LegislativePeriods"}},"Sessions":{"__deferred":{"uri":"https://ws.parlament.ch/OData.svc/Business(ID=20250044,Language='DE')/Sessions"}},"Preconsultations":{"__deferred":{"uri":"https://ws.parlament.ch/OData.svc/Business(ID=20250044,Language='DE')/Preconsultations"}},"Bills":{"__deferred":{"uri":"https://ws.parlament.ch/OData.svc/Business(ID=20250044,Language='DE')/Bills"}},"Councils":{"__deferred":{"uri":"https://ws.parlament.ch/OData.svc/Business(ID=20250044,Language='DE')/Councils"}},"BusinessTypes":{"__deferred":{"uri":"https://ws.parlament.ch/OData.svc/Business(ID=20250044,Language='DE')/BusinessTypes"}},"Votes":{"__deferred":{"uri":"https://ws.parlament.ch/OData.svc/Business(ID=20250044,Language='DE')/Votes"}},"SubjectsBusiness":{"__deferred":{"uri":"https://ws.parlament.ch/OData.svc/Business(ID=20250044,Language='DE')/SubjectsBusiness"}},"BusinessStates":{"__deferred":{"uri":"https://ws.parlament.ch/OData.svc/Business(ID=20250044,Language='DE')/BusinessStates"}},"Council":{"__deferred":{"uri":"https://ws.parlament.ch/OData.svc/Business(ID=20250044,Language='DE')/Council"}},"Transcripts":{"__deferred":{"uri":"https://ws.parlament.ch/OData.svc/Business(ID=20250044,Language='DE')/Transcripts"}},"ID":20250044,"Language":"DE","BusinessShortNumber":"25.044","BusinessType":1,"BusinessTypeName":"Gesch\u00e4ft des Bundesrates","BusinessTypeAbbreviation":"BRG","Title":"Verfassung des Kantons Appenzell Innerrhoden. Gew\u00e4hrleistung","Description":"Botschaft vom 16. April 2025 zur Gew\u00e4hrleistung der Verfassung des Kantons Appenzell Innerrhoden","InitialSituation":"<h2 class=\"Titel_d\"><strong>Medienmitteilung des Bundesrates vom 16.04.2025</strong></h2><p class=\"Standard_d\"><strong>Gew\u00e4hrleistung der neuen Verfassung des Kantons Appenzell Innerrhoden</strong></p><p class=\"Standard_d\"><strong>Der Bundesrat beantragt dem Parlament, die totalrevidierte Verfassung des Kantons Appenzell Innerrhoden zu gew\u00e4hrleisten. Alle Verfassungsartikel stimmen mit dem Bundesrecht \u00fcberein. Das h\u00e4lt der Bundesrat in seiner am 16. April 2025 gutgeheissenen Botschaft fest.</strong></p><p class=\"Standard_d\">Die Stimmberechtigten des Kantons Appenzell Innerrhoden haben an der Landsgemeinde vom 28. April 2024 die neue Kantonsverfassung angenommen. Die neue Kantonsverfassung bringt im Vergleich zur bisherigen beispielsweise folgende Neuerungen:</p><ul><li><p class=\"Standard_d\">die Einschr\u00e4nkung des Amtszwangs;</p></li><li><p class=\"Standard_d\">die Aufnahme von Notrechtsregelungen;</p></li><li><p class=\"Standard_d\">die \u00c4nderung der Finanzkompetenzen des Grossen Rates und der Landsgemeinde.</p></li></ul>","Proceedings":"<h3 class=\"Debatte_sda_linksb\u00fcndig_d\"><strong>Debatte im St\u00e4nderat, 15.09.2025</strong></h3><p class=\"Standard_d\">Beschluss gem\u00e4ss Entwurf</p><h3 class=\"Debatte_sda_linksb\u00fcndig_d\">&nbsp;</h3><h3 class=\"Debatte_sda_linksb\u00fcndig_d\"><strong>Debatte im Nationalrat, 22.09.2025</strong></h3><p class=\"Standard_d\">Zustimmung</p>","DraftText":null,"SubmittedText":null,"ReasonText":null,"DocumentationText":null,"MotionText":null,"FederalCouncilResponseText":null,"FederalCouncilProposal":null,"FederalCouncilProposalText":null,"FederalCouncilProposalDate":null,"SubmittedBy":null,"BusinessStatus":229,"BusinessStatusText":"Erledigt","BusinessStatusDate":"\/Date(1758529258000)\/","ResponsibleDepartment":5,"ResponsibleDepartmentName":"Justiz- und Polizeidepartement","ResponsibleDepartmentAbbreviation":"EJPD","IsLeadingDepartment":true,"Tags":"4","Category":"V","Modified":"\/Date(1763089190620)\/","SubmissionDate":"\/Date(1744761600000)\/","SubmissionCouncil":null,"SubmissionCouncilName":null,"SubmissionCouncilAbbreviation":null,"SubmissionSession":5208,"SubmissionLegislativePeriod":52,"FirstCouncil1":2,"FirstCouncil1Name":"St\u00e4nderat","FirstCouncil1Abbreviation":"SR","FirstCouncil2":1,"FirstCouncil2Name":"Nationalrat","FirstCouncil2Abbreviation":"NR","TagNames":"Staatspolitik"}}