{"d":{"__metadata":{"id":"https://ws.parlament.ch/OData.svc/Business(ID=20250044,Language='FR')","uri":"https://ws.parlament.ch/OData.svc/Business(ID=20250044,Language='FR')","type":"itsystems.Pd.DataServices.DataModel.Business"},"BusinessResponsibilities":{"__deferred":{"uri":"https://ws.parlament.ch/OData.svc/Business(ID=20250044,Language='FR')/BusinessResponsibilities"}},"RelatedBusinesses":{"__deferred":{"uri":"https://ws.parlament.ch/OData.svc/Business(ID=20250044,Language='FR')/RelatedBusinesses"}},"BusinessRoles":{"__deferred":{"uri":"https://ws.parlament.ch/OData.svc/Business(ID=20250044,Language='FR')/BusinessRoles"}},"Publications":{"__deferred":{"uri":"https://ws.parlament.ch/OData.svc/Business(ID=20250044,Language='FR')/Publications"}},"LegislativePeriods":{"__deferred":{"uri":"https://ws.parlament.ch/OData.svc/Business(ID=20250044,Language='FR')/LegislativePeriods"}},"Sessions":{"__deferred":{"uri":"https://ws.parlament.ch/OData.svc/Business(ID=20250044,Language='FR')/Sessions"}},"Preconsultations":{"__deferred":{"uri":"https://ws.parlament.ch/OData.svc/Business(ID=20250044,Language='FR')/Preconsultations"}},"Bills":{"__deferred":{"uri":"https://ws.parlament.ch/OData.svc/Business(ID=20250044,Language='FR')/Bills"}},"Councils":{"__deferred":{"uri":"https://ws.parlament.ch/OData.svc/Business(ID=20250044,Language='FR')/Councils"}},"BusinessTypes":{"__deferred":{"uri":"https://ws.parlament.ch/OData.svc/Business(ID=20250044,Language='FR')/BusinessTypes"}},"Votes":{"__deferred":{"uri":"https://ws.parlament.ch/OData.svc/Business(ID=20250044,Language='FR')/Votes"}},"SubjectsBusiness":{"__deferred":{"uri":"https://ws.parlament.ch/OData.svc/Business(ID=20250044,Language='FR')/SubjectsBusiness"}},"BusinessStates":{"__deferred":{"uri":"https://ws.parlament.ch/OData.svc/Business(ID=20250044,Language='FR')/BusinessStates"}},"Council":{"__deferred":{"uri":"https://ws.parlament.ch/OData.svc/Business(ID=20250044,Language='FR')/Council"}},"Transcripts":{"__deferred":{"uri":"https://ws.parlament.ch/OData.svc/Business(ID=20250044,Language='FR')/Transcripts"}},"ID":20250044,"Language":"FR","BusinessShortNumber":"25.044","BusinessType":1,"BusinessTypeName":"Objet du Conseil f\u00e9d\u00e9ral","BusinessTypeAbbreviation":"OCF","Title":"Constitution du canton d\u2019Appenzell Rhodes-Int\u00e9rieures. Garantie","Description":"Message du 16 avril 2025 concernant la garantie de la constitution du canton d\u2019Appenzell Rhodes-Int\u00e9rieures","InitialSituation":"<h2 class=\"Titel_d\"><strong>Communiqu\u00e9 de presse du Conseil f\u00e9d\u00e9ral du 16.04.2025</strong></h2><p class=\"Standard_d\"><strong>Garantie de la nouvelle constitution du canton d\u2019Appenzell Rhodes-Int\u00e9rieures</strong></p><p class=\"Standard_d\"><strong>Le Conseil f\u00e9d\u00e9ral propose au Parlement de garantir la constitution du canton d\u2019Appenzell Rhodes-Int\u00e9rieures apr\u00e8s r\u00e9vision totale. Comme il le constate dans le message qu\u2019il a adopt\u00e9 le 16 avril 2025, tous les articles de la constitution sont conformes au droit f\u00e9d\u00e9ral.</strong></p><p class=\"Standard_d\">Le corps \u00e9lectoral du canton d\u2019Appenzell Rhodes-Int\u00e9rieures a accept\u00e9 la nouvelle constitution cantonale lors de la Landsgemeinde du 28 avril 2024. Les modifications constitutionnelles concern\u00e9es ont notamment pour objet :</p><ul><li><p class=\"Standard_d\">la limitation de l\u2019obligation d\u2019exercer certaines fonctions ;</p></li><li><p class=\"Standard_d\">l\u2019inscription dans la constitution de dispositions concernant le droit de n\u00e9cessit\u00e9 ;</p></li><li><p class=\"Standard_d\">la modification des comp\u00e9tences du Grand Conseil et de la Landsgemeinde en mati\u00e8re de finances.</p></li></ul>","Proceedings":"<h3 class=\"Debatte_sda_linksb\u00fcndig_d\"><strong>D\u00e9lib\u00e9rations au Conseil des Etats, 15.09.2025</strong></h3><p class=\"Standard_d\">D\u00e9cision conforme au projet</p><h2 class=\"Titel_d\">&nbsp;</h2><h3 class=\"Debatte_sda_linksb\u00fcndig_d\"><strong>D\u00e9lib\u00e9rations au Conseil national, 22.09.2025</strong></h3><p class=\"Standard_d\">Adh\u00e9sion</p>","DraftText":null,"SubmittedText":null,"ReasonText":null,"DocumentationText":null,"MotionText":null,"FederalCouncilResponseText":null,"FederalCouncilProposal":null,"FederalCouncilProposalText":null,"FederalCouncilProposalDate":null,"SubmittedBy":null,"BusinessStatus":229,"BusinessStatusText":"Liquid\u00e9","BusinessStatusDate":"\/Date(1758529258000)\/","ResponsibleDepartment":5,"ResponsibleDepartmentName":"D\u00e9partement de justice et police","ResponsibleDepartmentAbbreviation":"DFJP","IsLeadingDepartment":true,"Tags":"4","Category":"V","Modified":"\/Date(1763089190620)\/","SubmissionDate":"\/Date(1744761600000)\/","SubmissionCouncil":null,"SubmissionCouncilName":null,"SubmissionCouncilAbbreviation":null,"SubmissionSession":5208,"SubmissionLegislativePeriod":52,"FirstCouncil1":2,"FirstCouncil1Name":"Conseil des Etats","FirstCouncil1Abbreviation":"CE","FirstCouncil2":1,"FirstCouncil2Name":"Conseil national","FirstCouncil2Abbreviation":"CN","TagNames":"Politique d'Etat"}}