{"d":{"__metadata":{"id":"https://ws.parlament.ch/OData.svc/Business(ID=20250090,Language='FR')","uri":"https://ws.parlament.ch/OData.svc/Business(ID=20250090,Language='FR')","type":"itsystems.Pd.DataServices.DataModel.Business"},"BusinessResponsibilities":{"__deferred":{"uri":"https://ws.parlament.ch/OData.svc/Business(ID=20250090,Language='FR')/BusinessResponsibilities"}},"RelatedBusinesses":{"__deferred":{"uri":"https://ws.parlament.ch/OData.svc/Business(ID=20250090,Language='FR')/RelatedBusinesses"}},"BusinessRoles":{"__deferred":{"uri":"https://ws.parlament.ch/OData.svc/Business(ID=20250090,Language='FR')/BusinessRoles"}},"Publications":{"__deferred":{"uri":"https://ws.parlament.ch/OData.svc/Business(ID=20250090,Language='FR')/Publications"}},"LegislativePeriods":{"__deferred":{"uri":"https://ws.parlament.ch/OData.svc/Business(ID=20250090,Language='FR')/LegislativePeriods"}},"Sessions":{"__deferred":{"uri":"https://ws.parlament.ch/OData.svc/Business(ID=20250090,Language='FR')/Sessions"}},"Preconsultations":{"__deferred":{"uri":"https://ws.parlament.ch/OData.svc/Business(ID=20250090,Language='FR')/Preconsultations"}},"Bills":{"__deferred":{"uri":"https://ws.parlament.ch/OData.svc/Business(ID=20250090,Language='FR')/Bills"}},"Councils":{"__deferred":{"uri":"https://ws.parlament.ch/OData.svc/Business(ID=20250090,Language='FR')/Councils"}},"BusinessTypes":{"__deferred":{"uri":"https://ws.parlament.ch/OData.svc/Business(ID=20250090,Language='FR')/BusinessTypes"}},"Votes":{"__deferred":{"uri":"https://ws.parlament.ch/OData.svc/Business(ID=20250090,Language='FR')/Votes"}},"SubjectsBusiness":{"__deferred":{"uri":"https://ws.parlament.ch/OData.svc/Business(ID=20250090,Language='FR')/SubjectsBusiness"}},"BusinessStates":{"__deferred":{"uri":"https://ws.parlament.ch/OData.svc/Business(ID=20250090,Language='FR')/BusinessStates"}},"Council":{"__deferred":{"uri":"https://ws.parlament.ch/OData.svc/Business(ID=20250090,Language='FR')/Council"}},"Transcripts":{"__deferred":{"uri":"https://ws.parlament.ch/OData.svc/Business(ID=20250090,Language='FR')/Transcripts"}},"ID":20250090,"Language":"FR","BusinessShortNumber":"25.090","BusinessType":1,"BusinessTypeName":"Objet du Conseil f\u00e9d\u00e9ral","BusinessTypeAbbreviation":"OCF","Title":"Convention de double imposition entre la Suisse et la Croatie. Modification","Description":"Message du 26 novembre 2025 concernant l\u2019approbation d\u2019un protocole modifiant la convention contre les doubles impositions entre la Suisse et la Croatie","InitialSituation":"<h2 class=\"Titel_d\"><strong>Communiqu\u00e9 de presse du Conseil f\u00e9d\u00e9ral du 26.11.2025</strong></h2><p class=\"Standard_d\"><strong>Le Conseil f\u00e9d\u00e9ral adopte le message sur la modification de la convention contre les doubles impositions avec la Croatie</strong></p><p class=\"Standard_d\"><strong>Lors de sa s\u00e9ance du 26 novembre 2025, le Conseil f\u00e9d\u00e9ral a adopt\u00e9 le message concernant le protocole modifiant la convention contre les doubles impositions (CDI) conclue avec la Croatie. Ce protocole met en \u0153uvre les normes minimales en mati\u00e8re de CDI.</strong></p><p class=\"Standard_d\">Le protocole de modification contient notamment une clause anti-abus qui se r\u00e9f\u00e8re au but principal d\u2019un montage ou d\u2019une transaction et garantit ainsi que la CDI n\u2019est pas utilis\u00e9e de mani\u00e8re abusive. Il comporte en outre une clause d\u2019assistance administrative concernant l\u2019\u00e9change de renseignements sur demande conforme \u00e0 la norme internationale.</p><p class=\"Standard_d\">Les cantons et les milieux \u00e9conomiques concern\u00e9s ont accueilli favorablement la conclusion du protocole de modification. Avant de pouvoir entrer en vigueur, ce dernier doit \u00eatre approuv\u00e9 par les parlements des deux \u00c9tats.</p>","Proceedings":"<h3 class=\"Debatte_sda_linksb\u00fcndig_d\"><strong>D\u00e9lib\u00e9rations au Conseil des Etats, 09.03.2026</strong></h3><p class=\"Standard_d\">D\u00e9cision conforme au projet</p><p>&nbsp;</p><h3 class=\"SDA_Meldung_d\">D\u00e9p\u00eache ATS</h3><h3 class=\"Debatte_sda_linksb\u00fcndig_d\"><strong>D\u00e9lib\u00e9rations au Conseil national, 18.06.2026</strong></h3><p class=\"Standard_d\"><strong>Le Parlement approuve deux conventions contre la double imposition</strong></p><p class=\"Standard_d\"><strong>Apr\u00e8s le Conseil des Etats, le National a largement donn\u00e9 jeudi son feu vert \u00e0 deux conventions contre les doubles impositions. Il s'agit d'un protocole avec la Croatie et d'un avenant \u00e0 la convention avec la Belgique.</strong></p><p class=\"Standard_d\">Dans les deux cas, les modifications contiennent notamment une clause anti-abus. Celle-ci garantit que les conventions ne sont pas utilis\u00e9es de mani\u00e8re abusive.</p><p class=\"Standard_d\">Le protocole avec la Croatie comporte en outre une clause d'assistance administrative concernant l'\u00e9change de renseignements sur demande conforme \u00e0 la norme internationale. Quant \u00e0 l'avenant avec la Belgique, il adapte \u00e9galement certains points \u00e0 la politique conventionnelle actuelle des deux pays.</p><p class=\"Standard_d\">Les conventions et les protocoles de modification doivent \u00eatre approuv\u00e9s par les parlements des deux Etats concern\u00e9s avant de pouvoir entrer en vigueur.</p><p class=\"Standard_d\">Au vote, une partie de l'UDC s'est oppos\u00e9e ou abstenue.</p><p>&nbsp;</p><h2 class=\"Titel_d\"><strong>Renseignements</strong></h2><p class=\"Ausk\u00fcnfte_d\">Secr\u00e9tariat de la Commission de l'\u00e9conomie et des redevances (CER)</p><p class=\"Ausk\u00fcnfte_d\"><a href=\"mailto:wak.cer@parl.admin.ch\">wak.cer@parl.admin.ch</a></p><p class=\"Ausk\u00fcnfte_d\"><a href=\"https://www.parlament.ch/fr/organe/commissions/commissions-thematiques/commissions-cer\">Commission de l'\u00e9conomie et des redevances (CER)</a></p>","DraftText":null,"SubmittedText":null,"ReasonText":null,"DocumentationText":null,"MotionText":null,"FederalCouncilResponseText":null,"FederalCouncilProposal":null,"FederalCouncilProposalText":null,"FederalCouncilProposalDate":null,"SubmittedBy":null,"BusinessStatus":229,"BusinessStatusText":"Liquid\u00e9","BusinessStatusDate":"\/Date(1781863291000)\/","ResponsibleDepartment":7,"ResponsibleDepartmentName":"D\u00e9partement des finances","ResponsibleDepartmentAbbreviation":"DFF","IsLeadingDepartment":true,"Tags":"8|2446","Category":"IV","Modified":"\/Date(1782817393607)\/","SubmissionDate":"\/Date(1764115200000)\/","SubmissionCouncil":null,"SubmissionCouncilName":null,"SubmissionCouncilAbbreviation":null,"SubmissionSession":5211,"SubmissionLegislativePeriod":52,"FirstCouncil1":2,"FirstCouncil1Name":"Conseil des Etats","FirstCouncil1Abbreviation":"CE","FirstCouncil2":null,"FirstCouncil2Name":null,"FirstCouncil2Abbreviation":null,"TagNames":"Politique internationale|Fiscalit\u00e9"}}