{"d":{"__metadata":{"id":"https://ws.parlament.ch/OData.svc/Business(ID=20250096,Language='IT')","uri":"https://ws.parlament.ch/OData.svc/Business(ID=20250096,Language='IT')","type":"itsystems.Pd.DataServices.DataModel.Business"},"BusinessResponsibilities":{"__deferred":{"uri":"https://ws.parlament.ch/OData.svc/Business(ID=20250096,Language='IT')/BusinessResponsibilities"}},"RelatedBusinesses":{"__deferred":{"uri":"https://ws.parlament.ch/OData.svc/Business(ID=20250096,Language='IT')/RelatedBusinesses"}},"BusinessRoles":{"__deferred":{"uri":"https://ws.parlament.ch/OData.svc/Business(ID=20250096,Language='IT')/BusinessRoles"}},"Publications":{"__deferred":{"uri":"https://ws.parlament.ch/OData.svc/Business(ID=20250096,Language='IT')/Publications"}},"LegislativePeriods":{"__deferred":{"uri":"https://ws.parlament.ch/OData.svc/Business(ID=20250096,Language='IT')/LegislativePeriods"}},"Sessions":{"__deferred":{"uri":"https://ws.parlament.ch/OData.svc/Business(ID=20250096,Language='IT')/Sessions"}},"Preconsultations":{"__deferred":{"uri":"https://ws.parlament.ch/OData.svc/Business(ID=20250096,Language='IT')/Preconsultations"}},"Bills":{"__deferred":{"uri":"https://ws.parlament.ch/OData.svc/Business(ID=20250096,Language='IT')/Bills"}},"Councils":{"__deferred":{"uri":"https://ws.parlament.ch/OData.svc/Business(ID=20250096,Language='IT')/Councils"}},"BusinessTypes":{"__deferred":{"uri":"https://ws.parlament.ch/OData.svc/Business(ID=20250096,Language='IT')/BusinessTypes"}},"Votes":{"__deferred":{"uri":"https://ws.parlament.ch/OData.svc/Business(ID=20250096,Language='IT')/Votes"}},"SubjectsBusiness":{"__deferred":{"uri":"https://ws.parlament.ch/OData.svc/Business(ID=20250096,Language='IT')/SubjectsBusiness"}},"BusinessStates":{"__deferred":{"uri":"https://ws.parlament.ch/OData.svc/Business(ID=20250096,Language='IT')/BusinessStates"}},"Council":{"__deferred":{"uri":"https://ws.parlament.ch/OData.svc/Business(ID=20250096,Language='IT')/Council"}},"Transcripts":{"__deferred":{"uri":"https://ws.parlament.ch/OData.svc/Business(ID=20250096,Language='IT')/Transcripts"}},"ID":20250096,"Language":"IT","BusinessShortNumber":"25.096","BusinessType":1,"BusinessTypeName":"Oggetto del Consiglio federale","BusinessTypeAbbreviation":"OCF","Title":"Codice civile svizzero (Protezione degli adulti). Modifica","Description":"Messaggio del 5 dicembre 2025 concernente una modifica del Codice civile svizzero (Protezione degli adulti)","InitialSituation":"<h2 class=\"Titel_d\"><strong>Comunicato stampa del Consiglio federale del 05.12.2025</strong></h2><p class=\"Standard_d\"><strong>Il Consiglio federale intende modificare alcuni punti del diritto della protezione degli adulti</strong></p><p class=\"Standard_d\">Il Consiglio federale vuole rafforzare ulteriormente l\u2019autodeterminazione e la solidariet\u00e0 nella famiglia nel quadro del diritto della protezione degli adulti. A tal fine, propone modifiche mirate del Codice civile (CC). Nella seduta del 5 dicembre 2025 ha adottato il corrispondente messaggio all\u2019attenzione del Parlamento e incaricato il Dipartimento federale di giustizia e polizia (DFGP) di elaborare, entro la fine del 2026, un avamprogetto sull\u2019abolizione della curatela generale. Ci\u00f2 rappresenta il prossimo passo verso ulteriori riforme nella protezione dei minori e degli adulti.</p><p>&nbsp;</p><p class=\"Standard_d\">Dopo le critiche iniziali, la nuova normativa in materia di protezione dei minori e degli adulti, entrata in vigore nel 2013, si \u00e8 affermata e ha dato buoni risultati. Tuttavia, ritenendo che occorra migliorarne alcuni punti, il Consiglio federale propone modifiche mirate volte ad attuare le conoscenze acquisite finora nella pratica e diversi interventi parlamentari. In seguito ai pareri prevalentemente positivi emersi in sede di consultazione, il 7 giugno 2024 il Consiglio federale ha gi\u00e0 stabilito i parametri per una modifica del CC e, nella seduta del 5 dicembre 2025, ha adottato il messaggio all\u2019attenzione del Parlamento.</p><p>&nbsp;</p><p class=\"Standard_d\">Maggiore autodeterminazione e maggiore solidariet\u00e0 nella famiglia</p><p class=\"Standard_d\">Il diritto all\u2019autodeterminazione deve essere rafforzato grazie alla possibilit\u00e0 di depositare in futuro il mandato precauzionale presso un ufficio pubblico in tutta la Svizzera. Inoltre, ogni persona dovr\u00e0 poter decidere gi\u00e0 in anticipo chi nominare curatore. Se una persona diventa incapace di discernimento, occorre tenere conto, per quanto possibile, dei suoi desideri. Per rafforzare la solidariet\u00e0 nella famiglia, in futuro anche i conviventi di fatto avranno il diritto di rappresentare i loro partner incapaci di discernimento. Inoltre, l\u2019autorit\u00e0 di protezione dei minori e degli adulti (APMA) dovr\u00e0 verificare se le persone vicine possono essere nominate curatori. Anche se rinunciano all\u2019esercizio della curatela, le persone vicine devono essere maggiormente coinvolte nei procedimenti e nell\u2019attivit\u00e0 dei curatori. Il Consiglio federale \u00e8 convinto che il coinvolgimento delle persone vicine possa essere importante per il successo delle misure di protezione.</p><p>&nbsp;</p><p class=\"Standard_d\">Adeguamento dei diritti e degli obblighi di avviso</p><p class=\"Standard_d\">Il Consiglio federale propone inoltre di adeguare la regolamentazione relativa all\u2019avviso in caso di pericolo per un adulto. Potranno presentare un avviso anche le persone soggette al segreto professionale senza doverne essere previamente liberate. Inoltre, l\u2019obbligo di avviso sar\u00e0 esteso alle persone che, pur non esercitando alcuna attivit\u00e0 ufficiale, hanno regolarmente contatti con persone bisognose di aiuto come i collaboratori di organizzazioni di sostegno private. Infine, una statistica federale sulle misure di protezione dei minori e degli adulti fornir\u00e0 una panoramica pi\u00f9 chiara della situazione.</p><p>&nbsp;</p><p class=\"Standard_d\">Progetto separato per l\u2019abolizione della curatela generale</p><p class=\"Standard_d\">Il Consiglio federale intende inoltre abolire la curatela generale, perch\u00e9 ritiene che non sia pi\u00f9 opportuno privare per legge una persona dell\u2019esercizio dei diritti civili. La protezione della persona interessata pu\u00f2 essere garantita in modo adeguato con altre misure, meno invasive. Gi\u00e0 oggi, in molti Cantoni la curatela generale viene disposta solo in casi eccezionali. Il DFGP elaborer\u00e0 il pertinente avamprogetto entro fine 2026.</p><p>&nbsp;</p><p class=\"Standard_d\">Altri campi d\u2019azione nell\u2019ambito della protezione dei minori e degli adulti</p><p class=\"Standard_d\">Oltre alle proposte gi\u00e0 citate, il Consiglio federale intende migliorare ulteriormente e in modo sistematico il diritto della protezione dei minori e degli adulti. Di conseguenza, sulla base di una valutazione in corso, presenter\u00e0, presumibilmente nel 2026, un rapporto sulla necessit\u00e0 di legiferare in materia di ricovero a scopo assistenziale di adulti. Attualmente \u00e8 inoltre allo studio un miglioramento delle regole sul collocamento extra familiare nell\u2019ambito di una misura di protezione dei minori. La riforma, suddivisa in pi\u00f9 parti, della protezione dei minori e degli adulti mira a rafforzare ulteriormente i quattro principi fondamentali dell\u2019autodeterminazione, della sussidiariet\u00e0, della solidariet\u00e0 e della partecipazione.</p>","Proceedings":"<h2 class=\"Titel_d\"><strong>Comunicato stampa della Commissione&nbsp;degli affari giuridici del Consiglio nazionale del 21.08.2026</strong></h2><p class=\"Standard_d\">La Commissione degli affari giuridici del Consiglio nazionale (CAG-N) ha concluso la deliberazione di dettaglio sulla revisione del diritto della protezione degli adulti (<a href=\"https://www.parlament.ch/it/ratsbetrieb/suche-curia-vista/geschaeft?AffairId=20250096\">25.096</a>) e ha approvato all\u2019unanimit\u00e0 il progetto nella votazione sul complesso.</p><p>&nbsp;</p><h2 class=\"Titel_d\"><strong>Informazioni</strong></h2><p class=\"Ausk\u00fcnfte_d\">Segreteria della Commissione degli affari giuridici (CAG)</p><p class=\"Ausk\u00fcnfte_d\"><a href=\"mailto:rk.caj@parl.admin.ch\">rk.caj@parl.admin.ch</a></p><p class=\"Ausk\u00fcnfte_d\"><a href=\"https://www.parlament.ch/it/organe/commissioni/commissioni-tematiche/commissioni-cag\">Commissione degli affari giuridici (CAG)</a></p>","DraftText":null,"SubmittedText":null,"ReasonText":null,"DocumentationText":null,"MotionText":null,"FederalCouncilResponseText":null,"FederalCouncilProposal":null,"FederalCouncilProposalText":null,"FederalCouncilProposalDate":null,"SubmittedBy":null,"BusinessStatus":231,"BusinessStatusText":"Fine delle discussioni della Commissione del Consiglio nazionale","BusinessStatusDate":"\/Date(1787299852000)\/","ResponsibleDepartment":5,"ResponsibleDepartmentName":"Dipartimento di giustizia e polizia","ResponsibleDepartmentAbbreviation":"DFGP","IsLeadingDepartment":true,"Tags":"1211","Category":"IIIb/IV","Modified":"\/Date(1787568210960)\/","SubmissionDate":"\/Date(1764892800000)\/","SubmissionCouncil":null,"SubmissionCouncilName":null,"SubmissionCouncilAbbreviation":null,"SubmissionSession":5211,"SubmissionLegislativePeriod":52,"FirstCouncil1":1,"FirstCouncil1Name":"Consiglio nazionale","FirstCouncil1Abbreviation":"CN","FirstCouncil2":null,"FirstCouncil2Name":null,"FirstCouncil2Abbreviation":null,"TagNames":"Diritto civile"}}