{"d":{"__metadata":{"id":"https://ws.parlament.ch/OData.svc/Business(ID=20254320,Language='FR')","uri":"https://ws.parlament.ch/OData.svc/Business(ID=20254320,Language='FR')","type":"itsystems.Pd.DataServices.DataModel.Business"},"BusinessResponsibilities":{"__deferred":{"uri":"https://ws.parlament.ch/OData.svc/Business(ID=20254320,Language='FR')/BusinessResponsibilities"}},"RelatedBusinesses":{"__deferred":{"uri":"https://ws.parlament.ch/OData.svc/Business(ID=20254320,Language='FR')/RelatedBusinesses"}},"BusinessRoles":{"__deferred":{"uri":"https://ws.parlament.ch/OData.svc/Business(ID=20254320,Language='FR')/BusinessRoles"}},"Publications":{"__deferred":{"uri":"https://ws.parlament.ch/OData.svc/Business(ID=20254320,Language='FR')/Publications"}},"LegislativePeriods":{"__deferred":{"uri":"https://ws.parlament.ch/OData.svc/Business(ID=20254320,Language='FR')/LegislativePeriods"}},"Sessions":{"__deferred":{"uri":"https://ws.parlament.ch/OData.svc/Business(ID=20254320,Language='FR')/Sessions"}},"Preconsultations":{"__deferred":{"uri":"https://ws.parlament.ch/OData.svc/Business(ID=20254320,Language='FR')/Preconsultations"}},"Bills":{"__deferred":{"uri":"https://ws.parlament.ch/OData.svc/Business(ID=20254320,Language='FR')/Bills"}},"Councils":{"__deferred":{"uri":"https://ws.parlament.ch/OData.svc/Business(ID=20254320,Language='FR')/Councils"}},"BusinessTypes":{"__deferred":{"uri":"https://ws.parlament.ch/OData.svc/Business(ID=20254320,Language='FR')/BusinessTypes"}},"Votes":{"__deferred":{"uri":"https://ws.parlament.ch/OData.svc/Business(ID=20254320,Language='FR')/Votes"}},"SubjectsBusiness":{"__deferred":{"uri":"https://ws.parlament.ch/OData.svc/Business(ID=20254320,Language='FR')/SubjectsBusiness"}},"BusinessStates":{"__deferred":{"uri":"https://ws.parlament.ch/OData.svc/Business(ID=20254320,Language='FR')/BusinessStates"}},"Council":{"__deferred":{"uri":"https://ws.parlament.ch/OData.svc/Business(ID=20254320,Language='FR')/Council"}},"Transcripts":{"__deferred":{"uri":"https://ws.parlament.ch/OData.svc/Business(ID=20254320,Language='FR')/Transcripts"}},"ID":20254320,"Language":"FR","BusinessShortNumber":"25.4320","BusinessType":6,"BusinessTypeName":"Postulat","BusinessTypeAbbreviation":"Po.","Title":"La p\u00e9r\u00e9quation financi\u00e8re doit mieux refl\u00e9ter les charges d\u00e9coulant r\u00e9ellement de la g\u00e9otopographie","Description":null,"InitialSituation":null,"Proceedings":null,"DraftText":null,"SubmittedText":"<p>Le Conseil f\u00e9d\u00e9ral est charg\u00e9 d\u2019exposer dans le rapport sur l\u2019efficacit\u00e9 de la p\u00e9r\u00e9quation financi\u00e8re et de la compensation des charges 2026-2029 comment les charges g\u00e9o-topographiques pourraient \u00eatre compens\u00e9es d\u2019une mani\u00e8re plus \u00e9quitable. Le rapport devra proposer des indicateurs qui tiendront compte mieux que les crit\u00e8res actuels des charges effectives sup\u00e9rieures \u00e0 la moyenne d\u00e9coulant de facteurs g\u00e9o-topographiques. Les effets de la p\u00e9r\u00e9quation sur les cantons seront pr\u00e9sent\u00e9s graphiquement en fonction de l\u2019indicateur et du coefficient choisis.</p>","ReasonText":"<p>La p\u00e9r\u00e9quation financi\u00e8re et la compensation des charges au niveau national comprennent deux instruments \u00ab verticaux \u00bb enti\u00e8rement financ\u00e9s par la Conf\u00e9d\u00e9ration : la compensation des charges socio-d\u00e9mographiques (525 millions de francs) et la compensation des charges g\u00e9o-topographiques (385 millions de francs ; valeurs 2025).</p><p>L\u2019indicateur utilis\u00e9 pour calculer la compensation des charges g\u00e9o-topographiques n\u2019est pas satisfaisant. Il conduit en effet \u00e0 un d\u00e9savantage relatif des cantons qui pr\u00e9sentent une topographie contraignante, \u00e0 savoir des versants escarp\u00e9s, des vall\u00e9es ou des portions de vall\u00e9es \u00e9troites, peu de terrains plats, alors que la majeure partie de leurs zones urbanis\u00e9es et de leurs surfaces agricoles utiles se situent \u00e0 moins de 800 m\u00e8tres d\u2019altitude.&nbsp;</p><p>Ce d\u00e9savantage relatif r\u00e9sulte des indicateurs utilis\u00e9s jusqu'\u00e0 pr\u00e9sent : a) altitude m\u00e9diane des surfaces productives (pond\u00e9ration 33,3 %) ; b) proportion d'habitants vivant \u00e0 plus de 800 m\u00e8tres d'altitude (pond\u00e9ration 33,3 %) ; c) forte proportion de la population vivant dans des localit\u00e9s de moins de 200 habitants (pond\u00e9ration 16,7 %) ; d) faible densit\u00e9 de population, soit petit nombre d'habitants par hectare (pond\u00e9ration 16,7 %).&nbsp;</p><p>Un nouvel indicateur devra refl\u00e9ter la pente moyenne des zones urbanis\u00e9es ainsi que des surfaces productives et des zones prot\u00e9g\u00e9es (\u00e0 savoir les surfaces agricoles et foresti\u00e8res). Il devra au moins compl\u00e9ter, voire remplacer, les indicateurs a) et b) actuels, car l'altitude ne donne que peu d'informations sur les charges particuli\u00e8res pesant sur un canton, contrairement \u00e0 la pente et au relief des surfaces exploitables.</p>","DocumentationText":null,"MotionText":null,"FederalCouncilResponseText":"<p>Le Conseil f\u00e9d\u00e9ral propose d'accepter le postulat.</p>","FederalCouncilProposal":44,"FederalCouncilProposalText":"Adoption","FederalCouncilProposalDate":"\/Date(1762905600000)\/","SubmittedBy":"Wettstein Felix","BusinessStatus":209,"BusinessStatusText":"Transmis au Conseil f\u00e9d\u00e9ral","BusinessStatusDate":"\/Date(1780413399000)\/","ResponsibleDepartment":7,"ResponsibleDepartmentName":"D\u00e9partement des finances","ResponsibleDepartmentAbbreviation":"DFF","IsLeadingDepartment":true,"Tags":"4","Category":null,"Modified":"\/Date(1780413411373)\/","SubmissionDate":"\/Date(1758844800000)\/","SubmissionCouncil":1,"SubmissionCouncilName":"Conseil national","SubmissionCouncilAbbreviation":"CN","SubmissionSession":5210,"SubmissionLegislativePeriod":52,"FirstCouncil1":1,"FirstCouncil1Name":"Conseil national","FirstCouncil1Abbreviation":"CN","FirstCouncil2":null,"FirstCouncil2Name":null,"FirstCouncil2Abbreviation":null,"TagNames":"Politique d'Etat"}}