{"d":{"__metadata":{"id":"https://ws.parlament.ch/OData.svc/Business(ID=20260009,Language='FR')","uri":"https://ws.parlament.ch/OData.svc/Business(ID=20260009,Language='FR')","type":"itsystems.Pd.DataServices.DataModel.Business"},"BusinessResponsibilities":{"__deferred":{"uri":"https://ws.parlament.ch/OData.svc/Business(ID=20260009,Language='FR')/BusinessResponsibilities"}},"RelatedBusinesses":{"__deferred":{"uri":"https://ws.parlament.ch/OData.svc/Business(ID=20260009,Language='FR')/RelatedBusinesses"}},"BusinessRoles":{"__deferred":{"uri":"https://ws.parlament.ch/OData.svc/Business(ID=20260009,Language='FR')/BusinessRoles"}},"Publications":{"__deferred":{"uri":"https://ws.parlament.ch/OData.svc/Business(ID=20260009,Language='FR')/Publications"}},"LegislativePeriods":{"__deferred":{"uri":"https://ws.parlament.ch/OData.svc/Business(ID=20260009,Language='FR')/LegislativePeriods"}},"Sessions":{"__deferred":{"uri":"https://ws.parlament.ch/OData.svc/Business(ID=20260009,Language='FR')/Sessions"}},"Preconsultations":{"__deferred":{"uri":"https://ws.parlament.ch/OData.svc/Business(ID=20260009,Language='FR')/Preconsultations"}},"Bills":{"__deferred":{"uri":"https://ws.parlament.ch/OData.svc/Business(ID=20260009,Language='FR')/Bills"}},"Councils":{"__deferred":{"uri":"https://ws.parlament.ch/OData.svc/Business(ID=20260009,Language='FR')/Councils"}},"BusinessTypes":{"__deferred":{"uri":"https://ws.parlament.ch/OData.svc/Business(ID=20260009,Language='FR')/BusinessTypes"}},"Votes":{"__deferred":{"uri":"https://ws.parlament.ch/OData.svc/Business(ID=20260009,Language='FR')/Votes"}},"SubjectsBusiness":{"__deferred":{"uri":"https://ws.parlament.ch/OData.svc/Business(ID=20260009,Language='FR')/SubjectsBusiness"}},"BusinessStates":{"__deferred":{"uri":"https://ws.parlament.ch/OData.svc/Business(ID=20260009,Language='FR')/BusinessStates"}},"Council":{"__deferred":{"uri":"https://ws.parlament.ch/OData.svc/Business(ID=20260009,Language='FR')/Council"}},"Transcripts":{"__deferred":{"uri":"https://ws.parlament.ch/OData.svc/Business(ID=20260009,Language='FR')/Transcripts"}},"ID":20260009,"Language":"FR","BusinessShortNumber":"26.009","BusinessType":1,"BusinessTypeName":"Objet du Conseil f\u00e9d\u00e9ral","BusinessTypeAbbreviation":"OCF","Title":"Rapport de politique ext\u00e9rieure 2025","Description":"Rapport sur la politique ext\u00e9rieure 2025 du 6 mars 2026","InitialSituation":"<h2 class=\"Titel_d\"><strong>Communiqu\u00e9 de presse du Conseil f\u00e9d\u00e9ral du 06.03.2026</strong></h2><p class=\"Standard_d\"><strong>Rapport sur la politique ext\u00e9rieure 2025 : le Conseil f\u00e9d\u00e9ral mise sur un multilat\u00e9ralisme cibl\u00e9 et efficace</strong></p><p class=\"Standard_d\"><strong>Le Conseil f\u00e9d\u00e9ral a adopt\u00e9 le rapport sur la politique ext\u00e9rieure 2025 lors de sa s\u00e9ance du 6 mars 2026. Le rapport rend compte des activit\u00e9s de politique ext\u00e9rieure de l\u2019ann\u00e9e \u00e9coul\u00e9e et dresse un bilan \u00e0 mi-parcours de la strat\u00e9gie de politique ext\u00e9rieure 2024-2027. La question fondamentale est de d\u00e9terminer comment la Suisse peut pr\u00e9server ses int\u00e9r\u00eats dans un environnement de plus en plus fragment\u00e9 et contribuer \u00e0 un multilat\u00e9ralisme efficace.</strong></p><p>&nbsp;</p><p class=\"Standard_d\">Face \u00e0 un multilat\u00e9ralisme en pleine mutation, une r\u00e9ponse claire et cibl\u00e9e</p><p class=\"Standard_d\">L\u2019ordre international est devenu plus fragile et plus impr\u00e9visible. Les tensions g\u00e9opolitiques, les nouveaux rapports de force et la circonspection qu\u2019expriment les pays \u00e0 l\u2019\u00e9gard de la coop\u00e9ration internationale dans leur politique int\u00e9rieure modifient fonci\u00e8rement les conditions qui sous-tendent la coop\u00e9ration multilat\u00e9rale. Pour un \u00c9tat tel que la Suisse, bien ancr\u00e9 dans la mondialisation et tourn\u00e9 vers l\u2019exportation, un ordre international fond\u00e9 sur des r\u00e8gles et fonctionnel reste capital.</p><p class=\"Standard_d\">Dans la partie consacr\u00e9e au multilat\u00e9ralisme, le Conseil f\u00e9d\u00e9ral analyse les \u00e9l\u00e9ments \u00e0 l\u2019origine de son \u00e9volution et en tire des conclusions pour la Suisse. Il mise par cons\u00e9quent sur un multilat\u00e9ralisme cibl\u00e9. La solution ne r\u00e9side pas dans une extension constante des normes internationales mais dans l\u2019application syst\u00e9matique des engagements souscrits ainsi que dans leur prise en compte r\u00e9ciproque. L\u2019efficacit\u00e9 du droit international repose sur la fiabilit\u00e9, la r\u00e9ciprocit\u00e9 et la l\u00e9gitimit\u00e9 d\u00e9mocratique. Les d\u00e9veloppements entrepris doivent \u00eatre ax\u00e9s sur les besoins et tenir compte du principe de subsidiarit\u00e9.</p><p class=\"Standard_d\">La coop\u00e9ration internationale doit rester compr\u00e9hensible pour la population et produire des r\u00e9sultats mesurables. &nbsp;Lorsque les progr\u00e8s sont bloqu\u00e9s, la Suisse recourt donc davantage \u00e0 des coalitions flexibles et \u00e0 des alliances th\u00e9matiques, en plus des organisations \u00e9tablies.</p><p>&nbsp;</p><p class=\"Standard_d\">Bilan \u00e0 mi-parcours de la strat\u00e9gie de politique ext\u00e9rieure 2024-2027</p><p class=\"Standard_d\">Avec le rapport sur la politique ext\u00e9rieure, le Conseil f\u00e9d\u00e9ral dresse un bilan \u00e0 mi-parcours de la l\u00e9gislature en cours. Il est en bonne voie concernant 16 des 28 objectifs fix\u00e9s. Dans certains domaines, la situation s\u2019est d\u00e9grad\u00e9e par rapport \u00e0 l\u2019ann\u00e9e pr\u00e9c\u00e9dente, principalement en raison de la situation tendue dans la politique internationale et de la conjoncture financi\u00e8re.</p><p class=\"Standard_d\">En ce qui concerne la priorit\u00e9 Europe, le Conseil f\u00e9d\u00e9ral est en passe de r\u00e9aliser les objectifs qu\u2019il s\u2019\u00e9tait fix\u00e9s par rapport \u00e0 l\u2019UE, aux \u00c9tats voisins et \u00e0 la question Schengen. Une \u00e9tape importante a \u00e9t\u00e9 franchie gr\u00e2ce au paquet \u00ab stabilisation et d\u00e9veloppement des relations Suisse-UE (Bilat\u00e9rales III) \u00bb. Les textes des accords ont \u00e9t\u00e9 approuv\u00e9s et une consultation a \u00e9t\u00e9 men\u00e9e sur le sujet. La signature des accords et la pr\u00e9sentation du message au Parlement sont pr\u00e9vues au cours du premier trimestre 2026.</p><p class=\"Standard_d\">Sur la question du multilat\u00e9ralisme, le Conseil f\u00e9d\u00e9ral a intensifi\u00e9 ses efforts et est globalement en bonne voie. La mise en \u0153uvre de l\u2019Agenda 2030 reste cependant une entreprise ambitieuse. En ce qui concerne la priorit\u00e9 th\u00e9matique Paix et s\u00e9curit\u00e9, la Suisse a pu renforcer le r\u00f4le qu\u2019elle exerce dans la diplomatie de la paix et dans le domaine des bons offices. Dans le m\u00eame temps, les tensions g\u00e9opolitiques entravent les progr\u00e8s en mati\u00e8re de ma\u00eetrise des armements, tandis que les besoins humanitaires continuent de cro\u00eetre.</p><p class=\"Standard_d\">Concernant les volets Prosp\u00e9rit\u00e9 et comp\u00e9titivit\u00e9 et D\u00e9mocratie et gouvernance, la r\u00e9alisation des objectifs du Conseil f\u00e9d\u00e9ral a atteint un stade avanc\u00e9. La Suisse conserve sa position de leader international dans les domaines de la formation, de la recherche et de l\u2019innovation et renforce sa diversification \u00e9conomique. En mati\u00e8re d\u2019environnement, les objectifs sont en partie menac\u00e9s ; le morcellement g\u00e9opolitique freine les progr\u00e8s \u00e0 l\u2019\u00e9chelle mondiale.</p><p>&nbsp;</p><p class=\"Standard_d\">Gen\u00e8ve internationale et d\u00e9veloppement strat\u00e9gique</p><p class=\"Standard_d\">Le rapport sur la politique ext\u00e9rieure 2025 souligne l\u2019importance de la Gen\u00e8ve internationale en tant que p\u00f4le central du multilat\u00e9ralisme. La Suisse renforce son r\u00f4le d\u2019\u00c9tat h\u00f4te et s\u2019emploie \u00e0 ce que les organisations internationales puissent travailler efficacement, remplir leurs missions premi\u00e8res et \u00e9liminer les redondances.</p><p class=\"Standard_d\">Parall\u00e8lement \u00e0 cela, le Conseil f\u00e9d\u00e9ral a le regard tourn\u00e9 vers l\u2019avenir. Les enjeux li\u00e9s au climat, \u00e0 la sant\u00e9 mondiale et aux nouvelles technologies ont une influence sur la stabilit\u00e9 et la comp\u00e9titivit\u00e9 \u00e0 long terme. Un r\u00f4le de levier important incombe \u00e0 la Gen\u00e8ve internationale pour conjuguer l\u2019expertise scientifique avec les processus diplomatiques et contribuer activement \u00e0 l\u2019\u00e9laboration des r\u00e8gles mondiales.</p><p>&nbsp;</p><p class=\"Standard_d\">Orientation vers des principes clairs</p><p class=\"Standard_d\">Le Conseil f\u00e9d\u00e9ral est fid\u00e8le \u00e0 l\u2019objectif 9 de la strat\u00e9gie de politique ext\u00e9rieure 2024-2027 : la Suisse agit en faveur d\u2019un multilat\u00e9ralisme cibl\u00e9, reposant sur le respect des r\u00e8gles, sur le principe de subsidiarit\u00e9 et sur une approche coh\u00e9rente, et contribue \u00e0 un monde plus s\u00fbr.</p><p class=\"Standard_d\">Dans la phase actuelle de turbulences g\u00e9opolitiques, la coop\u00e9ration internationale n\u2019est pas une fin en soi pour la Suisse mais un instrument strat\u00e9gique permettant de garantir la paix, la stabilit\u00e9 et la prosp\u00e9rit\u00e9.</p><p class=\"Standard_d\"><a href=\"https://cms.news.admin.ch/dam/de/der-schweizerische-bundesrat/bB3tCZqoXt2E/APB2025+FR.pdf\">Rapport sur la politique ext\u00e9rieure</a></p>","Proceedings":"<h3 class=\"Debatte_sda_linksb\u00fcndig_d\"><strong>D\u00e9lib\u00e9rations au Conseil des Etats, 16.06.2026</strong></h3><p class=\"Standard_d\">Pris acte</p><p>&nbsp;</p><h3 class=\"Debatte_sda_linksb\u00fcndig_d\"><strong>D\u00e9lib\u00e9rations au Conseil national, 18.06.2026</strong></h3><p>Pris acte</p><p>&nbsp;</p><h2 class=\"Titel_d\"><strong>Renseignements</strong></h2><p class=\"Ausk\u00fcnfte_d\">Secr\u00e9tariat de la Commission de politique ext\u00e9rieure (CPE)</p><p class=\"Ausk\u00fcnfte_d\"><a href=\"mailto:apk.cpe@parl.admin.ch\">apk.cpe@parl.admin.ch</a></p><p class=\"Ausk\u00fcnfte_d\"><a href=\"https://www.parlament.ch/fr/organe/commissions/commissions-thematiques/commissions-cpe\">Commission de politique ext\u00e9rieure (CPE)</a></p>","DraftText":null,"SubmittedText":null,"ReasonText":null,"DocumentationText":null,"MotionText":null,"FederalCouncilResponseText":null,"FederalCouncilProposal":null,"FederalCouncilProposalText":null,"FederalCouncilProposalDate":null,"SubmittedBy":null,"BusinessStatus":229,"BusinessStatusText":"Liquid\u00e9","BusinessStatusDate":"\/Date(1781796945000)\/","ResponsibleDepartment":3,"ResponsibleDepartmentName":"D\u00e9partement des affaires \u00e9trang\u00e8res","ResponsibleDepartmentAbbreviation":"DFAE","IsLeadingDepartment":true,"Tags":"8","Category":"IIIa/IV","Modified":"\/Date(1782141651287)\/","SubmissionDate":"\/Date(1772755200000)\/","SubmissionCouncil":null,"SubmissionCouncilName":null,"SubmissionCouncilAbbreviation":null,"SubmissionSession":5212,"SubmissionLegislativePeriod":52,"FirstCouncil1":2,"FirstCouncil1Name":"Conseil des Etats","FirstCouncil1Abbreviation":"CE","FirstCouncil2":1,"FirstCouncil2Name":"Conseil national","FirstCouncil2Abbreviation":"CN","TagNames":"Politique internationale"}}