{"d":{"__metadata":{"id":"https://ws.parlament.ch/OData.svc/Business(ID=20260439,Language='FR')","uri":"https://ws.parlament.ch/OData.svc/Business(ID=20260439,Language='FR')","type":"itsystems.Pd.DataServices.DataModel.Business"},"BusinessResponsibilities":{"__deferred":{"uri":"https://ws.parlament.ch/OData.svc/Business(ID=20260439,Language='FR')/BusinessResponsibilities"}},"RelatedBusinesses":{"__deferred":{"uri":"https://ws.parlament.ch/OData.svc/Business(ID=20260439,Language='FR')/RelatedBusinesses"}},"BusinessRoles":{"__deferred":{"uri":"https://ws.parlament.ch/OData.svc/Business(ID=20260439,Language='FR')/BusinessRoles"}},"Publications":{"__deferred":{"uri":"https://ws.parlament.ch/OData.svc/Business(ID=20260439,Language='FR')/Publications"}},"LegislativePeriods":{"__deferred":{"uri":"https://ws.parlament.ch/OData.svc/Business(ID=20260439,Language='FR')/LegislativePeriods"}},"Sessions":{"__deferred":{"uri":"https://ws.parlament.ch/OData.svc/Business(ID=20260439,Language='FR')/Sessions"}},"Preconsultations":{"__deferred":{"uri":"https://ws.parlament.ch/OData.svc/Business(ID=20260439,Language='FR')/Preconsultations"}},"Bills":{"__deferred":{"uri":"https://ws.parlament.ch/OData.svc/Business(ID=20260439,Language='FR')/Bills"}},"Councils":{"__deferred":{"uri":"https://ws.parlament.ch/OData.svc/Business(ID=20260439,Language='FR')/Councils"}},"BusinessTypes":{"__deferred":{"uri":"https://ws.parlament.ch/OData.svc/Business(ID=20260439,Language='FR')/BusinessTypes"}},"Votes":{"__deferred":{"uri":"https://ws.parlament.ch/OData.svc/Business(ID=20260439,Language='FR')/Votes"}},"SubjectsBusiness":{"__deferred":{"uri":"https://ws.parlament.ch/OData.svc/Business(ID=20260439,Language='FR')/SubjectsBusiness"}},"BusinessStates":{"__deferred":{"uri":"https://ws.parlament.ch/OData.svc/Business(ID=20260439,Language='FR')/BusinessStates"}},"Council":{"__deferred":{"uri":"https://ws.parlament.ch/OData.svc/Business(ID=20260439,Language='FR')/Council"}},"Transcripts":{"__deferred":{"uri":"https://ws.parlament.ch/OData.svc/Business(ID=20260439,Language='FR')/Transcripts"}},"ID":20260439,"Language":"FR","BusinessShortNumber":"26.439","BusinessType":4,"BusinessTypeName":"Initiative parlementaire","BusinessTypeAbbreviation":"Iv. pa.","Title":"Conseil national. Suppl\u00e9ance pour cause de maternit\u00e9","Description":null,"InitialSituation":null,"Proceedings":null,"DraftText":null,"SubmittedText":"<p>Me fondant sur les art.&nbsp;160, al.&nbsp;1, de la Constitution et 107 de la loi sur le Parlement, je d\u00e9pose l\u2019initiative suivante.</p><p>La Constitution et la loi sur le Parlement sont modifi\u00e9es pour que les membres du Conseil national qui sont emp\u00each\u00e9s pour cause de maternit\u00e9 puissent se faire remplacer au sein du conseil pendant une dur\u00e9e limit\u00e9e. Le syst\u00e8me sera facultatif et reposera sur la proc\u00e9dure de substitution en vigueur.</p>","ReasonText":"<p>L\u2019art.&nbsp;10 de la loi sur le Parlement pr\u00e9voit que les d\u00e9put\u00e9s sont tenus de participer aux s\u00e9ances du conseil et des commissions dont ils sont membres. Les \u00e9lecteurs attendent de ceux qu\u2019ils ont \u00e9lus qu\u2019ils fassent preuve de s\u00e9rieux et d\u2019assiduit\u00e9 dans l\u2019exercice du mandat qui leur a \u00e9t\u00e9 confi\u00e9. Si les s\u00e9ances de commission ne posent g\u00e9n\u00e9ralement pas de probl\u00e8mes particuliers, puisqu\u2019on peut s\u2019y faire remplacer en vertu du r\u00e8glement du conseil (pour le Conseil national&nbsp;: art.&nbsp;18), il n\u2019en va pas de m\u00eame pour les s\u00e9ances pl\u00e9ni\u00e8res des conseils. Comme dans tout parlement de milice, il est rare que les membres d\u2019un conseil soient tous pr\u00e9sents lorsque celui-ci si\u00e8ge. Il y a sans doute mille raisons pour ne pas assister \u00e0 une s\u00e9ance, mais l\u2019une d\u2019elles est particuli\u00e8re&nbsp;: la maternit\u00e9, qui, pour des raisons \u00e0 la fois pratiques et juridiques, entra\u00eene d\u2019ordinaire une absence assez longue. L\u2019exercice d\u2019un mandat parlementaire s\u2019en trouve consid\u00e9rablement compliqu\u00e9 pour les jeunes m\u00e8res, de sorte que l\u2019objectif de concilier maternit\u00e9 et politique n\u2019est pas encore pleinement atteint. Or, un si\u00e8ge vacant entra\u00eene des majorit\u00e9s fortuites qui faussent la volont\u00e9 des \u00e9lecteurs et conduit de facto \u00e0 une sous-repr\u00e9sentation de ceux qui ont vot\u00e9 pour la parlementaire concern\u00e9e.</p><p>&nbsp;</p><p>Plusieurs parlements cantonaux ont combl\u00e9 cette lacune, le dernier en date \u00e9tant le canton de Soleure, o\u00f9 les citoyens ont accept\u00e9 le 14&nbsp;juin 2026 par 58,6&nbsp;% de oui de modifier la Constitution pour y rem\u00e9dier. Le canton de Zurich est m\u00eame all\u00e9 plus loin le m\u00eame jour, puisqu\u2019il a accept\u00e9 par 64,1&nbsp;% de oui une modification constitutionnelle qui permet un remplacement non seulement en cas de maternit\u00e9, mais aussi en cas de maladie ou d\u2019accident, pour une dur\u00e9e comprise entre trois et douze mois. Il tient ainsi compte du fait que les probl\u00e8mes d\u00e9mocratiques qu\u2019entra\u00eenent des absences prolong\u00e9es (majorit\u00e9s fortuites, distorsion de la volont\u00e9 des \u00e9lecteurs, sous-repr\u00e9sentation de groupes d\u2019\u00e9lecteurs) se posent pour tout type d\u2019emp\u00eachement. La commission comp\u00e9tente examinera par cons\u00e9quent la possibilit\u00e9 d\u2019instaurer au niveau f\u00e9d\u00e9ral un syst\u00e8me analogue \u00e0 la solution appliqu\u00e9e par le canton de Zurich, qui couvre \u00e9galement la maladie et les accidents.</p><p>En tout \u00e9tat de cause&nbsp;: il est temps d\u2019agir au niveau f\u00e9d\u00e9ral.</p><p>La mise en \u0153uvre sera simple&nbsp;: une base constitutionnelle sous la forme d\u2019un compl\u00e9ment \u00e0 l\u2019art.&nbsp;149 Cst. et des dispositions d\u2019ex\u00e9cution dans la loi sur le Parlement. Les modalit\u00e9s concr\u00e8tes (dur\u00e9e minimale et maximale, proc\u00e9dure et \u00e9ventuelle extension \u00e0 la maladie et aux accidents) sont laiss\u00e9es \u00e0 l\u2019appr\u00e9ciation de la commission comp\u00e9tente.</p>","DocumentationText":null,"MotionText":null,"FederalCouncilResponseText":null,"FederalCouncilProposal":null,"FederalCouncilProposalText":null,"FederalCouncilProposalDate":null,"SubmittedBy":"Groupe des VERT-E-S","BusinessStatus":204,"BusinessStatusText":"Attribu\u00e9 \u00e0 la commission comp\u00e9tente","BusinessStatusDate":"\/Date(1787753457137)\/","ResponsibleDepartment":1,"ResponsibleDepartmentName":"Parlement","ResponsibleDepartmentAbbreviation":"Parl","IsLeadingDepartment":true,"Tags":"28|421|2836","Category":null,"Modified":"\/Date(1787753463560)\/","SubmissionDate":"\/Date(1781827200000)\/","SubmissionCouncil":1,"SubmissionCouncilName":"Conseil national","SubmissionCouncilAbbreviation":"CN","SubmissionSession":5214,"SubmissionLegislativePeriod":52,"FirstCouncil1":1,"FirstCouncil1Name":"Conseil national","FirstCouncil1Abbreviation":"CN","FirstCouncil2":null,"FirstCouncil2Name":null,"FirstCouncil2Abbreviation":null,"TagNames":"Questions sociales|Parlement|Protection sociale"}}