{"d":{"__metadata":{"id":"https://ws.parlament.ch/OData.svc/Business(ID=20260445,Language='DE')","uri":"https://ws.parlament.ch/OData.svc/Business(ID=20260445,Language='DE')","type":"itsystems.Pd.DataServices.DataModel.Business"},"BusinessResponsibilities":{"__deferred":{"uri":"https://ws.parlament.ch/OData.svc/Business(ID=20260445,Language='DE')/BusinessResponsibilities"}},"RelatedBusinesses":{"__deferred":{"uri":"https://ws.parlament.ch/OData.svc/Business(ID=20260445,Language='DE')/RelatedBusinesses"}},"BusinessRoles":{"__deferred":{"uri":"https://ws.parlament.ch/OData.svc/Business(ID=20260445,Language='DE')/BusinessRoles"}},"Publications":{"__deferred":{"uri":"https://ws.parlament.ch/OData.svc/Business(ID=20260445,Language='DE')/Publications"}},"LegislativePeriods":{"__deferred":{"uri":"https://ws.parlament.ch/OData.svc/Business(ID=20260445,Language='DE')/LegislativePeriods"}},"Sessions":{"__deferred":{"uri":"https://ws.parlament.ch/OData.svc/Business(ID=20260445,Language='DE')/Sessions"}},"Preconsultations":{"__deferred":{"uri":"https://ws.parlament.ch/OData.svc/Business(ID=20260445,Language='DE')/Preconsultations"}},"Bills":{"__deferred":{"uri":"https://ws.parlament.ch/OData.svc/Business(ID=20260445,Language='DE')/Bills"}},"Councils":{"__deferred":{"uri":"https://ws.parlament.ch/OData.svc/Business(ID=20260445,Language='DE')/Councils"}},"BusinessTypes":{"__deferred":{"uri":"https://ws.parlament.ch/OData.svc/Business(ID=20260445,Language='DE')/BusinessTypes"}},"Votes":{"__deferred":{"uri":"https://ws.parlament.ch/OData.svc/Business(ID=20260445,Language='DE')/Votes"}},"SubjectsBusiness":{"__deferred":{"uri":"https://ws.parlament.ch/OData.svc/Business(ID=20260445,Language='DE')/SubjectsBusiness"}},"BusinessStates":{"__deferred":{"uri":"https://ws.parlament.ch/OData.svc/Business(ID=20260445,Language='DE')/BusinessStates"}},"Council":{"__deferred":{"uri":"https://ws.parlament.ch/OData.svc/Business(ID=20260445,Language='DE')/Council"}},"Transcripts":{"__deferred":{"uri":"https://ws.parlament.ch/OData.svc/Business(ID=20260445,Language='DE')/Transcripts"}},"ID":20260445,"Language":"DE","BusinessShortNumber":"26.445","BusinessType":4,"BusinessTypeName":"Parlamentarische Initiative","BusinessTypeAbbreviation":"Pa. Iv.","Title":"Eine Eidesformel ohne Nennung von Gott dem Allm\u00e4chtigen ","Description":null,"InitialSituation":null,"Proceedings":null,"DraftText":null,"SubmittedText":"<p>Diese Pa. Iv. schl\u00e4gt vor, eine alternative Eidesformel zu schaffen, welche nicht Bezug nimmt auf Gott den Allm\u00e4chtigen (mit analoger Umsetzung bzw.&nbsp;Wortwahl in Italienisch und Franz\u00f6sisch).</p><p>&nbsp;</p><figure class=\"table\"><table><tbody><tr><td>Aktuelle Eidesformel</td><td>Zus\u00e4tzliche, alternative Eidesformel</td></tr><tr><td>&nbsp;</td><td>&nbsp;</td></tr><tr><td><p>\u201cIch schw\u00f6re vor Gott dem Allm\u00e4chtigen, die Verfassung und die Gesetze zu beachten und die Pflichten meines Amtes gewissenhaft zu erf\u00fcllen.\u00bb</p><p>&nbsp;</p></td><td><p>\u201cIch schw\u00f6re <strong>auf meine Ehre und mein Gewissen</strong>, die Verfassung und die Gesetze zu beachten und die Pflichten meines Amtes gewissenhaft zu erf\u00fcllen.\u00bb</p><p>&nbsp;</p></td></tr><tr><td>&nbsp;</td><td><p>&nbsp;</p><p>&nbsp;</p></td></tr><tr><td>&nbsp;</td><td>Im Falle der Annahme der pa. Iv.&nbsp; \u201cVerbindlichere Formulierung von Eidesformel und Gel\u00fcbde\u201d:</td></tr><tr><td>&nbsp;</td><td>&nbsp;</td></tr><tr><td>&nbsp;</td><td><p>\u201cIch schw\u00f6re <strong>auf meine Ehre und mein Gewissen</strong>, die Verfassung und die Gesetze zu befolgen und die Pflichten meines Amtes gewissenhaft zu erf\u00fcllen.\u00bb</p><p>&nbsp;</p></td></tr></tbody></table></figure><p>&nbsp;</p>","ReasonText":"<p>Es fehlt aktuell eine Formel f\u00fcr Parlamentsmitglieder, die gerne den Eid ablegen w\u00fcrden, aber dies nicht mit Bezug auf Gott den Allm\u00e4chtigen tun wollen.</p><p>Der Bezug auf Gott den Allm\u00e4chtigen soll ersetzt werden mit dem Bezug auf Ehre und Gewissen. Mehrere Kantone verwenden bei der Vereidigung neuer Beh\u00f6rdenmitglieder diese&nbsp; Formulierung \u2013 beispielsweise der Kanton Wallis (\"Ich verspreche auf meine Ehre und mein Gewissen, der Verfassung des Kantons Wallis treu zu sein ...\u201d)</p><p>Der Bezug zu Gott w\u00fcrde indirekt bewahrt bleiben durch die Pr\u00e4ambel der Verfassung, auf welche der Eid geleistet wird (\u201cIm Namen Gottes des Allm\u00e4chtigen!\u201d) und durch die drei Schwurfinger, die sich auf Vater, Sohn und Heiligen Geist beziehen.</p>","DocumentationText":null,"MotionText":null,"FederalCouncilResponseText":null,"FederalCouncilProposal":null,"FederalCouncilProposalText":null,"FederalCouncilProposalDate":null,"SubmittedBy":"Schmezer Ueli","BusinessStatus":204,"BusinessStatusText":"Zugewiesen an die behandelnde Kommission","BusinessStatusDate":"\/Date(1787754004543)\/","ResponsibleDepartment":1,"ResponsibleDepartmentName":"Parlament","ResponsibleDepartmentAbbreviation":"Parl","IsLeadingDepartment":true,"Tags":"421|2831","Category":null,"Modified":"\/Date(1787754016183)\/","SubmissionDate":"\/Date(1781827200000)\/","SubmissionCouncil":1,"SubmissionCouncilName":"Nationalrat","SubmissionCouncilAbbreviation":"NR","SubmissionSession":5214,"SubmissionLegislativePeriod":52,"FirstCouncil1":1,"FirstCouncil1Name":"Nationalrat","FirstCouncil1Abbreviation":"NR","FirstCouncil2":null,"FirstCouncil2Name":null,"FirstCouncil2Abbreviation":null,"TagNames":"Parlament|Kultur"}}