{"d":{"__metadata":{"id":"https://ws.parlament.ch/OData.svc/Business(ID=20263540,Language='FR')","uri":"https://ws.parlament.ch/OData.svc/Business(ID=20263540,Language='FR')","type":"itsystems.Pd.DataServices.DataModel.Business"},"BusinessResponsibilities":{"__deferred":{"uri":"https://ws.parlament.ch/OData.svc/Business(ID=20263540,Language='FR')/BusinessResponsibilities"}},"RelatedBusinesses":{"__deferred":{"uri":"https://ws.parlament.ch/OData.svc/Business(ID=20263540,Language='FR')/RelatedBusinesses"}},"BusinessRoles":{"__deferred":{"uri":"https://ws.parlament.ch/OData.svc/Business(ID=20263540,Language='FR')/BusinessRoles"}},"Publications":{"__deferred":{"uri":"https://ws.parlament.ch/OData.svc/Business(ID=20263540,Language='FR')/Publications"}},"LegislativePeriods":{"__deferred":{"uri":"https://ws.parlament.ch/OData.svc/Business(ID=20263540,Language='FR')/LegislativePeriods"}},"Sessions":{"__deferred":{"uri":"https://ws.parlament.ch/OData.svc/Business(ID=20263540,Language='FR')/Sessions"}},"Preconsultations":{"__deferred":{"uri":"https://ws.parlament.ch/OData.svc/Business(ID=20263540,Language='FR')/Preconsultations"}},"Bills":{"__deferred":{"uri":"https://ws.parlament.ch/OData.svc/Business(ID=20263540,Language='FR')/Bills"}},"Councils":{"__deferred":{"uri":"https://ws.parlament.ch/OData.svc/Business(ID=20263540,Language='FR')/Councils"}},"BusinessTypes":{"__deferred":{"uri":"https://ws.parlament.ch/OData.svc/Business(ID=20263540,Language='FR')/BusinessTypes"}},"Votes":{"__deferred":{"uri":"https://ws.parlament.ch/OData.svc/Business(ID=20263540,Language='FR')/Votes"}},"SubjectsBusiness":{"__deferred":{"uri":"https://ws.parlament.ch/OData.svc/Business(ID=20263540,Language='FR')/SubjectsBusiness"}},"BusinessStates":{"__deferred":{"uri":"https://ws.parlament.ch/OData.svc/Business(ID=20263540,Language='FR')/BusinessStates"}},"Council":{"__deferred":{"uri":"https://ws.parlament.ch/OData.svc/Business(ID=20263540,Language='FR')/Council"}},"Transcripts":{"__deferred":{"uri":"https://ws.parlament.ch/OData.svc/Business(ID=20263540,Language='FR')/Transcripts"}},"ID":20263540,"Language":"FR","BusinessShortNumber":"26.3540","BusinessType":8,"BusinessTypeName":"Interpellation","BusinessTypeAbbreviation":"Ip.","Title":"Acc\u00e8s aux m\u00e9dicaments et co\u00fbt. Vue d'ensemble ","Description":null,"InitialSituation":null,"Proceedings":null,"DraftText":null,"SubmittedText":"<p>Le nombre de nouveaux m\u00e9dicaments pris en charge par l\u2019assurance obligatoire des soins a continu\u00e9 d\u2019augmenter depuis la fin de la crise du coronavirus. En 2025, l\u2019Office f\u00e9d\u00e9ral de la sant\u00e9 publique (OFSP) a trait\u00e9 202 demandes visant des modifications importantes de la liste des sp\u00e9cialit\u00e9s, ce qui a donn\u00e9 acc\u00e8s \u00e0 39&nbsp;nouveaux m\u00e9dicaments et \u00e0 52&nbsp;nouvelles indications th\u00e9rapeutiques. Afin de renforcer la s\u00e9curit\u00e9 de l\u2019approvisionnement, l\u2019OFSP a approuv\u00e9 des hausses de prix pour 14&nbsp;m\u00e9dicaments et a renonc\u00e9 \u00e0 des baisses de prix dans 120&nbsp;cas.&nbsp;</p><p>En parall\u00e8le, la situation internationale s\u2019aggrave. Les \u00c9tats-Unis connaissent un d\u00e9bat intense sur le renforcement du contr\u00f4le des prix des m\u00e9dicaments par l\u2019\u00c9tat. Il est notamment question des mod\u00e8les liant les prix autoris\u00e9s aux \u00c9tats-Unis aux prix en vigueur dans des pays de r\u00e9f\u00e9rence, dont la Suisse. Pour la Suisse, la question se pose donc de plus en plus de savoir comment concilier les politiques nationales en mati\u00e8re de sant\u00e9 et de prix avec la comp\u00e9titivit\u00e9 internationale.&nbsp;</p><p>En effet, dans le m\u00eame temps, le co\u00fbt des m\u00e9dicaments a consid\u00e9rablement augment\u00e9. Selon l\u2019analyse des donn\u00e9es effectu\u00e9e par l\u2019OFSP, il a augment\u00e9 de plus de 50&nbsp;% depuis&nbsp;2014, passant de 5,8&nbsp;milliards de francs cette ann\u00e9e-l\u00e0 \u00e0 9,2&nbsp;milliards de francs en&nbsp;2024.&nbsp;</p><p>Compte tenu de ces \u00e9l\u00e9ments, le Conseil f\u00e9d\u00e9ral est pri\u00e9 de r\u00e9pondre aux questions suivantes&nbsp;:</p><ol><li>Que pense le Conseil f\u00e9d\u00e9ral du lien entre la mise en \u0153uvre du deuxi\u00e8me volet de mesures visant \u00e0 ma\u00eetriser les co\u00fbts et un contexte international de plus en plus difficile, notamment en ce qui concerne la politique des prix \u00e9tats-unienne, les mod\u00e8les de prix de r\u00e9f\u00e9rence, les conflits commerciaux et la s\u00e9curit\u00e9 d\u2019approvisionnement&nbsp;? Ce volet de mesures peut-il contribuer \u00e0 am\u00e9liorer l\u2019acc\u00e8s aux m\u00e9dicaments innovants tout en renfor\u00e7ant la s\u00e9curit\u00e9 d\u2019approvisionnement&nbsp;?</li><li>La Suisse a-t-elle un probl\u00e8me structurel en mati\u00e8re d\u2019approvisionnement en m\u00e9dicaments&nbsp;? Si oui, ce ph\u00e9nom\u00e8ne affecte-t-il diff\u00e9remment les g\u00e9n\u00e9riques, les m\u00e9dicaments anciens \u00e0 bas prix et les nouveaux m\u00e9dicaments innovants&nbsp;?</li><li>Quelle tendance peut-on observer \u00e0 cet \u00e9gard au cours des dix derni\u00e8res ann\u00e9es&nbsp;?</li><li>Comment le Conseil f\u00e9d\u00e9ral compte-t-il garantir l\u2019acc\u00e8s aux m\u00e9dicaments innovants sans alourdir davantage les primes d\u2019assurance-maladie&nbsp;?</li><li>Quels types de m\u00e9dicaments sont responsables de la hausse des co\u00fbts dans le secteur pharmaceutique (m\u00e9dicaments brevet\u00e9s, g\u00e9n\u00e9riques, biosimilaires&nbsp;?</li><li>Quel r\u00f4le joue la prise en charge dans des cas particuliers pr\u00e9vue aux art.&nbsp;71a&nbsp;\u00e0&nbsp;71c de l\u2019ordonnance sur l\u2019assurance-maladie dans l\u2019acc\u00e8s \u00e0 des m\u00e9dicaments nouveaux ou qui ne figurent pas encore sur la liste des sp\u00e9cialit\u00e9s&nbsp;? Comment l\u2019importance de cette prise en charge a-t-elle \u00e9volu\u00e9 ces derni\u00e8res ann\u00e9es&nbsp;?</li></ol><p>Selon une publication r\u00e9cente de l\u2019EFPA Patient W.A.I.T. Indicator, la Suisse perd du terrain en mati\u00e8re d\u2019acc\u00e8s aux nouveaux m\u00e9dicaments innovants. Que pense le Conseil f\u00e9d\u00e9ral des avantages concrets (suppl\u00e9mentaires) de ces m\u00e9dicaments innovants&nbsp;? Comment ces avantages \u00e9volueraient-ils si l\u2019acc\u00e8s \u00e0 ces m\u00e9dicaments \u00e9tait acc\u00e9l\u00e9r\u00e9 (prise en charge \u00ab&nbsp;jour 0&nbsp;\u00bb)&nbsp;?</p>","ReasonText":null,"DocumentationText":null,"MotionText":null,"FederalCouncilResponseText":null,"FederalCouncilProposal":null,"FederalCouncilProposalText":null,"FederalCouncilProposalDate":null,"SubmittedBy":"M\u00fcller Damian","BusinessStatus":202,"BusinessStatusText":"D\u00e9pos\u00e9","BusinessStatusDate":"\/Date(1780272000000)\/","ResponsibleDepartment":4,"ResponsibleDepartmentName":"D\u00e9partement de l'int\u00e9rieur","ResponsibleDepartmentAbbreviation":"DFI","IsLeadingDepartment":true,"Tags":"15|2841","Category":null,"Modified":"\/Date(1782992145223)\/","SubmissionDate":"\/Date(1780272000000)\/","SubmissionCouncil":2,"SubmissionCouncilName":"Conseil des Etats","SubmissionCouncilAbbreviation":"CE","SubmissionSession":5214,"SubmissionLegislativePeriod":52,"FirstCouncil1":2,"FirstCouncil1Name":"Conseil des Etats","FirstCouncil1Abbreviation":"CE","FirstCouncil2":null,"FirstCouncil2Name":null,"FirstCouncil2Abbreviation":null,"TagNames":"\u00c9conomie|Sant\u00e9"}}