{"d":{"__metadata":{"id":"https://ws.parlament.ch/OData.svc/Business(ID=20263551,Language='FR')","uri":"https://ws.parlament.ch/OData.svc/Business(ID=20263551,Language='FR')","type":"itsystems.Pd.DataServices.DataModel.Business"},"BusinessResponsibilities":{"__deferred":{"uri":"https://ws.parlament.ch/OData.svc/Business(ID=20263551,Language='FR')/BusinessResponsibilities"}},"RelatedBusinesses":{"__deferred":{"uri":"https://ws.parlament.ch/OData.svc/Business(ID=20263551,Language='FR')/RelatedBusinesses"}},"BusinessRoles":{"__deferred":{"uri":"https://ws.parlament.ch/OData.svc/Business(ID=20263551,Language='FR')/BusinessRoles"}},"Publications":{"__deferred":{"uri":"https://ws.parlament.ch/OData.svc/Business(ID=20263551,Language='FR')/Publications"}},"LegislativePeriods":{"__deferred":{"uri":"https://ws.parlament.ch/OData.svc/Business(ID=20263551,Language='FR')/LegislativePeriods"}},"Sessions":{"__deferred":{"uri":"https://ws.parlament.ch/OData.svc/Business(ID=20263551,Language='FR')/Sessions"}},"Preconsultations":{"__deferred":{"uri":"https://ws.parlament.ch/OData.svc/Business(ID=20263551,Language='FR')/Preconsultations"}},"Bills":{"__deferred":{"uri":"https://ws.parlament.ch/OData.svc/Business(ID=20263551,Language='FR')/Bills"}},"Councils":{"__deferred":{"uri":"https://ws.parlament.ch/OData.svc/Business(ID=20263551,Language='FR')/Councils"}},"BusinessTypes":{"__deferred":{"uri":"https://ws.parlament.ch/OData.svc/Business(ID=20263551,Language='FR')/BusinessTypes"}},"Votes":{"__deferred":{"uri":"https://ws.parlament.ch/OData.svc/Business(ID=20263551,Language='FR')/Votes"}},"SubjectsBusiness":{"__deferred":{"uri":"https://ws.parlament.ch/OData.svc/Business(ID=20263551,Language='FR')/SubjectsBusiness"}},"BusinessStates":{"__deferred":{"uri":"https://ws.parlament.ch/OData.svc/Business(ID=20263551,Language='FR')/BusinessStates"}},"Council":{"__deferred":{"uri":"https://ws.parlament.ch/OData.svc/Business(ID=20263551,Language='FR')/Council"}},"Transcripts":{"__deferred":{"uri":"https://ws.parlament.ch/OData.svc/Business(ID=20263551,Language='FR')/Transcripts"}},"ID":20263551,"Language":"FR","BusinessShortNumber":"26.3551","BusinessType":8,"BusinessTypeName":"Interpellation","BusinessTypeAbbreviation":"Ip.","Title":"Planification de l'armement et financement de l'arm\u00e9e","Description":null,"InitialSituation":null,"Proceedings":null,"DraftText":null,"SubmittedText":"<p>Selon le projet mis en consultation, le DDPS pr\u00e9voit \u00e0 partir de 2028 un surcro\u00eet de d\u00e9penses annuel de 3,1&nbsp;milliards de francs, qu\u2019il est question de financer, les premi\u00e8res ann\u00e9es, par l\u2019endettement d\u2019un fonds pour l\u2019armement.</p><p>1. Ces milliards de d\u00e9penses suppl\u00e9mentaires entreront-ils dans la planification financi\u00e8re de la Conf\u00e9d\u00e9ration&nbsp;?</p><p>2. Quel sera le montant maximal des corrections n\u00e9cessaires en cas de rejet du projet&nbsp;?</p><p>3. Quelles seront les d\u00e9penses concern\u00e9es par ces corrections, le cas \u00e9ch\u00e9ant&nbsp;?</p><p>4. Ces corrections pourraient-elles s\u2019\u00e9tendre \u00e0 des domaines d\u2019activit\u00e9 d\u00e9terminants pour la s\u00e9curit\u00e9 (fedpol, OFCS, SRC, SEPOS, etc.)&nbsp;?</p><p>5. Quel est le rapport entre le montant maximal des corrections n\u00e9cessaires et celui des d\u00e9penses qui devront \u00eatre r\u00e9duites \u00e0 court terme en cas de rejet du projet&nbsp;? Le Conseil f\u00e9d\u00e9ral a-t-il calcul\u00e9 le risque maximal, et pouvons-nous vraiment courir ce risque&nbsp;?</p><p>6. Quelles ressources financi\u00e8res pourra-t-on lib\u00e9rer pour des acquisitions urgentes en 2027, en 2028 et en 2029, en sachant que des projets d\u2019acquisition d\u2019ores et d\u00e9j\u00e0 approuv\u00e9s qui sont ax\u00e9s sur des menaces assorties d\u2019une faible probabilit\u00e9 de survenance n\u2019auront aucune incidence financi\u00e8re avant&nbsp;2030 au plus t\u00f4t&nbsp;?</p><p>&nbsp;</p><p>&nbsp;</p>","ReasonText":null,"DocumentationText":null,"MotionText":null,"FederalCouncilResponseText":"<ol><li>\u00c0 l\u2019issue de la proc\u00e9dure de consultation, le Conseil f\u00e9d\u00e9ral a adapt\u00e9 les principes du financement de l\u2019arm\u00e9e. D\u00e9sormais, il demande au Parlement d\u2019augmenter la TVA de 0,5&nbsp;point de pourcentage pour une dur\u00e9e de 12&nbsp;ans. Ces recettes suppl\u00e9mentaires seront exclusivement affect\u00e9es aux d\u00e9penses d\u2019armement. Les recettes et les d\u00e9penses suppl\u00e9mentaires sont inscrites au budget&nbsp;2027 assorti d\u2019un plan int\u00e9gr\u00e9 des t\u00e2ches et des finances pour les ann\u00e9es 2028 \u00e0 2030. </li><li>Le Conseil f\u00e9d\u00e9ral pr\u00e9voit de financer les besoins suppl\u00e9mentaires des offices f\u00e9d\u00e9raux civils dont les t\u00e2ches concernent la s\u00e9curit\u00e9, ainsi que l\u2019augmentation pr\u00e9vue des d\u00e9penses militaires pour atteindre 1&nbsp;% du PIB, par le budget ordinaire de la Conf\u00e9d\u00e9ration. Les recettes suppl\u00e9mentaires g\u00e9n\u00e9r\u00e9es par l\u2019augmentation de la TVA s\u2019\u00e9l\u00e8vent \u00e0 pr\u00e8s de 1,7&nbsp;milliard par an entre 2028 et 2030, et entra\u00eenent des d\u00e9penses suppl\u00e9mentaires d\u2019un montant \u00e9quivalent pour l\u2019arm\u00e9e. </li><li>Sans ces recettes suppl\u00e9mentaires, l\u2019arm\u00e9e ne dispose pas des moyens financiers urgemment n\u00e9cessaires pour renforcer la s\u00e9curit\u00e9 et la capacit\u00e9 de d\u00e9fense de la Suisse. </li><li>Il est possible qu\u2019une correction budg\u00e9taire soit n\u00e9cessaire dans les d\u00e9penses d\u00e9terminantes pour la s\u00e9curit\u00e9. </li><li>Les recettes suppl\u00e9mentaires seront affect\u00e9es aux d\u00e9penses d\u2019armement. Une \u00e9ventuelle correction toucherait donc principalement l\u2019arm\u00e9e, qui ne serait pas en mesure de prot\u00e9ger suffisamment la population contre les menaces les plus probables ces prochaines ann\u00e9es. </li></ol><ol start=\"6\"><li>Fin 2025, le Conseil f\u00e9d\u00e9ral avait demand\u00e9 \u00e0 l\u2019arm\u00e9e de fixer des priorit\u00e9s en mati\u00e8re d\u2019acquisitions. Les r\u00e9sultats de ce processus figurent dans le document <a href=\"https://www.vtg.admin.ch/fr/planification-de-larmement\"><u>Planification de l\u2019armement</u></a>. \u00c0 l\u2019heure actuelle, il existe un grand nombre de projets importants, urgents ou d\u00e9j\u00e0 approuv\u00e9s. Les ressources suppl\u00e9mentaires issues de l\u2019augmentation de la TVA sont indispensables pour financer et r\u00e9aliser ces projets dans un futur proche. En cas de changement de priorit\u00e9s, de retard ou de renoncement \u00e0 des projets, la s\u00e9curit\u00e9 de la Suisse en p\u00e2tirait sensiblement. </li></ol>","FederalCouncilProposal":null,"FederalCouncilProposalText":null,"FederalCouncilProposalDate":"\/Date(1787097600000)\/","SubmittedBy":"Zryd Andrea","BusinessStatus":203,"BusinessStatusText":"L\u2019avis relatif \u00e0 l\u2019intervention est disponible","BusinessStatusDate":"\/Date(1787145712197)\/","ResponsibleDepartment":6,"ResponsibleDepartmentName":"D\u00e9partement de la d\u00e9fense, de la protection de la population et des sports","ResponsibleDepartmentAbbreviation":"DDPS","IsLeadingDepartment":true,"Tags":"4|9|24","Category":null,"Modified":"\/Date(1787145736823)\/","SubmissionDate":"\/Date(1780444800000)\/","SubmissionCouncil":1,"SubmissionCouncilName":"Conseil national","SubmissionCouncilAbbreviation":"CN","SubmissionSession":5214,"SubmissionLegislativePeriod":52,"FirstCouncil1":1,"FirstCouncil1Name":"Conseil national","FirstCouncil1Abbreviation":"CN","FirstCouncil2":null,"FirstCouncil2Name":null,"FirstCouncil2Abbreviation":null,"TagNames":"Politique d'Etat|Politique de s\u00e9curit\u00e9|Finances"}}