{"d":{"__metadata":{"id":"https://ws.parlament.ch/OData.svc/Business(ID=20263592,Language='FR')","uri":"https://ws.parlament.ch/OData.svc/Business(ID=20263592,Language='FR')","type":"itsystems.Pd.DataServices.DataModel.Business"},"BusinessResponsibilities":{"__deferred":{"uri":"https://ws.parlament.ch/OData.svc/Business(ID=20263592,Language='FR')/BusinessResponsibilities"}},"RelatedBusinesses":{"__deferred":{"uri":"https://ws.parlament.ch/OData.svc/Business(ID=20263592,Language='FR')/RelatedBusinesses"}},"BusinessRoles":{"__deferred":{"uri":"https://ws.parlament.ch/OData.svc/Business(ID=20263592,Language='FR')/BusinessRoles"}},"Publications":{"__deferred":{"uri":"https://ws.parlament.ch/OData.svc/Business(ID=20263592,Language='FR')/Publications"}},"LegislativePeriods":{"__deferred":{"uri":"https://ws.parlament.ch/OData.svc/Business(ID=20263592,Language='FR')/LegislativePeriods"}},"Sessions":{"__deferred":{"uri":"https://ws.parlament.ch/OData.svc/Business(ID=20263592,Language='FR')/Sessions"}},"Preconsultations":{"__deferred":{"uri":"https://ws.parlament.ch/OData.svc/Business(ID=20263592,Language='FR')/Preconsultations"}},"Bills":{"__deferred":{"uri":"https://ws.parlament.ch/OData.svc/Business(ID=20263592,Language='FR')/Bills"}},"Councils":{"__deferred":{"uri":"https://ws.parlament.ch/OData.svc/Business(ID=20263592,Language='FR')/Councils"}},"BusinessTypes":{"__deferred":{"uri":"https://ws.parlament.ch/OData.svc/Business(ID=20263592,Language='FR')/BusinessTypes"}},"Votes":{"__deferred":{"uri":"https://ws.parlament.ch/OData.svc/Business(ID=20263592,Language='FR')/Votes"}},"SubjectsBusiness":{"__deferred":{"uri":"https://ws.parlament.ch/OData.svc/Business(ID=20263592,Language='FR')/SubjectsBusiness"}},"BusinessStates":{"__deferred":{"uri":"https://ws.parlament.ch/OData.svc/Business(ID=20263592,Language='FR')/BusinessStates"}},"Council":{"__deferred":{"uri":"https://ws.parlament.ch/OData.svc/Business(ID=20263592,Language='FR')/Council"}},"Transcripts":{"__deferred":{"uri":"https://ws.parlament.ch/OData.svc/Business(ID=20263592,Language='FR')/Transcripts"}},"ID":20263592,"Language":"FR","BusinessShortNumber":"26.3592","BusinessType":8,"BusinessTypeName":"Interpellation","BusinessTypeAbbreviation":"Ip.","Title":"Statut S pour les r\u00e9fugi\u00e9s en provenance d'Ukraine. Quelles mesures imm\u00e9diates le Conseil f\u00e9d\u00e9ral compte-t-il prendre pour \u00e9viter un afflux croissant vers l'\u00c9tat-providence ?","Description":null,"InitialSituation":null,"Proceedings":null,"DraftText":null,"SubmittedText":"<p>Le statut de protection&nbsp;S a \u00e9t\u00e9 activ\u00e9 afin d'assurer une protection rapide aux personnes ayant fui la guerre en Ukraine. Mais \u00e0 mesure que la situation perdure, le risque augmente de voir un nombre croissant de b\u00e9n\u00e9ficiaires entrer durablement dans le syst\u00e8me d'aide sociale, avec la hausse des co\u00fbts et les cons\u00e9quences probl\u00e9matiques qui vont de pair, notamment en mati\u00e8re d'incitations \u00e0 l'int\u00e9gration. Ces questions concernent tant le statut&nbsp;S que les \u00e9ventuelles modifications de celui-ci (passage \u00e0 un autre permis de s\u00e9jour).</p><p>&nbsp;</p><p>Vu ce qui pr\u00e9c\u00e8de, je pose les questions suivantes au Conseil f\u00e9d\u00e9ral&nbsp;:</p><p>&nbsp;</p><ol><li>Combien de personnes b\u00e9n\u00e9ficiant du statut&nbsp;S d\u00e9pendent actuellement de l'aide sociale et quelle \u00e9volution le Conseil f\u00e9d\u00e9ral pr\u00e9voit-il pour les deux ou trois prochaines ann\u00e9es&nbsp;?</li><li>Quels sont les co\u00fbts globaux que la prise en charge sociale des personnes b\u00e9n\u00e9ficiant du statut&nbsp;S engendre pour la Conf\u00e9d\u00e9ration, les cantons et les communes&nbsp;?</li><li>Quelles mesures imm\u00e9diates le Conseil f\u00e9d\u00e9ral a-t-il d\u00e9j\u00e0 prises ou compte-t-il prendre pour r\u00e9duire la d\u00e9pendance \u00e0 l'aide sociale et augmenter rapidement le taux d'activit\u00e9 lucrative des b\u00e9n\u00e9ficiaires du statut&nbsp;S&nbsp;?</li><li>Quels nouveaux instruments compte-t-il mettre en place pour encourager l'exercice d'une activit\u00e9 lucrative, l'apprentissage de la langue et l'autonomie financi\u00e8re&nbsp;?</li><li>Comment compte-t-il d\u00e9finir, en collaboration avec les cantons, des crit\u00e8res plus contraignants et homog\u00e8nes pour renforcer le principe selon lequel la protection doit aller de pair avec l'int\u00e9gration et la responsabilisation&nbsp;?</li><li>Comment compte-t-il \u00e9viter que le temps qui passe et l'\u00e9ventuel passage \u00e0 d'autres statuts de s\u00e9jour n'entra\u00eenent automatiquement une augmentation du nombre de personnes \u00e0 la charge de l'\u00c9tat-providence&nbsp;?</li><li>Va-t-il mettre en place des mesures qui subordonnent les \u00e9ventuelles perspectives d'un s\u00e9jour plus stable \u00e0 des crit\u00e8res clairs en mati\u00e8re d'int\u00e9gration, d'activit\u00e9 lucrative, de comp\u00e9tences linguistiques et d'absence de d\u00e9pendance durable \u00e0 l'aide sociale&nbsp;?</li></ol>","ReasonText":null,"DocumentationText":null,"MotionText":null,"FederalCouncilResponseText":"<p>actuelle de l\u2019aide sociale, car l\u2019Office f\u00e9d\u00e9ral de la statistique publie les donn\u00e9es pertinentes avec un certain d\u00e9calage dans le temps. Les personnes actives b\u00e9n\u00e9ficiant du statut&nbsp;S ont majoritairement un emploi fixe, qui leur permet de subvenir au moins enti\u00e8rement ou partiellement. Fin mai&nbsp;2026, le taux d\u2019activit\u00e9 des b\u00e9n\u00e9ficiaires du statut&nbsp;S qui s\u00e9journaient depuis au moins trois ans en Suisse \u00e9tait de 47,6&nbsp;%. Leur taux d\u2019occupation moyen \u00e9tait de 67&nbsp;% au deuxi\u00e8me trimestre&nbsp;2025, pour un salaire mensuel moyen standardis\u00e9 de 4571&nbsp;francs. La hausse constante du taux d\u2019activit\u00e9 des personnes concern\u00e9es contribue \u00e0 diminuer leur d\u00e9pendance \u00e0 l\u2019aide sociale.</p><p>&nbsp;</p><p>2. Le Conseil f\u00e9d\u00e9ral ne peut se prononcer que sur les subventions qui ont \u00e9t\u00e9 vers\u00e9es aux cantons. En&nbsp;2025, la Conf\u00e9d\u00e9ration a rembours\u00e9 \u00e0 ces derniers quelque 1,16&nbsp;milliard de francs d\u2019aide sociale octroy\u00e9e aux personnes \u00e0 prot\u00e9ger en provenance d\u2019Ukraine. Pour&nbsp;2026, environ 1&nbsp;milliard de francs ont \u00e9t\u00e9 budg\u00e9tis\u00e9s \u00e0 ce titre. </p><p>&nbsp;</p><p>3. Depuis&nbsp;2024, le Conseil f\u00e9d\u00e9ral a pris diverses dispositions afin d\u2019encourager l\u2019int\u00e9gration professionnelle des personnes en qu\u00eate de protection. Il propose notamment aux cantons des mesures pour les aider \u00e0 mieux organiser le placement professionnel, pour les accompagner dans le processus de reconnaissance des dipl\u00f4mes et pour leur permettre de communiquer de mani\u00e8re cibl\u00e9e avec les r\u00e9fugi\u00e9s et les employeurs. Le 28&nbsp;mai&nbsp;2025, il a en outre fix\u00e9 \u00e0 50&nbsp;% l\u2019objectif de taux d\u2019activit\u00e9 \u00e0 fin&nbsp;2025 pour les personnes b\u00e9n\u00e9ficiant du statut&nbsp;S qui vivent en Suisse depuis au moins trois ans. Cet objectif a \u00e9t\u00e9 reconduit pour&nbsp;2026&nbsp;; les cantons qui affichent un taux d\u2019activit\u00e9 nettement inf\u00e9rieur \u00e0 la moyenne sont tenus de prendre des mesures suppl\u00e9mentaires. Le 22&nbsp;octobre&nbsp;2025, le Conseil f\u00e9d\u00e9ral a arr\u00eat\u00e9 de nouvelles mesures pour encourager l\u2019int\u00e9gration professionnelle des b\u00e9n\u00e9ficiaires du statut&nbsp;S, comme le remplacement de l\u2019obligation d\u2019obtenir une autorisation pour l\u2019exercice d\u2019une activit\u00e9 lucrative par une simple proc\u00e9dure d\u2019annonce et la possibilit\u00e9 de contraindre les b\u00e9n\u00e9ficiaires du statut&nbsp;S d\u00e9pendant de l\u2019aide sociale de participer \u00e0 des mesures d\u2019int\u00e9gration ou de r\u00e9int\u00e9gration professionnelle. Ces modifications sont entr\u00e9es en vigueur le 1<sup>er</sup>&nbsp;d\u00e9cembre&nbsp;2025. </p><p>&nbsp;</p><p>4-5. Le 27 mai&nbsp;2026, le Conseil f\u00e9d\u00e9ral a adopt\u00e9 le message relatif \u00e0 une modification de la loi f\u00e9d\u00e9rale sur les \u00e9trangers et l\u2019int\u00e9gration (LEI, RS&nbsp;142.20). Il s\u2019agit notamment d\u2019introduire dans la loi une obligation d\u2019annoncer au service public de l\u2019emploi les b\u00e9n\u00e9ficiaires du statut&nbsp;S qui sont sans emploi mais dont l\u2019aptitude au march\u00e9 du travail est suffisante. En outre, les b\u00e9n\u00e9ficiaires du statut&nbsp;S qui exercent une activit\u00e9 lucrative et qui ne per\u00e7oivent pas de prestations d\u2019aide sociale auront \u00e0 l\u2019avenir le droit de changer de canton. Le projet est en cours d\u2019examen au Parlement (26.054n). Des modifications d\u2019ordonnances visant notamment \u00e0 ancrer juridiquement le mandat d\u2019int\u00e9gration des b\u00e9n\u00e9ficiaires du statut&nbsp;S ont \u00e9t\u00e9 mises en consultation de mars \u00e0 juin&nbsp;2026 (<a href=\"https://fedlex.data.admin.ch/eli/dl/proj/2025/1/cons_1\"><u>proc\u00e9dure de consultation 2025/117</u></a>)&nbsp;; les objectifs contraignants en mati\u00e8re d\u2019int\u00e9gration applicables aux personnes admises \u00e0 titre provisoire et aux r\u00e9fugi\u00e9s reconnus seront \u00e9tendus aux b\u00e9n\u00e9ficiaires du statut&nbsp;S. </p><p>&nbsp;</p><p>6. Le cercle des b\u00e9n\u00e9ficiaires de l\u2019aide sociale ne va pas s\u2019\u00e9largir avec le temps, cette aide \u00e9tant octroy\u00e9e uniquement aux ayants droit. Les personnes \u00e0 prot\u00e9ger avec ou sans autorisation de s\u00e9jour et les personnes avec autorisation de s\u00e9jour mais sans statut&nbsp;S sont trait\u00e9es sur un pied d\u2019\u00e9galit\u00e9, m\u00eame s\u2019il peut y avoir une diff\u00e9rence lors du calcul du montant des prestations.</p><p>&nbsp;</p><p>7. Une autorisation de s\u00e9jour ind\u00e9pendante du statut&nbsp;S ne peut \u00eatre octroy\u00e9e que dans des cas de rigueur graves en raison de l\u2019int\u00e9gration pouss\u00e9e de la personne concern\u00e9e (art.&nbsp;14, al.&nbsp;2, de la loi sur l\u2019asile, LAsi&nbsp;; RS&nbsp;142.31). Lors de son assembl\u00e9e de printemps, en mai&nbsp;2026, la Conf\u00e9rence des directrices et directeurs des d\u00e9partements cantonaux de justice et police (CCDJP) a d\u00e9cid\u00e9 que les m\u00eames crit\u00e8res d\u2019int\u00e9gration seraient pris en consid\u00e9ration lors du traitement des demandes de cas de rigueur que pour les personnes admises \u00e0 titre provisoire. En d\u2019autres termes, l\u2019int\u00e9gration professionnelle, la non-d\u00e9pendance \u00e0 l\u2019aide sociale, l\u2019acquisition des connaissances linguistiques et le respect de l\u2019ordre juridique, entre autres, rev\u00eatiront une grande importance.</p>","FederalCouncilProposal":null,"FederalCouncilProposalText":null,"FederalCouncilProposalDate":"\/Date(1788307200000)\/","SubmittedBy":"Farinelli Alex","BusinessStatus":203,"BusinessStatusText":"L\u2019avis relatif \u00e0 l\u2019intervention est disponible","BusinessStatusDate":"\/Date(1788344819000)\/","ResponsibleDepartment":5,"ResponsibleDepartmentName":"D\u00e9partement de justice et police","ResponsibleDepartmentAbbreviation":"DFJP","IsLeadingDepartment":true,"Tags":"24|44|2811|2836","Category":null,"Modified":"\/Date(1788431234277)\/","SubmissionDate":"\/Date(1780963200000)\/","SubmissionCouncil":1,"SubmissionCouncilName":"Conseil national","SubmissionCouncilAbbreviation":"CN","SubmissionSession":5214,"SubmissionLegislativePeriod":52,"FirstCouncil1":1,"FirstCouncil1Name":"Conseil national","FirstCouncil1Abbreviation":"CN","FirstCouncil2":null,"FirstCouncil2Name":null,"FirstCouncil2Abbreviation":null,"TagNames":"Finances|Emploi et travail|Politique migratoire|Protection sociale"}}