{"d":{"__metadata":{"id":"https://ws.parlament.ch/OData.svc/Business(ID=20263611,Language='FR')","uri":"https://ws.parlament.ch/OData.svc/Business(ID=20263611,Language='FR')","type":"itsystems.Pd.DataServices.DataModel.Business"},"BusinessResponsibilities":{"__deferred":{"uri":"https://ws.parlament.ch/OData.svc/Business(ID=20263611,Language='FR')/BusinessResponsibilities"}},"RelatedBusinesses":{"__deferred":{"uri":"https://ws.parlament.ch/OData.svc/Business(ID=20263611,Language='FR')/RelatedBusinesses"}},"BusinessRoles":{"__deferred":{"uri":"https://ws.parlament.ch/OData.svc/Business(ID=20263611,Language='FR')/BusinessRoles"}},"Publications":{"__deferred":{"uri":"https://ws.parlament.ch/OData.svc/Business(ID=20263611,Language='FR')/Publications"}},"LegislativePeriods":{"__deferred":{"uri":"https://ws.parlament.ch/OData.svc/Business(ID=20263611,Language='FR')/LegislativePeriods"}},"Sessions":{"__deferred":{"uri":"https://ws.parlament.ch/OData.svc/Business(ID=20263611,Language='FR')/Sessions"}},"Preconsultations":{"__deferred":{"uri":"https://ws.parlament.ch/OData.svc/Business(ID=20263611,Language='FR')/Preconsultations"}},"Bills":{"__deferred":{"uri":"https://ws.parlament.ch/OData.svc/Business(ID=20263611,Language='FR')/Bills"}},"Councils":{"__deferred":{"uri":"https://ws.parlament.ch/OData.svc/Business(ID=20263611,Language='FR')/Councils"}},"BusinessTypes":{"__deferred":{"uri":"https://ws.parlament.ch/OData.svc/Business(ID=20263611,Language='FR')/BusinessTypes"}},"Votes":{"__deferred":{"uri":"https://ws.parlament.ch/OData.svc/Business(ID=20263611,Language='FR')/Votes"}},"SubjectsBusiness":{"__deferred":{"uri":"https://ws.parlament.ch/OData.svc/Business(ID=20263611,Language='FR')/SubjectsBusiness"}},"BusinessStates":{"__deferred":{"uri":"https://ws.parlament.ch/OData.svc/Business(ID=20263611,Language='FR')/BusinessStates"}},"Council":{"__deferred":{"uri":"https://ws.parlament.ch/OData.svc/Business(ID=20263611,Language='FR')/Council"}},"Transcripts":{"__deferred":{"uri":"https://ws.parlament.ch/OData.svc/Business(ID=20263611,Language='FR')/Transcripts"}},"ID":20263611,"Language":"FR","BusinessShortNumber":"26.3611","BusinessType":8,"BusinessTypeName":"Interpellation","BusinessTypeAbbreviation":"Ip.","Title":"Nouvelle r\u00e9glementation EU sur l'indemnisation du ch\u00f4mage des travailleurs frontaliers. Quelles cons\u00e9quences pour la Suisse ? (1)","Description":null,"InitialSituation":null,"Proceedings":null,"DraftText":null,"SubmittedText":"<p>&nbsp;</p><p>L\u2019Union europ\u00e9enne a engag\u00e9 une r\u00e9forme des r\u00e8gles de coordination des syst\u00e8mes de s\u00e9curit\u00e9 sociale concernant notamment l\u2019indemnisation du ch\u00f4mage des travailleurs frontaliers. Selon les sc\u00e9narios actuellement \u00e9voqu\u00e9s, la Suisse pourrait \u00eatre amen\u00e9e \u00e0 assumer une part beaucoup plus importante, voire l\u2019essentiel, du financement des prestations de ch\u00f4mage vers\u00e9es aux travailleurs frontaliers apr\u00e8s la perte de leur emploi.</p><p>Pour la Suisse, qui emploie plusieurs centaines de milliers de travailleurs frontaliers, une telle \u00e9volution pourrait avoir des cons\u00e9quences financi\u00e8res consid\u00e9rables. Diverses estimations font \u00e9tat d\u2019un co\u00fbt suppl\u00e9mentaire pouvant approcher le milliard de francs par ann\u00e9e pour l\u2019assurance-ch\u00f4mage. Une telle charge repr\u00e9senterait plus de 10 % des d\u00e9penses du fonds de l\u2019assurance-ch\u00f4mage.</p><p>Si ces estimations devaient se confirmer, le financement de ce surco\u00fbt pourrait n\u00e9cessiter une augmentation des cotisations salariales. Certaines projections articulent une hausse des cotisations pouvant atteindre 0,4 point de pourcentage. Cela repr\u00e9senterait, pour un salari\u00e9 au b\u00e9n\u00e9fice du salaire m\u00e9dian, une charge suppl\u00e9mentaire de l\u2019ordre de 350 \u00e0 400 francs par ann\u00e9e et le m\u00eame co\u00fbt pour l\u2019employeur.&nbsp;</p><p>Dans ce contexte, le CF est pri\u00e9 de r\u00e9pondre aux questions suivantes :</p><ol><li>Quelles alternatives de financement ont \u00e9t\u00e9 examin\u00e9es par le CF afin d\u2019\u00e9viter une hausse des cotisations salariales ?</li><li>Dans le cadre des discussions avec l\u2019UE, quelle position d\u00e9fend actuellement le CF sur cette question ?</li><li>Quelles mesures entend-il prendre afin d\u2019\u00e9viter que la Suisse ne supporte une charge financi\u00e8re disproportionn\u00e9e par rapport aux \u00c9tats membres de l\u2019UE ?</li><li>Le CF a-t-il pu chiffrer la part suppl\u00e9mentaire de travail des offices r\u00e9gionaux ORP pour le suivi des dossiers fran\u00e7ais&nbsp;?&nbsp;</li><li>Le CF est-il pr\u00eat \u00e0 exclure toute reprise de dispositions qui entra\u00eeneraient une augmentation substantielle des charges de l\u2019assurance-ch\u00f4mage suisse sans compensation ad\u00e9quate ?</li><li>Comment entend-il garantir que la comp\u00e9titivit\u00e9 des entreprises suisses et le pouvoir d\u2019achat des travailleurs ne soient pas affect\u00e9s par cette \u00e9volution r\u00e9glementaire ?</li><li>Le Conseil f\u00e9d\u00e9ral envisage-t-il de r\u00e9viser la loi sur le ch\u00f4mage afin que les frontaliers et les Suisses aient, \u00e0 droit \u00e9quivalent, les m\u00eames obligations (annonces de vacances, pr\u00e9sentation de l\u2019ORP en Suisse, nombre de postulations, etc). ?&nbsp;</li></ol>","ReasonText":null,"DocumentationText":null,"MotionText":null,"FederalCouncilResponseText":"<p>1./3./5./6. Selon le Conseil f\u00e9d\u00e9ral, il est pr\u00e9matur\u00e9 de prendre position quant \u00e0 une reprise ou non de la modification du r\u00e8glement (CE) n<sup>o</sup>\u00b0883/2004. Le r\u00e8glement r\u00e9vis\u00e9 n\u00e9cessitera une analyse approfondie une fois ce dernier adopt\u00e9 par l\u2019Union europ\u00e9enne (UE), y compris concernant la question du financement et de l\u2019impact \u00e9conomique. Sur la base de cette analyse, le Conseil f\u00e9d\u00e9ral d\u00e9finira la marche \u00e0 suivre et tous les \u00e9l\u00e9ments \u00e0 consid\u00e9rer.</p><p>Actuellement, les frontaliers cotisent \u00e0 l\u2019assurance-ch\u00f4mage (AC) suisse \u00e0 hauteur de 600 millions de francs par an&nbsp;; la Suisse rembourse 300&nbsp;millions de francs par an aux \u00c9tats membres de l\u2019UE. Il en r\u00e9sulte pour l\u2019AC suisse un exc\u00e9dent d\u2019environ 300&nbsp;millions de francs par an. En cas de reprise par la Suisse, il est estim\u00e9 que les d\u00e9penses de l\u2019AC suisse pourraient s\u2019\u00e9lever \u00e0 un montant situ\u00e9 entre 900&nbsp;millions et 1,2&nbsp;milliard de francs bruts par an. Cela correspondrait, apr\u00e8s d\u00e9duction des cotisations, \u00e0 des co\u00fbts nets de 300 \u00e0 600 millions de francs par an. L\u2019AC suisse devrait ainsi supporter des co\u00fbts suppl\u00e9mentaires de l\u2019ordre de 600 \u00e0 900&nbsp;millions de francs par an.</p><p>2. La Suisse n\u2019\u00e9tant pas membre de l\u2019UE, elle n\u2019est pas directement impliqu\u00e9e dans le processus l\u00e9gislatif europ\u00e9en. Le Conseil f\u00e9d\u00e9ral suit toutefois de pr\u00e8s l\u2019\u00e9volution de ce dossier et fait valoir ses int\u00e9r\u00eats aupr\u00e8s des institutions europ\u00e9ennes et des \u00c9tats membres de l\u2019UE.</p><p>4. D\u2019apr\u00e8s une premi\u00e8re estimation, le recrutement de 75 \u00e0 100&nbsp;conseillers en personnel suppl\u00e9mentaires pour toute la Suisse serait n\u00e9cessaire \u00e0 la suite d\u2019une \u00e9ventuelle reprise du r\u00e8glement r\u00e9vis\u00e9. La charge de travail suppl\u00e9mentaire imputable aux ch\u00f4meurs frontaliers r\u00e9sidant en France est incluse dans cette estimation.</p><p>7. En cas de reprise du r\u00e8glement modifi\u00e9, les ch\u00f4meurs frontaliers seraient assujettis aux m\u00eames prescriptions de contr\u00f4le que les personnes r\u00e9sidant en Suisse. Cette \u00e9galit\u00e9 de traitement est pr\u00e9vue dans l\u2019accord sur la libre circulation des personnes (ALCP&nbsp;; RS&nbsp;0.142.112.681) avec le principe de non-discrimination entre les ressortissants suisses et les ressortissants des \u00c9tats membres de l\u2019UE (art.&nbsp;2).</p>","FederalCouncilProposal":null,"FederalCouncilProposalText":null,"FederalCouncilProposalDate":"\/Date(1788307200000)\/","SubmittedBy":"Pahud Yvan","BusinessStatus":203,"BusinessStatusText":"L\u2019avis relatif \u00e0 l\u2019intervention est disponible","BusinessStatusDate":"\/Date(1788346731000)\/","ResponsibleDepartment":8,"ResponsibleDepartmentName":"D\u00e9partement de l'\u00e9conomie, de la formation et de la recherche","ResponsibleDepartmentAbbreviation":"DEFR","IsLeadingDepartment":true,"Tags":"10|44|2811|2836","Category":null,"Modified":"\/Date(1788433144820)\/","SubmissionDate":"\/Date(1781049600000)\/","SubmissionCouncil":1,"SubmissionCouncilName":"Conseil national","SubmissionCouncilAbbreviation":"CN","SubmissionSession":5214,"SubmissionLegislativePeriod":52,"FirstCouncil1":1,"FirstCouncil1Name":"Conseil national","FirstCouncil1Abbreviation":"CN","FirstCouncil2":null,"FirstCouncil2Name":null,"FirstCouncil2Abbreviation":null,"TagNames":"Politique europ\u00e9enne|Emploi et travail|Politique migratoire|Protection sociale"}}