{"d":{"__metadata":{"id":"https://ws.parlament.ch/OData.svc/Business(ID=20263619,Language='FR')","uri":"https://ws.parlament.ch/OData.svc/Business(ID=20263619,Language='FR')","type":"itsystems.Pd.DataServices.DataModel.Business"},"BusinessResponsibilities":{"__deferred":{"uri":"https://ws.parlament.ch/OData.svc/Business(ID=20263619,Language='FR')/BusinessResponsibilities"}},"RelatedBusinesses":{"__deferred":{"uri":"https://ws.parlament.ch/OData.svc/Business(ID=20263619,Language='FR')/RelatedBusinesses"}},"BusinessRoles":{"__deferred":{"uri":"https://ws.parlament.ch/OData.svc/Business(ID=20263619,Language='FR')/BusinessRoles"}},"Publications":{"__deferred":{"uri":"https://ws.parlament.ch/OData.svc/Business(ID=20263619,Language='FR')/Publications"}},"LegislativePeriods":{"__deferred":{"uri":"https://ws.parlament.ch/OData.svc/Business(ID=20263619,Language='FR')/LegislativePeriods"}},"Sessions":{"__deferred":{"uri":"https://ws.parlament.ch/OData.svc/Business(ID=20263619,Language='FR')/Sessions"}},"Preconsultations":{"__deferred":{"uri":"https://ws.parlament.ch/OData.svc/Business(ID=20263619,Language='FR')/Preconsultations"}},"Bills":{"__deferred":{"uri":"https://ws.parlament.ch/OData.svc/Business(ID=20263619,Language='FR')/Bills"}},"Councils":{"__deferred":{"uri":"https://ws.parlament.ch/OData.svc/Business(ID=20263619,Language='FR')/Councils"}},"BusinessTypes":{"__deferred":{"uri":"https://ws.parlament.ch/OData.svc/Business(ID=20263619,Language='FR')/BusinessTypes"}},"Votes":{"__deferred":{"uri":"https://ws.parlament.ch/OData.svc/Business(ID=20263619,Language='FR')/Votes"}},"SubjectsBusiness":{"__deferred":{"uri":"https://ws.parlament.ch/OData.svc/Business(ID=20263619,Language='FR')/SubjectsBusiness"}},"BusinessStates":{"__deferred":{"uri":"https://ws.parlament.ch/OData.svc/Business(ID=20263619,Language='FR')/BusinessStates"}},"Council":{"__deferred":{"uri":"https://ws.parlament.ch/OData.svc/Business(ID=20263619,Language='FR')/Council"}},"Transcripts":{"__deferred":{"uri":"https://ws.parlament.ch/OData.svc/Business(ID=20263619,Language='FR')/Transcripts"}},"ID":20263619,"Language":"FR","BusinessShortNumber":"26.3619","BusinessType":8,"BusinessTypeName":"Interpellation","BusinessTypeAbbreviation":"Ip.","Title":"G7 \u00e0 \u00c9vian. Les citoyens suisses vont-ils payer la note pour Macron ?","Description":null,"InitialSituation":null,"Proceedings":null,"DraftText":null,"SubmittedText":"<p>Du 15 au 17&nbsp;juin se tiendra le G7 \u00e0 \u00c9vian-les-Bains, en France, \u00e0 proximit\u00e9 de la fronti\u00e8re suisse. Il va donc de soi que de nombreuses manifestations auront lieu en Suisse, principalement \u00e0 Gen\u00e8ve, mais aussi \u00e0 Lausanne.</p><p>Les autorit\u00e9s locales concern\u00e9es ont d\u00e9plor\u00e9 le manque d'implication et d'informations de la part de la France.</p><p>En 2003, \u00e0 l'occasion du G8, d\u00e9j\u00e0 \u00e0 \u00c9vian, une grande partie des manifestations s'est d\u00e9plac\u00e9e vers Gen\u00e8ve et Lausanne, o\u00f9 se sont tenus des rassemblements de grande ampleur (entre 50&nbsp;000 et 100&nbsp;000 participants). R\u00e9sultats&nbsp;: violence, vandalisme, d\u00e9g\u00e2ts mat\u00e9riels, vitrines bris\u00e9es, magasins saccag\u00e9s, affrontements avec la police, etc.</p><p>Cette fois-ci, la situation pourrait \u00eatre encore pire&nbsp;: par rapport \u00e0 il y a 23&nbsp;ans, l'extr\u00eame gauche est aujourd'hui devenue encore plus violente (comme le confirment les donn\u00e9es officielles), intol\u00e9rante et anim\u00e9e par la haine. Il suffit de penser \u00e0 la manifestation pro-Palestine qui, le 11&nbsp;octobre dernier, a litt\u00e9ralement mis la ville de Berne \u00e0 feu et \u00e0 sang, causant des d\u00e9g\u00e2ts se chiffrant en millions et mettant des vies en danger. Il est \u00e9vident que les \u00ab&nbsp;acteurs&nbsp;\u00bb sont toujours les m\u00eames.</p><p>Les co\u00fbts li\u00e9s \u00e0 la gestion de la s\u00e9curit\u00e9 en Suisse pendant le sommet du G7 s'annoncent colossaux. On parle d'environ 25&nbsp;millions de francs, dont 17,5 \u00e0 la charge de Gen\u00e8ve et le reste r\u00e9parti entre les cantons de Vaud et du Valais.</p><p>La Conf\u00e9d\u00e9ration serait pr\u00eate \u00e0 prendre en charge 80&nbsp;% de ces co\u00fbts. Les contribuables suisses devront donc prendre en charge une d\u00e9pense d'au moins 20&nbsp;millions de francs, pour la seule raison que la France organise le G7 \u00e0 proximit\u00e9 de nos fronti\u00e8res.</p><p>&nbsp;</p><p>Aussi pri\u00e9-je le Conseil f\u00e9d\u00e9ral de r\u00e9pondre aux questions suivantes&nbsp;:</p><ul style=\"list-style-type:disc;\"><li>Que pense-t-il de l'\u00e9change d'informations avec la France dans le cadre du G7 \u00e0 \u00c9vian-les-Bains&nbsp;?&nbsp;</li><li>\u00c0 quel moment et de quelle mani\u00e8re les autorit\u00e9s suisses ont-elles \u00e9t\u00e9 impliqu\u00e9es&nbsp;?</li><li>Comment le Conseil f\u00e9d\u00e9ral \u00e9value-t-il les risques sur le territoire suisse compte tenu des manifestations attendues contre le G7&nbsp;?</li><li>Des troubles importants ne constitueraient-ils pas une confirmation de la n\u00e9cessit\u00e9 d'interdire les mouvements \u00ab&nbsp;antifas&nbsp;\u00bb en Suisse, comme le demande la motion 25.4602, que le Conseil f\u00e9d\u00e9ral propose toutefois de rejeter&nbsp;?</li><li>Comment le Conseil f\u00e9d\u00e9ral compte-t-il se faire rembourser par la France les co\u00fbts que la Conf\u00e9d\u00e9ration devra prendre en charge et qui pourraient d\u00e9passer les 20&nbsp;millions de francs&nbsp;? En bloquant les r\u00e9trocessions des imp\u00f4ts per\u00e7us aupr\u00e8s des travailleurs frontaliers&nbsp;? En r\u00e9duisant les contributions \u00ab&nbsp;de coh\u00e9sion&nbsp;\u00bb vers\u00e9es \u00e0 l'UE&nbsp;? Par d\u2019autres moyens&nbsp;?</li></ul>","ReasonText":null,"DocumentationText":null,"MotionText":null,"FederalCouncilResponseText":"<p>1<sup>er</sup> et 2<sup>e</sup> points&nbsp;: Le Conseil f\u00e9d\u00e9ral reconna\u00eet l\u2019importance d\u2019une r\u00e9union internationale de port\u00e9e mondiale telle que le G7 qui a d\u00e9montr\u00e9 une fois de plus le r\u00f4le de la Suisse et de la Gen\u00e8ve internationale en tant que plateforme multilat\u00e9rale. Il constate que la coop\u00e9ration avec les autorit\u00e9s fran\u00e7aises s'inscrit dans un esprit de partenariat et de confiance mutuelle. Lors de sa visite de travail \u00e0 Paris le 1<sup>er</sup>&nbsp;juillet 2025, la pr\u00e9sidente de la Conf\u00e9d\u00e9ration Karin Keller-Sutter a re\u00e7u formellement ces informations du pr\u00e9sident fran\u00e7ais Emmanuel Macron. La Conf\u00e9d\u00e9ration et les cantons ont, d\u00e8s l\u2019\u00e9t\u00e9 2025, tout mis en \u0153uvre pour soutenir l\u2019organisation et assurer la s\u00e9curit\u00e9 de l\u2019\u00e9v\u00e9nement du c\u00f4t\u00e9 suisse de la fronti\u00e8re, en \u00e9troite collaboration avec les autorit\u00e9s fran\u00e7aises.</p><p>&nbsp;</p><p>3<sup>e</sup> et 4<sup>e</sup> points&nbsp;: Compte tenu des violences survenues lors du sommet du G8 d\u2019\u00c9vian en 2003, l\u2019objectif commun de la Suisse et de la France \u00e9tait que le sommet de 2026 se d\u00e9roule sans incident. La coop\u00e9ration franco-suisse et l\u2019entraide mutuelle ont mis un accent particulier sur les aspects de s\u00e9curit\u00e9. Un important dispositif de s\u00e9curit\u00e9 a \u00e9t\u00e9 mis en place en coop\u00e9ration entre les autorit\u00e9s des deux pays afin de pr\u00e9venir tout d\u00e9bordement et de limiter les risques pour la population, les infrastructures et les biens. Cet objectif peut \u00eatre consid\u00e9r\u00e9 comme tr\u00e8s largement atteint. Il n\u2019y a en particulier pas eu de troubles d\u2019envergure qui pousserait le Conseil f\u00e9d\u00e9ral \u00e0 reconsid\u00e9rer la position prise sur la motion 25.4602.</p><p>&nbsp;</p><p>5<sup>e</sup> point&nbsp;: S\u2019agissant des co\u00fbts, point sur lequel la Suisse a demand\u00e9 \u00e0 la France d\u2019assumer sa responsabilit\u00e9 de pays h\u00f4te du sommet d\u00e8s l\u2019\u00e9t\u00e9 2025, force est de constater qu\u2019aucun accord sur un partage des co\u00fbts de s\u00e9curit\u00e9 n\u2019a pu \u00eatre trouv\u00e9. Les autorit\u00e9s comp\u00e9tentes des deux pays restent en contact pour tirer les enseignements du sommet du G7, et pour th\u00e9matiser les diff\u00e9rents aspects de la coop\u00e9ration n\u00e9cessaire \u00e0 la tenue d\u2019\u00e9v\u00e9nements de grande ampleur internationale, y compris les questions relatives \u00e0 la r\u00e9partition des charges et aux modalit\u00e9s de soutien mutuel.</p>","FederalCouncilProposal":null,"FederalCouncilProposalText":null,"FederalCouncilProposalDate":"\/Date(1788307200000)\/","SubmittedBy":"Quadri Lorenzo","BusinessStatus":203,"BusinessStatusText":"L\u2019avis relatif \u00e0 l\u2019intervention est disponible","BusinessStatusDate":"\/Date(1788338869000)\/","ResponsibleDepartment":3,"ResponsibleDepartmentName":"D\u00e9partement des affaires \u00e9trang\u00e8res","ResponsibleDepartmentAbbreviation":"DFAE","IsLeadingDepartment":true,"Tags":"8|9|24","Category":null,"Modified":"\/Date(1788425281960)\/","SubmissionDate":"\/Date(1781136000000)\/","SubmissionCouncil":1,"SubmissionCouncilName":"Conseil national","SubmissionCouncilAbbreviation":"CN","SubmissionSession":5214,"SubmissionLegislativePeriod":52,"FirstCouncil1":1,"FirstCouncil1Name":"Conseil national","FirstCouncil1Abbreviation":"CN","FirstCouncil2":null,"FirstCouncil2Name":null,"FirstCouncil2Abbreviation":null,"TagNames":"Politique internationale|Politique de s\u00e9curit\u00e9|Finances"}}