{"d":{"__metadata":{"id":"https://ws.parlament.ch/OData.svc/Business(ID=20263666,Language='DE')","uri":"https://ws.parlament.ch/OData.svc/Business(ID=20263666,Language='DE')","type":"itsystems.Pd.DataServices.DataModel.Business"},"BusinessResponsibilities":{"__deferred":{"uri":"https://ws.parlament.ch/OData.svc/Business(ID=20263666,Language='DE')/BusinessResponsibilities"}},"RelatedBusinesses":{"__deferred":{"uri":"https://ws.parlament.ch/OData.svc/Business(ID=20263666,Language='DE')/RelatedBusinesses"}},"BusinessRoles":{"__deferred":{"uri":"https://ws.parlament.ch/OData.svc/Business(ID=20263666,Language='DE')/BusinessRoles"}},"Publications":{"__deferred":{"uri":"https://ws.parlament.ch/OData.svc/Business(ID=20263666,Language='DE')/Publications"}},"LegislativePeriods":{"__deferred":{"uri":"https://ws.parlament.ch/OData.svc/Business(ID=20263666,Language='DE')/LegislativePeriods"}},"Sessions":{"__deferred":{"uri":"https://ws.parlament.ch/OData.svc/Business(ID=20263666,Language='DE')/Sessions"}},"Preconsultations":{"__deferred":{"uri":"https://ws.parlament.ch/OData.svc/Business(ID=20263666,Language='DE')/Preconsultations"}},"Bills":{"__deferred":{"uri":"https://ws.parlament.ch/OData.svc/Business(ID=20263666,Language='DE')/Bills"}},"Councils":{"__deferred":{"uri":"https://ws.parlament.ch/OData.svc/Business(ID=20263666,Language='DE')/Councils"}},"BusinessTypes":{"__deferred":{"uri":"https://ws.parlament.ch/OData.svc/Business(ID=20263666,Language='DE')/BusinessTypes"}},"Votes":{"__deferred":{"uri":"https://ws.parlament.ch/OData.svc/Business(ID=20263666,Language='DE')/Votes"}},"SubjectsBusiness":{"__deferred":{"uri":"https://ws.parlament.ch/OData.svc/Business(ID=20263666,Language='DE')/SubjectsBusiness"}},"BusinessStates":{"__deferred":{"uri":"https://ws.parlament.ch/OData.svc/Business(ID=20263666,Language='DE')/BusinessStates"}},"Council":{"__deferred":{"uri":"https://ws.parlament.ch/OData.svc/Business(ID=20263666,Language='DE')/Council"}},"Transcripts":{"__deferred":{"uri":"https://ws.parlament.ch/OData.svc/Business(ID=20263666,Language='DE')/Transcripts"}},"ID":20263666,"Language":"DE","BusinessShortNumber":"26.3666","BusinessType":8,"BusinessTypeName":"Interpellation","BusinessTypeAbbreviation":"Ip.","Title":"Neat. Will der Bundesrat alles auf nach 2050 verschieben?","Description":null,"InitialSituation":null,"Proceedings":null,"DraftText":null,"SubmittedText":"<p>1992 stimmte das Schweizer Volk der Neuen Eisenbahn-Alpentransversale (NEAT) zu. Es bekr\u00e4ftigte 1994 mit der Annahme der Alpeninitiative den Willen, den alpenquerenden G\u00fcterverkehr von der Strasse auf die Schiene zu verlagern. Die derzeitigen Planungen lassen jedoch vermuten, dass die Nord-S\u00fcd-Achse \u2013 einschliesslich der Zufahrtsstrecken und der Beseitigung der wichtigsten Engp\u00e4sse \u2013 erst nach 2050 zur Nutzung fertiggestellt werden d\u00fcrfte, was vor allem f\u00fcr den Kanton Tessin schwerwiegende Folgen h\u00e4tte.</p><p>Deshalb frage ich den Bundesrat:</p><ol style=\"list-style-type:decimal;\"><li>Ist er der Ansicht, der Auftrag der Bev\u00f6lkerung von 1992 umfasse auch den Ausbau der Zufahrtsstrecken und die Beseitigung der Engp\u00e4sse, die f\u00fcr die volle Nutzung der NEAT erforderlich sind? Falls nein, wie begr\u00fcndet er dies?</li><li>Best\u00e4tigt er, dass aufgrund der derzeitigen Planung die Nord-S\u00fcd-Achse m\u00f6glicherweise erst nach 2050 zur Nutzung&nbsp;fertiggestellt werden k\u00f6nnte? Welche Bauvorhaben w\u00e4ren davon betroffen, aus welchen Gr\u00fcnden und mit welchen Folgen f\u00fcr das Tessin und die Verkehrsverlagerungspolitik?</li><li>Ist er bereit, diesen Ansatz zu \u00fcberdenken und noch in dieser Legislaturperiode eine Vorlage (Botschaft, Grundsatzbeschluss oder Planungskredite) zu unterbreiten, die mit einem Fahrplan und einem verbindlichen Zeitplan einhergeht?</li><li>Wurden in der Studie \u201eVerkehr 2045\u201c von Professor Weidmann der Volkswille von 1992 und 1994, die strategische Bedeutung der Nord-S\u00fcd-Achse und die Auswirkungen auf die Mobilit\u00e4t s\u00fcdlich der Alpen ber\u00fccksichtigt?</li><li>Ist der Bundesrat bereit, auch auf erg\u00e4nzende Finanzierungsinstrumente wie \u00f6ffentlich-private Partnerschaften (PPP) zur\u00fcckzugreifen, um den Bau der Bahnanschl\u00fcsse zu beschleunigen? Wenn nein, aus welchen Gr\u00fcnden nicht?</li><li>Beabsichtigt er, die Zusammenarbeit mit Italien zu verst\u00e4rken und die institutionelle Ann\u00e4herung zwischen dem Tessin, der Lombardei, dem Piemont und Ligurien zu f\u00f6rdern, um die Fertigstellung des Korridors zu beschleunigen?</li><li>Angesichts der Tatsache, dass in der Vergangenheit bereits die Priorit\u00e4ten und Zeitpl\u00e4ne anderer grosser nationaler Infrastrukturprojekte \u00fcberdacht wurden, warum sollte dann nicht derselbe Ansatz auch auf die Fertigstellung der NEAT angewendet werden, unter Ber\u00fccksichtigung des Volkswillens und des territorialen Zusammenhalts des Landes?</li></ol>","ReasonText":null,"DocumentationText":null,"MotionText":null,"FederalCouncilResponseText":"<p>1. Seit der Abstimmung von 1992 hat sich das Projekt NEAT weiterentwickelt und es wurde optimiert. So konnte auf gewisse Ausbauten auf Zulaufstrecken verzichtet werden. Mit der Volksabstimmung vom 29. November 1998 wurde eine solide Finanzierung der Bahnvorhaben geschaffen, insbesondere f\u00fcr AlpTransit. Der Verzicht auf nicht dringend ben\u00f6tigte Zufahrtsstrecken wurde damit best\u00e4tigt. </p><p>Die NEAT ist seit Ende 2020 vollst\u00e4ndig in Betrieb. Beim L\u00f6tschberg-Basistunnel sind alle Bauarbeiten seit vielen Jahren abgeschlossen und es steht nur noch ein Rechtsgesch\u00e4ft aus. Der Gotthard-Basistunnel ist seit 2016 in Betrieb und der Ceneri-Basistunnel seit 2020. Die Garantie- und Abschlussarbeiten wurden im Wesentlichen bis Ende 2025 abgeschlossen. Der Abschluss der geplanten Sanierungsmassnahmen von Belastungen mit per- und polyfluorierten Alkylsubstanzen (PFAS) wird 2026 erfolgen und die Gleisanlage in Ryn\u00e4cht (UR) wird bis 2028 nachtr\u00e4glich so umgebaut, dass auf Fahrstrassenausschl\u00fcsse verzichtet werden kann. Die Abrechnung der gesamten Gotthard-Achse und somit der gesamten NEAT ist ab 2029 vorgesehen.</p><p>&nbsp;</p><p>2. Gem\u00e4ss den vom Bundesrat im Januar&nbsp;2026 festgelegten Eckwerten geh\u00f6rt der Bau von Zufahrtsstrecken zu den Basistunneln nicht zu den Priorit\u00e4ten. Somit k\u00f6nnte dieser erst nach 2050 erfolgen. </p><p>&nbsp;</p><p>3. Der Bundesrat hat am 19.&nbsp;Juni dieses Jahres das Vernehmlassungsverfahren zu \u00abVerkehr&nbsp;\u201945\u00bb er\u00f6ffnet. Die Vorlage beruht auf den im Januar definierten Eckwerten und hat zum Ziel, die verschiedenen Projekte bis&nbsp;2045 aufeinander abzustimmen. Weitere strategische Netzelemente will der Bundesrat dem Parlament mit einer Botschaft im Jahr&nbsp;2031 vorlegen. Dann wird sich Gelegenheit bieten, dar\u00fcber zu beraten. Der Bundesrat beabsichtigt, an dieser integralen Betrachtung der strukturgebenden Projekte im Eisenbahnnetz festzuhalten.</p><p>&nbsp;</p><p>4. Nein, denn das Gutachten der ETHZ hatte den Auftrag, folgende Projekte zu \u00fcberpr\u00fcfen: <br>Alle bereits zur Umsetzung beschlossenen Projekte, f\u00fcr welche bis am 15.1.2025 noch kein Plangenehmigungsgesuch eingereicht worden war; <br>alle Projekte, welche im Rahmen der \u00dcberarbeitung des STEP Ausbauschrittes 2035 als Erg\u00e4nzungsmassnahmen ermittelt wurden; <br>die f\u00fcnf grossen Massnahmen, f\u00fcr welche das Parlament im Bundesbeschluss zum STEP Ausbauschritt 2035 dem Bundesrat einen Pr\u00fcfauftrag gegeben hatte sowie den multifunktionalen Grimseltunnel. </p><p>&nbsp;</p><p>5. Public-Private-Partnership (PPP) ist ein alternativer Ansatz, mit dem zus\u00e4tzliches Kapital f\u00fcr Investitionen und Know-how mobilisiert werden kann. Aufgrund der bisher durchgef\u00fchrten Studien geht der Bundesrat davon aus, dass der PPP-Ansatz f\u00fcr Verkehrsinfrastrukturen nicht eingesetzt werden sollte und auch im Hinblick auf die Kosteneffizienz grunds\u00e4tzlich nicht zu empfehlen ist. PPP-Finanzierung k\u00f6nnte dazu f\u00fchren, dass der Bund zwar kurzfristig mit privatem Kapital zus\u00e4tzliche Investitionen anstossen kann, deren Folgekosten und insbesondere die n\u00f6tige Verzinsung des Fremdkapitals aber langfristig nicht gesichert ist.</p><p>&nbsp;</p><p>6. Die institutionelle Zusammenarbeit zwischen der Schweiz und Italien wird durch mehrere internationale Abkommen geregelt. Im Juli&nbsp;2023 haben die Verkehrsminister der beiden L\u00e4nder zudem eine Absichtserkl\u00e4rung \u00fcber die bilaterale Zusammenarbeit bei der Realisierung der Ausbauvorhaben im Bereich der Bahninfrastruktur und der Bahntransportleistungen bis&nbsp;2035 unterzeichnet. Die grenz\u00fcberschreitende Arbeitsgruppe Schweiz\u2013Italien begleitet die Umsetzung der Absichtserkl\u00e4rung fortlaufend und steht dazu in stetigem Austausch. In dieser Arbeitsgruppe sind auch die betroffenen Regionen und Kantone vertreten. Der Bundesrat will die enge Zusammenarbeit mit den italienischen Beh\u00f6rden auf dieser Grundlage fortsetzen. </p><p>&nbsp;</p><p>7. Im Zuge der n\u00e4chsten Ausbauschritte wird der Bundesrat wie bereits in der Vergangenheit s\u00e4mtliche ausgewiesenen Bed\u00fcrfnisse ber\u00fccksichtigen und ihnen in einer Weise Rechnung tragen, die einen effizienten Einsatz der verf\u00fcgbaren Ressourcen gew\u00e4hrleistet. </p>","FederalCouncilProposal":null,"FederalCouncilProposalText":null,"FederalCouncilProposalDate":"\/Date(1786492800000)\/","SubmittedBy":"Quadri Lorenzo","BusinessStatus":203,"BusinessStatusText":"Stellungnahme zum Vorstoss liegt vor","BusinessStatusDate":"\/Date(1786533065000)\/","ResponsibleDepartment":9,"ResponsibleDepartmentName":"Departement f\u00fcr Umwelt, Verkehr, Energie und Kommunikation","ResponsibleDepartmentAbbreviation":"UVEK","IsLeadingDepartment":true,"Tags":"48","Category":null,"Modified":"\/Date(1786741019137)\/","SubmissionDate":"\/Date(1781568000000)\/","SubmissionCouncil":1,"SubmissionCouncilName":"Nationalrat","SubmissionCouncilAbbreviation":"NR","SubmissionSession":5214,"SubmissionLegislativePeriod":52,"FirstCouncil1":1,"FirstCouncil1Name":"Nationalrat","FirstCouncil1Abbreviation":"NR","FirstCouncil2":null,"FirstCouncil2Name":null,"FirstCouncil2Abbreviation":null,"TagNames":"Verkehr"}}