{"d":{"__metadata":{"id":"https://ws.parlament.ch/OData.svc/Business(ID=20263682,Language='FR')","uri":"https://ws.parlament.ch/OData.svc/Business(ID=20263682,Language='FR')","type":"itsystems.Pd.DataServices.DataModel.Business"},"BusinessResponsibilities":{"__deferred":{"uri":"https://ws.parlament.ch/OData.svc/Business(ID=20263682,Language='FR')/BusinessResponsibilities"}},"RelatedBusinesses":{"__deferred":{"uri":"https://ws.parlament.ch/OData.svc/Business(ID=20263682,Language='FR')/RelatedBusinesses"}},"BusinessRoles":{"__deferred":{"uri":"https://ws.parlament.ch/OData.svc/Business(ID=20263682,Language='FR')/BusinessRoles"}},"Publications":{"__deferred":{"uri":"https://ws.parlament.ch/OData.svc/Business(ID=20263682,Language='FR')/Publications"}},"LegislativePeriods":{"__deferred":{"uri":"https://ws.parlament.ch/OData.svc/Business(ID=20263682,Language='FR')/LegislativePeriods"}},"Sessions":{"__deferred":{"uri":"https://ws.parlament.ch/OData.svc/Business(ID=20263682,Language='FR')/Sessions"}},"Preconsultations":{"__deferred":{"uri":"https://ws.parlament.ch/OData.svc/Business(ID=20263682,Language='FR')/Preconsultations"}},"Bills":{"__deferred":{"uri":"https://ws.parlament.ch/OData.svc/Business(ID=20263682,Language='FR')/Bills"}},"Councils":{"__deferred":{"uri":"https://ws.parlament.ch/OData.svc/Business(ID=20263682,Language='FR')/Councils"}},"BusinessTypes":{"__deferred":{"uri":"https://ws.parlament.ch/OData.svc/Business(ID=20263682,Language='FR')/BusinessTypes"}},"Votes":{"__deferred":{"uri":"https://ws.parlament.ch/OData.svc/Business(ID=20263682,Language='FR')/Votes"}},"SubjectsBusiness":{"__deferred":{"uri":"https://ws.parlament.ch/OData.svc/Business(ID=20263682,Language='FR')/SubjectsBusiness"}},"BusinessStates":{"__deferred":{"uri":"https://ws.parlament.ch/OData.svc/Business(ID=20263682,Language='FR')/BusinessStates"}},"Council":{"__deferred":{"uri":"https://ws.parlament.ch/OData.svc/Business(ID=20263682,Language='FR')/Council"}},"Transcripts":{"__deferred":{"uri":"https://ws.parlament.ch/OData.svc/Business(ID=20263682,Language='FR')/Transcripts"}},"ID":20263682,"Language":"FR","BusinessShortNumber":"26.3682","BusinessType":5,"BusinessTypeName":"Motion","BusinessTypeAbbreviation":"Mo.","Title":"Int\u00e9grer les effets de l'intelligence artificielle g\u00e9n\u00e9rative dans la Strat\u00e9gie \u00c9galit\u00e9 2030","Description":null,"InitialSituation":null,"Proceedings":null,"DraftText":null,"SubmittedText":"<p>Le Conseil f\u00e9d\u00e9ral est charg\u00e9 d\u2019int\u00e9grer les effets de l\u2019intelligence artificielle g\u00e9n\u00e9rative sur l\u2019\u00e9galit\u00e9<br>entre femmes et hommes dans la Strat\u00e9gie \u00c9galit\u00e9 2030, en prenant les mesures n\u00e9cessaires afin de<br>documenter l\u2019\u00e9volution de ces effets sur le march\u00e9 de l\u2019emploi et afin de pr\u00e9venir l\u2019aggravation des<br>in\u00e9galit\u00e9s existantes.</p>","ReasonText":"<p>L\u2019intelligence artificielle g\u00e9n\u00e9rative transforme rapidement le monde du travail. Or plusieurs \u00e9tudes<br>montrent que les femmes pourraient \u00eatre davantage touch\u00e9es que les hommes par cette \u00e9volution.<br>Selon une \u00e9tude de Goldman Sachs publi\u00e9e en 2023, pr\u00e8s de 80 % des femmes exercent une<br>profession susceptible d\u2019\u00eatre affect\u00e9e par l\u2019IA g\u00e9n\u00e9rative, contre environ 60 % des hommes.<br>Une \u00e9tude r\u00e9cente de l\u2019Organisation internationale du travail (OIT) confirme cette tendance. Elle<br>montre que les professions principalement exerc\u00e9es par les femmes figurent parmi les plus expos\u00e9es<br>\u00e0 l\u2019IA g\u00e9n\u00e9rative. L\u2019impact potentiel de cette technologie y est pr\u00e8s de deux fois plus important que<br>dans les professions principalement exerc\u00e9es par des hommes. Dans les cat\u00e9gories pr\u00e9sentant un<br>risque d\u2019automatisation \u00e9lev\u00e9, cet \u00e9cart atteint m\u00eame un facteur cinq.<br>Dans un contexte o\u00f9 les in\u00e9galit\u00e9s persistent encore sur le march\u00e9 du travail, il appara\u00eet n\u00e9cessaire<br>que la Strat\u00e9gie \u00c9galit\u00e9 2030 tienne compte de cette \u00e9volution. La pr\u00e9sente motion demande que ces<br>effets soient suivis et document\u00e9s afin d\u2019identifier les \u00e9ventuels risques d\u2019aggravation des in\u00e9galit\u00e9s<br>existantes et, le cas \u00e9ch\u00e9ant, d\u2019adapter les mesures existantes.</p>","DocumentationText":null,"MotionText":null,"FederalCouncilResponseText":"<p>Le Conseil f\u00e9d\u00e9ral propose d'accepter la motion.</p>","FederalCouncilProposal":44,"FederalCouncilProposalText":"Adoption","FederalCouncilProposalDate":"\/Date(1787702400000)\/","SubmittedBy":"Amaudruz C\u00e9line","BusinessStatus":203,"BusinessStatusText":"L\u2019avis relatif \u00e0 l\u2019intervention est disponible","BusinessStatusDate":"\/Date(1787757532703)\/","ResponsibleDepartment":4,"ResponsibleDepartmentName":"D\u00e9partement de l'int\u00e9rieur","ResponsibleDepartmentAbbreviation":"DFI","IsLeadingDepartment":true,"Tags":"28|34|36|44","Category":null,"Modified":"\/Date(1787757554837)\/","SubmissionDate":"\/Date(1781654400000)\/","SubmissionCouncil":1,"SubmissionCouncilName":"Conseil national","SubmissionCouncilAbbreviation":"CN","SubmissionSession":5214,"SubmissionLegislativePeriod":52,"FirstCouncil1":1,"FirstCouncil1Name":"Conseil national","FirstCouncil1Abbreviation":"CN","FirstCouncil2":null,"FirstCouncil2Name":null,"FirstCouncil2Abbreviation":null,"TagNames":"Questions sociales|M\u00e9dias et communication|Science et recherche|Emploi et travail"}}