{"d":{"__metadata":{"id":"https://ws.parlament.ch/OData.svc/Business(ID=20263690,Language='FR')","uri":"https://ws.parlament.ch/OData.svc/Business(ID=20263690,Language='FR')","type":"itsystems.Pd.DataServices.DataModel.Business"},"BusinessResponsibilities":{"__deferred":{"uri":"https://ws.parlament.ch/OData.svc/Business(ID=20263690,Language='FR')/BusinessResponsibilities"}},"RelatedBusinesses":{"__deferred":{"uri":"https://ws.parlament.ch/OData.svc/Business(ID=20263690,Language='FR')/RelatedBusinesses"}},"BusinessRoles":{"__deferred":{"uri":"https://ws.parlament.ch/OData.svc/Business(ID=20263690,Language='FR')/BusinessRoles"}},"Publications":{"__deferred":{"uri":"https://ws.parlament.ch/OData.svc/Business(ID=20263690,Language='FR')/Publications"}},"LegislativePeriods":{"__deferred":{"uri":"https://ws.parlament.ch/OData.svc/Business(ID=20263690,Language='FR')/LegislativePeriods"}},"Sessions":{"__deferred":{"uri":"https://ws.parlament.ch/OData.svc/Business(ID=20263690,Language='FR')/Sessions"}},"Preconsultations":{"__deferred":{"uri":"https://ws.parlament.ch/OData.svc/Business(ID=20263690,Language='FR')/Preconsultations"}},"Bills":{"__deferred":{"uri":"https://ws.parlament.ch/OData.svc/Business(ID=20263690,Language='FR')/Bills"}},"Councils":{"__deferred":{"uri":"https://ws.parlament.ch/OData.svc/Business(ID=20263690,Language='FR')/Councils"}},"BusinessTypes":{"__deferred":{"uri":"https://ws.parlament.ch/OData.svc/Business(ID=20263690,Language='FR')/BusinessTypes"}},"Votes":{"__deferred":{"uri":"https://ws.parlament.ch/OData.svc/Business(ID=20263690,Language='FR')/Votes"}},"SubjectsBusiness":{"__deferred":{"uri":"https://ws.parlament.ch/OData.svc/Business(ID=20263690,Language='FR')/SubjectsBusiness"}},"BusinessStates":{"__deferred":{"uri":"https://ws.parlament.ch/OData.svc/Business(ID=20263690,Language='FR')/BusinessStates"}},"Council":{"__deferred":{"uri":"https://ws.parlament.ch/OData.svc/Business(ID=20263690,Language='FR')/Council"}},"Transcripts":{"__deferred":{"uri":"https://ws.parlament.ch/OData.svc/Business(ID=20263690,Language='FR')/Transcripts"}},"ID":20263690,"Language":"FR","BusinessShortNumber":"26.3690","BusinessType":8,"BusinessTypeName":"Interpellation","BusinessTypeAbbreviation":"Ip.","Title":"Normalisation des id\u00e9ologies d'extr\u00eame droite. Que fait le Conseil f\u00e9d\u00e9ral pour contrer ce danger ?","Description":null,"InitialSituation":null,"Proceedings":null,"DraftText":null,"SubmittedText":"<ul><li>Risque-t-on, selon le Conseil f\u00e9d\u00e9ral, d\u2019assister \u00e0 une normalisation des id\u00e9ologies et des acteurs d\u2019extr\u00eame droite en Suisse&nbsp;?</li><li>Y a-t-il, selon la Conf\u00e9d\u00e9ration, des liens entre des groupes d\u2019extr\u00eame droite et des partis (ou des Jeunesses de partis)&nbsp;? Si oui, que pense-t-elle de ces liens&nbsp;?</li><li>Quelles \u00e9volutions observe-t-elle dans la port\u00e9e, le recrutement, la mise en r\u00e9seau et les actions publiques des groupes d\u2019extr\u00eame droite&nbsp;?</li><li>Le Conseil f\u00e9d\u00e9ral estime-t-il qu\u2019il y a des liens entre des actions en apparence non violentes et les milieux d\u2019extr\u00eame droite violents&nbsp;?</li><li>Quels sont les organes responsables de la pr\u00e9vention, de la sensibilisation et de la d\u00e9tection pr\u00e9coce&nbsp;? Existe-t-il une strat\u00e9gie globale pour lutter contre la normalisation d\u2019id\u00e9ologies d\u2019extr\u00eame droite&nbsp;?</li><li>Sur la base de quels crit\u00e8res le SRC d\u00e9signe-t-il et \u00e9value-t-il les diff\u00e9rents groupements d\u2019extr\u00eame droite dans les rapports de situation publics&nbsp;? Comment le Conseil f\u00e9d\u00e9ral garantit-il qu\u2019une communication prudente ne contribuera pas involontairement \u00e0 une normalisation&nbsp;?</li><li>Selon le Conseil f\u00e9d\u00e9ral, comment le groupe \u00ab&nbsp;Junge Tat&nbsp;\u00bb a-t-il \u00e9volu\u00e9 depuis sa r\u00e9ponse \u00e0 l\u2019interpellation 23.3391&nbsp;?</li></ul>","ReasonText":"<p>Les acteurs d\u2019extr\u00eame droite tentent de faire passer des id\u00e9es autoritaires et misanthropes pour des points de vue politiques l\u00e9gitimes. Ils s\u2019immiscent dans des d\u00e9bats actuels, mettent en sc\u00e8ne des actions ayant un fort retentissement public et entrent en contact avec des jeunes sur les m\u00e9dias sociaux. Les limites de ce qui est socialement acceptable risquent ainsi de se d\u00e9placer.</p><p>&nbsp;</p><p>Dans le rapport de situation 2025, le SRC indique que la menace qui \u00e9mane des milieux d\u2019extr\u00eame gauche et d\u2019extr\u00eame droite violents reste stable \u00e0 un niveau \u00e9lev\u00e9, et que les milieux d\u2019extr\u00eame droite violents resteront actifs&nbsp;; il ajoute que quelques groupes tenteront d\u2019obtenir une certaine publicit\u00e9 par diverses actions et par la diffusion de vid\u00e9os de propagande.</p><p>&nbsp;</p><p>Le recours \u00e0 des termes tels que \u00ab&nbsp;remigration&nbsp;\u00bb ou \u00e0 des th\u00e9ories comme celle du pr\u00e9tendu \u00ab&nbsp;grand remplacement&nbsp;\u00bb fait partie de cette strat\u00e9gie de normalisation&nbsp;: il vise \u00e0 remplacer des repr\u00e9sentations racistes et nationalistes par des termes en apparence rationnels ou relevant de la politique migratoire, afin de rendre acceptables des id\u00e9es misanthropes. Ceux qui utilisent le terme \u00ab&nbsp;remigration&nbsp;\u00bb entendent par l\u00e0 la d\u00e9portation massive de personnes ayant le passeport suisse&nbsp;; quant au \u00ab&nbsp;grand remplacement&nbsp;\u00bb, il s\u2019agit d\u2019une th\u00e9orie conspirationniste antis\u00e9mite.</p><p>&nbsp;</p><p>Un cas parmi d\u2019autres est le groupe \u00ab&nbsp;Junge Tat&nbsp;\u00bb. En 2023, le SRC a d\u00e9crit comment celui-ci exploitait des th\u00e8mes ayant un fort retentissement public. Dans le rapport 2025, le groupe est mentionn\u00e9 en lien avec une action qu\u2019il a men\u00e9e en marge du Concours Eurovision de la chanson, mais ses actions ne sont pas analys\u00e9es de mani\u00e8re plus approfondie. Or, l\u2019absence d\u2019une analyse publique des groupes de ce type peut, involontairement, conduire \u00e0 leur normalisation.</p>","DocumentationText":null,"MotionText":null,"FederalCouncilResponseText":"<p>1. Les autorit\u00e9s traitant les th\u00e8mes de s\u00e9curit\u00e9 ont la responsabilit\u00e9 d\u2019identifier les menaces pour la s\u00e9curit\u00e9 du pays et de prendre les mesures n\u00e9cessaires. Une id\u00e9ologie qui ne se concr\u00e9tise pas dans des actes de violence ou des infractions \u00e0 une disposition p\u00e9nale est prot\u00e9g\u00e9e par la libert\u00e9 d'opinion et d'expression consacr\u00e9e par la Constitution f\u00e9d\u00e9rale.</p><p>&nbsp;</p><p>2. Les autorit\u00e9s ne peuvent pas \u00e9tablir de lien structurel entre tel parti politique et tel groupe d\u2019extr\u00eame-droite impliqu\u00e9 dans des actes de violence, car conform\u00e9ment \u00e0 l\u2019art.&nbsp;5, al.&nbsp;5, de la loi f\u00e9d\u00e9rale sur le renseignement (LRens, RS&nbsp;121), le Service de renseignement de la Conf\u00e9d\u00e9ration (SRC) ne recherche ni ne traite aucune information relative aux activit\u00e9s politiques ou \u00e0 l\u2019exercice de la libert\u00e9 d\u2019opinion, d\u2019association ou de r\u00e9union en Suisse, et donc aucune information relative aux partis politiques.</p><p>&nbsp;</p><p>3. Compar\u00e9 aux ann\u00e9es pr\u00e9c\u00e9dentes, les extr\u00e9mistes violents se montrent souvent plus discrets et plus r\u00e9fl\u00e9chis dans leur propos. Cela attire de nouveaux partisans vers certains groupes. Les milieux d\u2019extr\u00eame droite violents ne parviennent \u00e0 affaiblir de mani\u00e8re perceptible la d\u00e9mocratie et les principes de l\u2019\u00c9tat de droit ou \u00e0 influencer notablement les processus politiques. La menace \u00e9manant des extr\u00e9mistes de droite violents persiste n\u00e9anmoins&nbsp;: les personnes agissant en dehors des structures organis\u00e9es de l\u2019extr\u00eame droite repr\u00e9sentent und menace plus importante que les groupes dans leur ensemble. Les cas de jeunes adultes ou de mineurs qui se radicalisent en ligne via les r\u00e9seaux sociaux et les plateformes de jeux continuent en particulier d\u2019augmenter. L\u2019espace num\u00e9rique reste un vecteur central pour la diffusion de propagande et le r\u00e9seautage. L\u2019\u00e9volution de la situation dans le domaine de l\u2019extr\u00e9misme violent a conduit le Conseil f\u00e9d\u00e9ral \u00e0 proposer, dans le cadre de la r\u00e9vision en cours de la LRens, l\u2019introduction de mesures de recherche soumises \u00e0 autorisation \u00e9galement pour d\u00e9tecter et contrer les menaces que repr\u00e9sentent les activit\u00e9s extr\u00e9mistes violentes.</p><p>&nbsp;</p><p>4. Le SRC constate que des membres des milieux d\u2019extr\u00eame droite violents participent parfois \u00e0 des actions et manifestations d\u00e9clench\u00e9es par des mouvements, organisations ou personnes en soi plus mod\u00e9r\u00e9es.</p><p>&nbsp;</p><p>5. Pr\u00e9venir et neutraliser tant la radicalisation que l\u2019extr\u00e9misme violent est une t\u00e2che assum\u00e9e de concert par les autorit\u00e9s f\u00e9d\u00e9rales, cantonales et communales, en collaboration avec des organisations de droit priv\u00e9. Les instruments \u00e0 disposition des autorit\u00e9s rel\u00e8vent des renseignements, de la police, des services sociaux et de l\u2019instruction publique. \u00c9valuer la situation ainsi que d\u00e9celer \u00e0 temps et contenir les menaces sont des t\u00e2ches du SRC. La pr\u00e9vention est assum\u00e9e en grande partie par la gestion cantonale des menaces (services de police surtout) et divers services sp\u00e9cialis\u00e9s. Les cantons disposent aussi de structures particuli\u00e8res pour d\u00e9tecter et g\u00e9rer les situations de danger en tenant compte des recommandations du plan national de lutte contre la radicalisation et l\u2019extr\u00e9misme violent, notamment pour les mesures de pr\u00e9vention cibl\u00e9e.</p><p>&nbsp;</p><p>6. Dans ses communications, le SRC mentionne les groupes d\u2019extr\u00eame-droite violents lorsque ceux-ci sont apparus publiquement par leurs actes. Le Conseil f\u00e9d\u00e9ral est limit\u00e9 dans ses communications par les prescriptions l\u00e9gales&nbsp;; il ne communique pas \u00e0 propos de contenus classifi\u00e9s.</p><p>&nbsp;</p><p>7. Le groupe <em>Junge Tat</em> rassemble une jeune g\u00e9n\u00e9ration d\u2019extr\u00e9mistes de droite violents d\u2019origine suisse. Il dispose depuis quelques ann\u00e9es d\u2019un r\u00e9seau national et international. Certains de ses membres participent \u00e0 des manifestations de plus grande envergure dans d\u2019autres pays europ\u00e9ens, surtout lorsqu\u2019il est question d\u2019id\u00e9es telles que l\u2019incitation au retour de personnes immigr\u00e9es (<em>remigration</em>).</p>","FederalCouncilProposal":null,"FederalCouncilProposalText":null,"FederalCouncilProposalDate":"\/Date(1787702400000)\/","SubmittedBy":"D\u00fcnki-B\u00e4ttig Mich\u00e8le","BusinessStatus":203,"BusinessStatusText":"L\u2019avis relatif \u00e0 l\u2019intervention est disponible","BusinessStatusDate":"\/Date(1787734103000)\/","ResponsibleDepartment":6,"ResponsibleDepartmentName":"D\u00e9partement de la d\u00e9fense, de la protection de la population et des sports","ResponsibleDepartmentAbbreviation":"DDPS","IsLeadingDepartment":true,"Tags":"4|9|28","Category":null,"Modified":"\/Date(1787906918020)\/","SubmissionDate":"\/Date(1781654400000)\/","SubmissionCouncil":1,"SubmissionCouncilName":"Conseil national","SubmissionCouncilAbbreviation":"CN","SubmissionSession":5214,"SubmissionLegislativePeriod":52,"FirstCouncil1":1,"FirstCouncil1Name":"Conseil national","FirstCouncil1Abbreviation":"CN","FirstCouncil2":null,"FirstCouncil2Name":null,"FirstCouncil2Abbreviation":null,"TagNames":"Politique d'Etat|Politique de s\u00e9curit\u00e9|Questions sociales"}}