{"d":{"__metadata":{"id":"https://ws.parlament.ch/OData.svc/Business(ID=20263695,Language='IT')","uri":"https://ws.parlament.ch/OData.svc/Business(ID=20263695,Language='IT')","type":"itsystems.Pd.DataServices.DataModel.Business"},"BusinessResponsibilities":{"__deferred":{"uri":"https://ws.parlament.ch/OData.svc/Business(ID=20263695,Language='IT')/BusinessResponsibilities"}},"RelatedBusinesses":{"__deferred":{"uri":"https://ws.parlament.ch/OData.svc/Business(ID=20263695,Language='IT')/RelatedBusinesses"}},"BusinessRoles":{"__deferred":{"uri":"https://ws.parlament.ch/OData.svc/Business(ID=20263695,Language='IT')/BusinessRoles"}},"Publications":{"__deferred":{"uri":"https://ws.parlament.ch/OData.svc/Business(ID=20263695,Language='IT')/Publications"}},"LegislativePeriods":{"__deferred":{"uri":"https://ws.parlament.ch/OData.svc/Business(ID=20263695,Language='IT')/LegislativePeriods"}},"Sessions":{"__deferred":{"uri":"https://ws.parlament.ch/OData.svc/Business(ID=20263695,Language='IT')/Sessions"}},"Preconsultations":{"__deferred":{"uri":"https://ws.parlament.ch/OData.svc/Business(ID=20263695,Language='IT')/Preconsultations"}},"Bills":{"__deferred":{"uri":"https://ws.parlament.ch/OData.svc/Business(ID=20263695,Language='IT')/Bills"}},"Councils":{"__deferred":{"uri":"https://ws.parlament.ch/OData.svc/Business(ID=20263695,Language='IT')/Councils"}},"BusinessTypes":{"__deferred":{"uri":"https://ws.parlament.ch/OData.svc/Business(ID=20263695,Language='IT')/BusinessTypes"}},"Votes":{"__deferred":{"uri":"https://ws.parlament.ch/OData.svc/Business(ID=20263695,Language='IT')/Votes"}},"SubjectsBusiness":{"__deferred":{"uri":"https://ws.parlament.ch/OData.svc/Business(ID=20263695,Language='IT')/SubjectsBusiness"}},"BusinessStates":{"__deferred":{"uri":"https://ws.parlament.ch/OData.svc/Business(ID=20263695,Language='IT')/BusinessStates"}},"Council":{"__deferred":{"uri":"https://ws.parlament.ch/OData.svc/Business(ID=20263695,Language='IT')/Council"}},"Transcripts":{"__deferred":{"uri":"https://ws.parlament.ch/OData.svc/Business(ID=20263695,Language='IT')/Transcripts"}},"ID":20263695,"Language":"IT","BusinessShortNumber":"26.3695","BusinessType":8,"BusinessTypeName":"Interpellanza","BusinessTypeAbbreviation":"Ip.","Title":"La formazione professionale come luogo per prevenire la violenza. In che modo la Confederazione rafforza le competenze relazionali dei giovani uomini e il loro concetto di parit\u00e0?","Description":null,"InitialSituation":null,"Proceedings":null,"DraftText":null,"SubmittedText":"<span><p><span>Partendo dalla situazione illustrata, invito il Consiglio federale a rispondere alle seguenti domande:</span></p><ol><li><span>Come valuta il fatto che i giovani uomini con un titolo della formazione professionale di base presentino molto spesso un elevato \u00abfattore M\u00bb?</span></li><li><span>Quali possibilit\u00e0 intravede, nel quadro del partenariato con i Cantoni e le organizzazioni del mondo del lavoro, per prevenire ancora maggiormente la violenza di genere e promuovere le competenze relazionali, la capacit\u00e0 di mediazione e di gestire i conflitti nella formazione professionale?</span></li><li><span>Sta valutando di impartire in modo pi\u00f9 marcato questi contenuti nelle lezioni di cultura generale, nei corsi interaziendali e nei programmi delle aziende di tirocinio?</span></li><li><span>Quale ruolo possono avere gli strumenti di cui si avvale la SEFRI, in particolare la promozione di progetti, lo sviluppo della qualit\u00e0 e la strategia in materia di formazione professionale?</span></li><li><span>\u00c8 disposto a sostenere e a far valutare progetti pilota nella formazione professionale?</span></li></ol></span>","ReasonText":"<span><p><span>La formazione professionale di base accompagna i giovani in una fase decisiva della vita, ossia nel passaggio all\u2019et\u00e0 adulta, al mondo del lavoro e a un nuovo ruolo sociale. La formazione non \u00e8 solo un percorso professionale, ma anche un momento in cui si rafforzano le competenze sociali e la capacit\u00e0 di gestire i conflitti, di creare relazioni interpersonali e di accrescere la responsabilit\u00e0 personale.</span></p><p><span>Lo studio sulla trasformazione della mascolinit\u00e0 (</span><span><em>M\u00e4nnlichkeit im Wandel</em></span><span>) condotto dall\u2019Universit\u00e0 di Zurigo in collaborazione con m\u00e4nner.ch mostra che i giovani con un titolo della formazione professionale di base presentano spesso un elevato \u00abfattore M\u00bb, con una conseguente accettazione della violenza, tendenza a dominare, misoginia, omofobia e il rigetto della parit\u00e0 di genere. Stando allo studio, nel gruppo dei giovani fra i 18 e i 24 anni con un titolo della formazione professionale un uomo su due rientra nella categoria con il valore pi\u00f9 elevato, fatto, questo, che preoccupa non poco dal punto di vista della prevenzione della violenza, della parit\u00e0 e della coesione sociale.</span></p><p><span>Questi risultati non devono portare alla stigmatizzazione degli apprendisti o della formazione professionale, anzi: dimostrano quanto sia importante intervenire nel quotidiano di questi giovani, nelle scuole professionali, nelle aziende di tirocinio e nei corsi interaziendali. La formazione professionale offre l\u2019opportunit\u00e0 di sostenere i giovani sul campo aiutandoli a gestire la frustrazione e il rifiuto, a risolvere i conflitti senza ricorrere alla violenza, a riflettere sui ruoli di genere e a valutare con uno sguardo critico i contenuti maschilisti veicolati dai social media.</span></p></span>","DocumentationText":null,"MotionText":null,"FederalCouncilResponseText":"<p>1. Il Consiglio federale attribuisce grande importanza a quanto emerso, ma sottolinea che altrettanto importante \u00e8 evitare di stigmatizzare le persone in formazione o la formazione professionale di base. Lo studio dell\u2019Universit\u00e0 di Zurigo mette in luce relazioni di dipendenza, non di causalit\u00e0; sono da tenere in debita considerazione anche altri fattori, per esempio sociali, biografici, ecc. \u00c8 in questo contesto che va interpretato anche il calo osservato dei valori con l\u2019avanzare dell\u2019et\u00e0. Il fatto che il gruppo con il valore pi\u00f9 elevato del cosiddetto \u00abfattore M\u00bb tra gli uomini con un titolo della formazione professionale passi dal 47 per cento della fascia d\u2019et\u00e0 18\u201324 anni al 24 per cento dei 55\u201364 anni pu\u00f2 anche deporre a favore della formazione professionale come luogo di socializzazione e fase di transizione molto importante verso l\u2019et\u00e0 adulta e la vita attiva. </p><p>2. La formazione professionale \u00e8 un compito congiunto di Confederazione, Cantoni e organizzazioni del mondo del lavoro (oml); eventuali misure devono essere prese a livello partenariale. Sfruttato adeguatamente, il potenziale dei tre luoghi di formazione (azienda di tirocinio, scuola professionale e corsi interaziendali) offre la possibilit\u00e0 di affrontare, con diversi approcci, temi quali la comunicazione, la risoluzione dei conflitti, la parit\u00e0, la definizione dei ruoli, il lavoro di squadra, le responsabilit\u00e0 e l\u2019analisi critica dei contenuti digitali.</p><p>3. Riveste un\u2019importanza particolare l\u2019insegnamento della cultura generale, la cui frequenza \u00e8 obbligatoria e che costituisce gi\u00e0 oggi una cornice adeguata per discutere \u2013 in considerazione del contesto quotidiano \u2013 di ruoli di genere, parit\u00e0, rispetto nelle relazioni, risoluzione pacifica dei conflitti, responsabilit\u00e0 sociale e competenze mediatiche. Il Consiglio federale non vede al momento alcuna necessit\u00e0 di prescrivere nuovi contenuti obbligatori. </p><p>4./5. Nell\u2019ambito della promozione di progetti ai sensi della legge sulla formazione professionale, Cantoni, oml e terzi possono presentare progetti ad hoc. Un\u2019eventuale valutazione verr\u00e0 stabilita caso per caso.</p>","FederalCouncilProposal":null,"FederalCouncilProposalText":null,"FederalCouncilProposalDate":"\/Date(1787702400000)\/","SubmittedBy":"D\u00fcnki-B\u00e4ttig Mich\u00e8le","BusinessStatus":203,"BusinessStatusText":"La dichiarazione sull\u2019intervento \u00e8 disponibile","BusinessStatusDate":"\/Date(1787737382000)\/","ResponsibleDepartment":8,"ResponsibleDepartmentName":"Dipartimento dell'economia, della formazione e della ricerca","ResponsibleDepartmentAbbreviation":"DEFR","IsLeadingDepartment":true,"Tags":"28|32","Category":null,"Modified":"\/Date(1787910197460)\/","SubmissionDate":"\/Date(1781654400000)\/","SubmissionCouncil":1,"SubmissionCouncilName":"Consiglio nazionale","SubmissionCouncilAbbreviation":"CN","SubmissionSession":5214,"SubmissionLegislativePeriod":52,"FirstCouncil1":1,"FirstCouncil1Name":"Consiglio nazionale","FirstCouncil1Abbreviation":"CN","FirstCouncil2":null,"FirstCouncil2Name":null,"FirstCouncil2Abbreviation":null,"TagNames":"Questioni sociali|Formazione"}}