{"d":{"__metadata":{"id":"https://ws.parlament.ch/OData.svc/Business(ID=20263698,Language='IT')","uri":"https://ws.parlament.ch/OData.svc/Business(ID=20263698,Language='IT')","type":"itsystems.Pd.DataServices.DataModel.Business"},"BusinessResponsibilities":{"__deferred":{"uri":"https://ws.parlament.ch/OData.svc/Business(ID=20263698,Language='IT')/BusinessResponsibilities"}},"RelatedBusinesses":{"__deferred":{"uri":"https://ws.parlament.ch/OData.svc/Business(ID=20263698,Language='IT')/RelatedBusinesses"}},"BusinessRoles":{"__deferred":{"uri":"https://ws.parlament.ch/OData.svc/Business(ID=20263698,Language='IT')/BusinessRoles"}},"Publications":{"__deferred":{"uri":"https://ws.parlament.ch/OData.svc/Business(ID=20263698,Language='IT')/Publications"}},"LegislativePeriods":{"__deferred":{"uri":"https://ws.parlament.ch/OData.svc/Business(ID=20263698,Language='IT')/LegislativePeriods"}},"Sessions":{"__deferred":{"uri":"https://ws.parlament.ch/OData.svc/Business(ID=20263698,Language='IT')/Sessions"}},"Preconsultations":{"__deferred":{"uri":"https://ws.parlament.ch/OData.svc/Business(ID=20263698,Language='IT')/Preconsultations"}},"Bills":{"__deferred":{"uri":"https://ws.parlament.ch/OData.svc/Business(ID=20263698,Language='IT')/Bills"}},"Councils":{"__deferred":{"uri":"https://ws.parlament.ch/OData.svc/Business(ID=20263698,Language='IT')/Councils"}},"BusinessTypes":{"__deferred":{"uri":"https://ws.parlament.ch/OData.svc/Business(ID=20263698,Language='IT')/BusinessTypes"}},"Votes":{"__deferred":{"uri":"https://ws.parlament.ch/OData.svc/Business(ID=20263698,Language='IT')/Votes"}},"SubjectsBusiness":{"__deferred":{"uri":"https://ws.parlament.ch/OData.svc/Business(ID=20263698,Language='IT')/SubjectsBusiness"}},"BusinessStates":{"__deferred":{"uri":"https://ws.parlament.ch/OData.svc/Business(ID=20263698,Language='IT')/BusinessStates"}},"Council":{"__deferred":{"uri":"https://ws.parlament.ch/OData.svc/Business(ID=20263698,Language='IT')/Council"}},"Transcripts":{"__deferred":{"uri":"https://ws.parlament.ch/OData.svc/Business(ID=20263698,Language='IT')/Transcripts"}},"ID":20263698,"Language":"IT","BusinessShortNumber":"26.3698","BusinessType":5,"BusinessTypeName":"Mozione","BusinessTypeAbbreviation":"Mo.","Title":"Colmare le lacune assicurative fra l'AD e l'AI","Description":null,"InitialSituation":null,"Proceedings":null,"DraftText":null,"SubmittedText":"<p>Il Consiglio federale \u00e8 incaricato di apportare modifiche alla LADI e/o all\u2019OADI affinch\u00e9 l\u2019indennit\u00e0 giornaliera dell\u2019assicurazione contro la disoccupazione (AD) degli aventi diritto all\u2019indennit\u00e0 di disoccupazione (ID) che, immediatamente prima o durante un termine quadro dell\u2019AD, ricevono una decisione dell\u2019assicurazione invalidit\u00e0 (AI) che stabilisce un grado di invalidit\u00e0 inferiore al 40 per cento, non venga decurtata a causa di tale grado di invalidit\u00e0.</p>","ReasonText":"<span><p><span>Stando ai dati del sistema di pagamento delle casse di disoccupazione (SIPAD), nel 2023 circa 1800 persone hanno ricevuto, durante un termine quadro dell\u2019AD, una decisione dell\u2019AI che stabiliva un grado d\u2019invalidit\u00e0 inferiore al 40 per cento. La riduzione dell\u2019idoneit\u00e0 al collocamento che ne deriva comporta a sua volta una decurtazione dell\u2019indennit\u00e0 giornaliera dell\u2019AD senza una corrispettiva compensazione con prestazioni dell\u2019AI. Lo stesso vale per le decisioni dell\u2019AI che vengono prese immediatamente prima di un termine quadro dell\u2019AD. Il diritto all\u2019indennit\u00e0 non si basa pi\u00f9 sul guadagno precedente, ma sul nuovo guadagno potenziale, e questo \u00e8 in contraddizione con uno degli scopi fondamentali dell\u2019AD, vale a dire garantire agli assicurati un\u2019adeguata compensazione della perdita di guadagno (art. 1</span><span><em>a</em></span><span> LADI). Particolarmente colpite sono le persone con un grado di invalidit\u00e0 compreso fra l\u201911 e il 39 per cento: pur non avendo diritto a una rendita dell\u2019AI, queste persone devono mettere in conto una diminuzione dell\u2019indennit\u00e0 giornaliera dell\u2019AD. Il coordinamento tra AD e AI perseguito con l\u2019articolo 40</span><span><em>b</em></span><span> OADI per evitare un sovraindennizzo viene a mancare. Per gli interessati ci\u00f2 si traduce piuttosto in una riduzione ingiustificata dell\u2019indennit\u00e0 giornaliera dell\u2019AD in assenza di una rendita AI, con conseguenze finanziarie molto serie. In caso di grado d\u2019invalidit\u00e0 non elevato, si hanno lacune assicurative che possono determinare il ricorso all\u2019assistenza sociale. Queste decurtazioni ingiustificate delle indennit\u00e0 giornaliere dell\u2019AD nei casi di invalidit\u00e0 inferiori al 40 per cento devono essere evitate.</span></p><p><span>Stando allo studio sulle interfacce dell\u2019integrazione nel mercato del lavoro dal punto di vista dell\u2019AD (</span><span><em>Schnittstellen bei der Arbeitsmarktintegration aus Sicht der ALV</em></span><span>), svolto da Ecoplan su mandato della SECO nel 2019, il problema potrebbe essere risolto considerando, per il calcolo dell\u2019indennit\u00e0 giornaliera dell\u2019AD, che una persona con un grado d\u2019invalidit\u00e0 inferiore al 40 per cento abbia una capacit\u00e0 di guadagno completa.</span></p></span>","DocumentationText":null,"MotionText":null,"FederalCouncilResponseText":null,"FederalCouncilProposal":null,"FederalCouncilProposalText":null,"FederalCouncilProposalDate":null,"SubmittedBy":"Fonio Giorgio","BusinessStatus":202,"BusinessStatusText":"Depositato","BusinessStatusDate":"\/Date(1781654400000)\/","ResponsibleDepartment":8,"ResponsibleDepartmentName":"Dipartimento dell'economia, della formazione e della ricerca","ResponsibleDepartmentAbbreviation":"DEFR","IsLeadingDepartment":true,"Tags":"44|2836","Category":null,"Modified":"\/Date(1785168007083)\/","SubmissionDate":"\/Date(1781654400000)\/","SubmissionCouncil":1,"SubmissionCouncilName":"Consiglio nazionale","SubmissionCouncilAbbreviation":"CN","SubmissionSession":5214,"SubmissionLegislativePeriod":52,"FirstCouncil1":1,"FirstCouncil1Name":"Consiglio nazionale","FirstCouncil1Abbreviation":"CN","FirstCouncil2":null,"FirstCouncil2Name":null,"FirstCouncil2Abbreviation":null,"TagNames":"Occupazione e lavoro|Protezione sociale"}}