{"d":{"__metadata":{"id":"https://ws.parlament.ch/OData.svc/Business(ID=20263717,Language='FR')","uri":"https://ws.parlament.ch/OData.svc/Business(ID=20263717,Language='FR')","type":"itsystems.Pd.DataServices.DataModel.Business"},"BusinessResponsibilities":{"__deferred":{"uri":"https://ws.parlament.ch/OData.svc/Business(ID=20263717,Language='FR')/BusinessResponsibilities"}},"RelatedBusinesses":{"__deferred":{"uri":"https://ws.parlament.ch/OData.svc/Business(ID=20263717,Language='FR')/RelatedBusinesses"}},"BusinessRoles":{"__deferred":{"uri":"https://ws.parlament.ch/OData.svc/Business(ID=20263717,Language='FR')/BusinessRoles"}},"Publications":{"__deferred":{"uri":"https://ws.parlament.ch/OData.svc/Business(ID=20263717,Language='FR')/Publications"}},"LegislativePeriods":{"__deferred":{"uri":"https://ws.parlament.ch/OData.svc/Business(ID=20263717,Language='FR')/LegislativePeriods"}},"Sessions":{"__deferred":{"uri":"https://ws.parlament.ch/OData.svc/Business(ID=20263717,Language='FR')/Sessions"}},"Preconsultations":{"__deferred":{"uri":"https://ws.parlament.ch/OData.svc/Business(ID=20263717,Language='FR')/Preconsultations"}},"Bills":{"__deferred":{"uri":"https://ws.parlament.ch/OData.svc/Business(ID=20263717,Language='FR')/Bills"}},"Councils":{"__deferred":{"uri":"https://ws.parlament.ch/OData.svc/Business(ID=20263717,Language='FR')/Councils"}},"BusinessTypes":{"__deferred":{"uri":"https://ws.parlament.ch/OData.svc/Business(ID=20263717,Language='FR')/BusinessTypes"}},"Votes":{"__deferred":{"uri":"https://ws.parlament.ch/OData.svc/Business(ID=20263717,Language='FR')/Votes"}},"SubjectsBusiness":{"__deferred":{"uri":"https://ws.parlament.ch/OData.svc/Business(ID=20263717,Language='FR')/SubjectsBusiness"}},"BusinessStates":{"__deferred":{"uri":"https://ws.parlament.ch/OData.svc/Business(ID=20263717,Language='FR')/BusinessStates"}},"Council":{"__deferred":{"uri":"https://ws.parlament.ch/OData.svc/Business(ID=20263717,Language='FR')/Council"}},"Transcripts":{"__deferred":{"uri":"https://ws.parlament.ch/OData.svc/Business(ID=20263717,Language='FR')/Transcripts"}},"ID":20263717,"Language":"FR","BusinessShortNumber":"26.3717","BusinessType":8,"BusinessTypeName":"Interpellation","BusinessTypeAbbreviation":"Ip.","Title":"Les m\u00e9gots de cigarette, source de microplastiques. Quand la Conf\u00e9d\u00e9ration agira-t-elle \u00e0 la source ?","Description":null,"InitialSituation":null,"Proceedings":null,"DraftText":null,"SubmittedText":"<p>Chaque ann\u00e9e, environ 1 000 tonnes de d\u00e9chets de cigarettes se retrouvent dans l'environnement suisse, dont la majeure partie est constitu\u00e9e de plastique (ac\u00e9tate de cellulose). Les filtres de cigarettes comptent ainsi parmi les plus grandes sources individuelles de microplastiques en Suisse. Je prie le Conseil f\u00e9d\u00e9ral de r\u00e9pondre aux questions suivantes :</p><ol style=\"list-style-type:decimal;\"><li>Comment le Conseil f\u00e9d\u00e9ral \u00e9value-t-il les m\u00e9gots de cigarettes en tant que source d'apports de microplastiques et de polluants dans les sols et les eaux, et de quelles donn\u00e9es actuelles sur les quantit\u00e9s et les impacts environnementaux dispose-t-il ? Et ce, notamment au regard de l'interaction de ces polluants avec d'autres apports de substances dans les \u00e9cosyst\u00e8mes suisses et des cons\u00e9quences qui en d\u00e9coulent pour l'application du principe de pr\u00e9caution (art. 1 LPE) ?</li><li>Quelles mesures s'attaquant \u00e0 la source du probl\u00e8me, \u00e0 savoir des exigences relatives aux produits, la r\u00e9duction des quantit\u00e9s mises sur le march\u00e9 et une responsabilit\u00e9 \u00e9largie des fabricants, le Conseil f\u00e9d\u00e9ral examine-t-il concr\u00e8tement ?</li><li>Comment le Conseil f\u00e9d\u00e9ral \u00e9value-t-il la responsabilit\u00e9 \u00e9largie des producteurs de produits du tabac en vigueur dans l'UE (directive 2019/904) en tant que mod\u00e8le possible pour la Suisse ?</li><li>Dans quelle mesure les filtres de cigarettes seront-ils pris en compte dans la future ordonnance sur les emballages ou dans les dispositions pertinentes de la loi sur la protection de l'environnement (art. 30a ss LPE) ?</li><li>Comment le Conseil f\u00e9d\u00e9ral s'assure-t-il que les approches limit\u00e9es \u00e0 des mesures comportementales et d'\u00e9limination ne supplantent pas les mesures plus efficaces \u00e0 la source ?</li></ol>","ReasonText":null,"DocumentationText":null,"MotionText":null,"FederalCouncilResponseText":"<p>1) Le Conseil f\u00e9d\u00e9ral renvoie \u00e0 sa r\u00e9ponse aux questions&nbsp;1 et 4 de l\u2019<a href=\"https://www.parlament.ch/fr/ratsbetrieb/suche-curia-vista/geschaeft?AffairId=20253620\"><u>interpellation Clivaz</u><u>&nbsp;</u><u>25.3620</u></a>. Une enqu\u00eate men\u00e9e sur mandat de l\u2019Office f\u00e9d\u00e9ral de l\u2019environnement (OFEV) en 2020/2021 a montr\u00e9 qu\u2019environ 15&nbsp;% des objets trouv\u00e9s le long de cours d\u2019eau suisses \u00e9taient des m\u00e9gots de cigarettes (<a href=\"http://www.bafu.admin.ch\"><u>www.bafu.admin.ch</u></a> &gt; Th\u00e8mes &gt; D\u00e9chets &gt; Dossiers &gt; Des d\u00e9chets aux abords des lacs et cours d\u2019eau suisses). Il en ressort en outre que, sur 100&nbsp;m de rives, on trouve en moyenne 20&nbsp;m\u00e9gots.</p><p>&nbsp;</p><p>2) et 5) La lutte contre l\u2019abandon de m\u00e9gots de cigarettes sur la voie publique n\u00e9cessite une approche globale qui conjugue pr\u00e9vention, sensibilisation, sanction et infrastructure d\u2019\u00e9limination. Il faut des mesures \u00e0 la source (p.&nbsp;ex. des espaces ext\u00e9rieurs non-fumeurs) tout comme des mesures visant \u00e0 influer sur le comportement des fumeurs (notamment des amendes uniformes \u00e0 l\u2019\u00e9chelle du pays en mati\u00e8re de littering). </p><p>&nbsp;</p><p>Le Fonds de pr\u00e9vention du tabagisme (FPT) soutient de mani\u00e8re cibl\u00e9e des mesures prises \u00e0 la source en encourageant notamment la cr\u00e9ation d\u2019espaces ext\u00e9rieurs non-fumeurs. Aliment\u00e9 par une redevance de 2,6&nbsp;centimes par paquet de cigarettes vendu, le FPT dispose de pr\u00e8s de 11&nbsp;millions de francs de ressources annuelles pour financer des mesures de pr\u00e9vention du tabagisme et de la d\u00e9pendance \u00e0 la nicotine.</p><p>&nbsp;</p><p>Le 24&nbsp;juin 2026, le Conseil f\u00e9d\u00e9ral a adopt\u00e9 la r\u00e9vision de l\u2019ordonnance sur les amendes d\u2019ordre (OAO&nbsp;; RS&nbsp;314.11). D\u00e9sormais, les amendes pour littering sont les m\u00eames partout en Suisse. La r\u00e9vision de l\u2019OAO est entr\u00e9e en vigueur le 1<sup>er</sup>&nbsp;ao\u00fbt 2026.</p><p>&nbsp;</p><p>De plus, l\u2019OFEV a lanc\u00e9 en 2022 une table ronde contre le littering de m\u00e9gots de cigarettes. Dans ce cadre, l\u2019industrie du tabac et les acteurs commerciaux, notamment, \u00e9laborent ensemble de leur propre initiative des mesures contre ce type de littering. V\u00e9ritable plate-forme d\u2019\u00e9change, cette table ronde permet de mettre en \u0153uvre des mesures au sens de l\u2019art.&nbsp;41<em>a</em> de la loi sur la protection de l\u2019environnement (LPE&nbsp;; RS&nbsp;814.01). L\u2019art.&nbsp;41<em>a</em>, al.&nbsp;3, LPE pr\u00e9voit en effet que la Conf\u00e9d\u00e9ration examine les mesures que l\u2019\u00e9conomie prend de son plein gr\u00e9 avant d\u2019\u00e9dicter des prescriptions d\u2019ex\u00e9cution. L\u2019industrie du tabac et le commerce pr\u00e9voient de r\u00e9aliser en 2027 une campagne d\u2019envergure nationale contre le l\u2019abandon de m\u00e9gots sur la voie publique. </p><p>&nbsp;</p><p>3) En vertu de l\u2019art.&nbsp;8 de la directive (UE) 2019/904 du Parlement europ\u00e9en et du Conseil du 5&nbsp;juin 2019 relative \u00e0 la r\u00e9duction de l\u2019incidence de certains produits en plastique sur l\u2019environnement, les \u00c9tats membres devaient \u00e9tablir jusqu\u2019au 5&nbsp;janvier 2023 des r\u00e9gimes de responsabilit\u00e9 \u00e9largie des producteurs pour les produits du tabac avec filtres et les filtres commercialis\u00e9s pour \u00eatre utilis\u00e9s en combinaison avec des produits du tabac. Ainsi, les producteurs sont par exemple tenus de prendre en charge les co\u00fbts des mesures de sensibilisation de m\u00eame que ceux de la collecte des d\u00e9chets qui sont jet\u00e9s dans les syst\u00e8mes publics de collecte. Pour l\u2019heure, aucune analyse des donn\u00e9es ou de l\u2019efficacit\u00e9 de ces mesures n\u2019est disponible. Le Conseil f\u00e9d\u00e9ral suit de pr\u00e8s les travaux au sein de l\u2019Union europ\u00e9enne et reste attentif aux \u00e9ventuelles r\u00e9percussions que cette directive pourrait avoir sur la Suisse.</p><p>&nbsp;</p><p>4) L\u2019ordonnance sur les emballages ne traite pas du littering de m\u00e9gots. En revanche, la question de l\u2019application de l\u2019art.&nbsp;30<em>a</em>, let.&nbsp;a, LPE est actuellement \u00e9tudi\u00e9e en lien avec la mise en \u0153uvre de la <a href=\"https://www.parlament.ch/fr/ratsbetrieb/suche-curia-vista/geschaeft?AffairId=20233109\"><u>motion Clivaz</u><u>&nbsp;</u><u>23.3109</u></a>.</p>","FederalCouncilProposal":null,"FederalCouncilProposalText":null,"FederalCouncilProposalDate":"\/Date(1786492800000)\/","SubmittedBy":"Weber C\u00e9line","BusinessStatus":203,"BusinessStatusText":"L\u2019avis relatif \u00e0 l\u2019intervention est disponible","BusinessStatusDate":"\/Date(1786532731000)\/","ResponsibleDepartment":9,"ResponsibleDepartmentName":"D\u00e9partement  de l'environnement, des transports, de l'\u00e9nergie et de la communication","ResponsibleDepartmentAbbreviation":"DETEC","IsLeadingDepartment":true,"Tags":"15|52","Category":null,"Modified":"\/Date(1786619144870)\/","SubmissionDate":"\/Date(1781654400000)\/","SubmissionCouncil":1,"SubmissionCouncilName":"Conseil national","SubmissionCouncilAbbreviation":"CN","SubmissionSession":5214,"SubmissionLegislativePeriod":52,"FirstCouncil1":1,"FirstCouncil1Name":"Conseil national","FirstCouncil1Abbreviation":"CN","FirstCouncil2":null,"FirstCouncil2Name":null,"FirstCouncil2Abbreviation":null,"TagNames":"\u00c9conomie|Environnement"}}