{"d":{"__metadata":{"id":"https://ws.parlament.ch/OData.svc/Business(ID=20263750,Language='FR')","uri":"https://ws.parlament.ch/OData.svc/Business(ID=20263750,Language='FR')","type":"itsystems.Pd.DataServices.DataModel.Business"},"BusinessResponsibilities":{"__deferred":{"uri":"https://ws.parlament.ch/OData.svc/Business(ID=20263750,Language='FR')/BusinessResponsibilities"}},"RelatedBusinesses":{"__deferred":{"uri":"https://ws.parlament.ch/OData.svc/Business(ID=20263750,Language='FR')/RelatedBusinesses"}},"BusinessRoles":{"__deferred":{"uri":"https://ws.parlament.ch/OData.svc/Business(ID=20263750,Language='FR')/BusinessRoles"}},"Publications":{"__deferred":{"uri":"https://ws.parlament.ch/OData.svc/Business(ID=20263750,Language='FR')/Publications"}},"LegislativePeriods":{"__deferred":{"uri":"https://ws.parlament.ch/OData.svc/Business(ID=20263750,Language='FR')/LegislativePeriods"}},"Sessions":{"__deferred":{"uri":"https://ws.parlament.ch/OData.svc/Business(ID=20263750,Language='FR')/Sessions"}},"Preconsultations":{"__deferred":{"uri":"https://ws.parlament.ch/OData.svc/Business(ID=20263750,Language='FR')/Preconsultations"}},"Bills":{"__deferred":{"uri":"https://ws.parlament.ch/OData.svc/Business(ID=20263750,Language='FR')/Bills"}},"Councils":{"__deferred":{"uri":"https://ws.parlament.ch/OData.svc/Business(ID=20263750,Language='FR')/Councils"}},"BusinessTypes":{"__deferred":{"uri":"https://ws.parlament.ch/OData.svc/Business(ID=20263750,Language='FR')/BusinessTypes"}},"Votes":{"__deferred":{"uri":"https://ws.parlament.ch/OData.svc/Business(ID=20263750,Language='FR')/Votes"}},"SubjectsBusiness":{"__deferred":{"uri":"https://ws.parlament.ch/OData.svc/Business(ID=20263750,Language='FR')/SubjectsBusiness"}},"BusinessStates":{"__deferred":{"uri":"https://ws.parlament.ch/OData.svc/Business(ID=20263750,Language='FR')/BusinessStates"}},"Council":{"__deferred":{"uri":"https://ws.parlament.ch/OData.svc/Business(ID=20263750,Language='FR')/Council"}},"Transcripts":{"__deferred":{"uri":"https://ws.parlament.ch/OData.svc/Business(ID=20263750,Language='FR')/Transcripts"}},"ID":20263750,"Language":"FR","BusinessShortNumber":"26.3750","BusinessType":8,"BusinessTypeName":"Interpellation","BusinessTypeAbbreviation":"Ip.","Title":"Axe ferroviaire du Saint-Gothard. Le Conseil f\u00e9d\u00e9ral a-t-il l'intention de rem\u00e9dier aux lacunes constat\u00e9es lors de la pr\u00e9paration du message 2027 ?","Description":null,"InitialSituation":null,"Proceedings":null,"DraftText":null,"SubmittedText":"<p>Compte tenu de l'importance strat\u00e9gique de l'axe du Saint-Gothard pour le trafic voyageurs national et international ainsi que pour le transfert du trafic marchandises de la route au rail, le Conseil f\u00e9d\u00e9ral est pri\u00e9 de r\u00e9pondre aux questions suivantes&nbsp;:</p><ol style=\"list-style-type:decimal;\"><li>Pour quelles raisons les propositions d'infrastructures pr\u00e9sent\u00e9es par le canton du Tessin \u2013 notamment le doublement de la ligne Cadenazzo-Locarno sur les ponts de la Verzasca et du Ticino, la modernisation du n\u0153ud ferroviaire de Mendrisio et le renforcement des n\u0153uds ferroviaires de Bellinzone et de Lugano \u2013 n\u2019ont-elles pas \u00e9t\u00e9 incluses dans le mandat d\u2019\u00e9valuation confi\u00e9 \u00e0 l\u2019EPFZ dans le cadre de l\u2019expertise \u00ab&nbsp;Transports \u201945&nbsp;\u00bb&nbsp;?</li><li>Le Conseil f\u00e9d\u00e9ral estime-t-il juste que les mesures qui n'ont pas fait l'objet d'une \u00e9valuation par les experts de l'EPFZ soient de fait a priori exclues de la possibilit\u00e9 d'\u00eatre prises en compte dans le message 2027&nbsp;?</li><li>Partage-t-il l'avis selon lequel l'infrastructure actuellement pr\u00e9vue au sud du Saint-Gothard pourrait s'av\u00e9rer insuffisante pour faire face \u00e0 l'\u00e9volution attendue de la demande dans le trafic r\u00e9gional, national, international et de marchandises&nbsp;?</li><li>Quelles v\u00e9rifications l'OFT et les CFF ont-ils effectu\u00e9es concernant la faisabilit\u00e9 du projet d'offre 2035 pour le Tessin, et quelles critiques ont \u00e9t\u00e9 \u00e9mises&nbsp;?</li><li>Pourquoi les nouvelles exigences r\u00e9cemment formul\u00e9es par les CFF concernant le trafic grandes lignes entre Zurich/Lucerne et Lugano n'ont-elles pas \u00e9t\u00e9 accompagn\u00e9es d'une r\u00e9\u00e9valuation compl\u00e8te des infrastructures n\u00e9cessaires&nbsp;?</li><li>Le Conseil f\u00e9d\u00e9ral est-il dispos\u00e9 \u00e0 r\u00e9examiner, dans le cadre de la pr\u00e9paration du message 2027, les mesures propos\u00e9es par le canton du Tessin si elles devaient s\u2019av\u00e9rer n\u00e9cessaires pour atteindre les objectifs d'offre fix\u00e9s par la Conf\u00e9d\u00e9ration elle-m\u00eame&nbsp;?</li><li>A-t-il l'intention de promouvoir une \u00e9tude globale sur l'axe ferroviaire nord-sud, \u00e0 l'instar de celle r\u00e9alis\u00e9e pour l'axe ouest-est dans le cadre du programme \u00ab&nbsp;Transports \u201945&nbsp;\u00bb, comme base pour les futures \u00e9tapes d\u2019am\u00e9nagement de l'infrastructure ferroviaire nationale&nbsp;?</li><li>Comment compte-t-il garantir que le r\u00f4le strat\u00e9gique du corridor du Saint-Gothard, en tant qu\u2019axe principal de transit international de la Suisse, soit d\u00fbment pris en compte dans la planification ferroviaire jusqu'en 2050&nbsp;?</li><li>Le Contr\u00f4le f\u00e9d\u00e9ral des finances a r\u00e9cemment constat\u00e9 que le processus de planification financi\u00e8re du fonds d'infrastructure ferroviaire restait fragile, que les rapports ne mettaient pas suffisamment en \u00e9vidence les principales incertitudes et que la qualit\u00e9 des projections \u00e0 long terme restait insuffisante. Au vu de ces constatations, le Conseil f\u00e9d\u00e9ral estime-t-il que les bases financi\u00e8res et m\u00e9thodologiques utilis\u00e9es pour d\u00e9finir les priorit\u00e9s dans le cadre de \u00ab&nbsp;Transports '45&nbsp;\u00bb et du message 2027 sont suffisamment solides pour justifier l'exclusion de certains projets d'infrastructure&nbsp;?</li></ol>","ReasonText":null,"DocumentationText":null,"MotionText":null,"FederalCouncilResponseText":"<p>1. L\u2019expertise de l\u2019EPFZ portait sur l\u2019ensemble des mesures dont la mise en \u0153uvre avait d\u00e9j\u00e0 \u00e9t\u00e9 d\u00e9cid\u00e9e, mais pour lesquels aucune demande d\u2019approbation des plans n\u2019avait encore \u00e9t\u00e9 d\u00e9pos\u00e9e aupr\u00e8s de l\u2019Office f\u00e9d\u00e9ral des transports (OFT) au 15&nbsp;janvier&nbsp;2025. En outre, l\u2019expertise a v\u00e9rifi\u00e9 toutes les mesures consid\u00e9r\u00e9es comme n\u00e9cessaires dans le cadre de la consolidation (\u00e9tat \u00e0 l\u2019automne 2024), afin de stabiliser le projet d\u2019offre 2035 consolid\u00e9. Aucune mesure suppl\u00e9mentaire transmise par les cantons n\u2019a \u00e9t\u00e9 examin\u00e9e dans ce cadre.</p><p>&nbsp;</p><p>2. L\u2019objectif de l\u2019expertise de l\u2019EPFZ \u00e9tait de d\u00e9terminer quels projets d\u2019infrastructure sont prioritaires pour la Suisse et lesquels doivent \u00eatre \u00e9ventuellement r\u00e9alis\u00e9s ult\u00e9rieurement. L\u2019objectif n\u2019\u00e9tait pas de valoriser de nouveaux projets pr\u00e9sent\u00e9s par les cantons.</p><p>&nbsp;</p><p>3. Selon les planifications en cours, en particulier pour l\u2019horizon 2035, la demande future devrait pouvoir \u00eatre absorb\u00e9e par les offres planifi\u00e9es.&nbsp; </p><p>&nbsp;</p><p>4. Conform\u00e9ment au cadre de planification prescrit par l\u2019OFT, les CFF ont examin\u00e9 des conceptions qui g\u00e9n\u00e8rent un avantage consid\u00e9rable pour les clients tout en ne n\u00e9cessitant qu\u2019un faible am\u00e9nagement suppl\u00e9mentaire de l\u2019infrastructure. L\u2019objectif \u00e9tait de trouver une solution qui r\u00e9ponde au besoin d\u2019un troisi\u00e8me train du transport grandes lignes par heure sur l\u2019axe du Saint-Gothard en raison de la forte demande lors des jours de pointe, sans toutefois restreindre le transport de marchandises ni le transport r\u00e9gional. L\u2019objectif \u00e9tait \u00e9galement de trouver des solutions am\u00e9lior\u00e9es pour rem\u00e9dier aux points faibles du projet d\u2019offre 2035 signal\u00e9s par le canton du Tessin.</p><p>&nbsp;</p><p>5. Le montant maximal pour des infrastructures suppl\u00e9mentaires dans toute la Suisse est limit\u00e9 \u00e0 trois milliards de francs, et uniquement si celles-ci peuvent \u00eatre planifi\u00e9es et r\u00e9alis\u00e9es au cours des dix prochaines ann\u00e9es. Le mandat n\u2019avait pas pour objectif une revalorisation globale des infrastructures.</p><p>&nbsp;</p><p>6. La proc\u00e9dure de consultation du message 2027 est actuellement en cours. Les demandes de modification seront trait\u00e9es dans ce cadre.</p><p>&nbsp;</p><p>7. Avec la r\u00e9alisation de la NLFA, la Suisse s\u2019est dot\u00e9 d\u2019axes transalpins performant offrant les capacit\u00e9s n\u00e9cessaires dans le transport de marchandises et de voyageurs. Les d\u00e9veloppements futurs des axes nord-sud, tout comme ceux de l\u2019axe est-ouest, seront \u00e9tudi\u00e9s dans le cadre des \u00e9tapes d\u2019am\u00e9nagement \u00e0 venir sur la base de la perspective ferroviaire 2050 et de la vision PRODES.</p><p>&nbsp;</p><p>8. La r\u00e9alisation de la NLFA est la d\u00e9monstration de l\u2019importance strat\u00e9gique de l\u2019axe du Saint-Gothard. Le Conseil f\u00e9d\u00e9ral s\u2019emploie en particulier \u00e0 d\u00e9velopper les capacit\u00e9s de transport tant au sud qu\u2019au nord de la Suisse afin d\u2019assurer une utilisation optimale des capacit\u00e9s disponibles.&nbsp; </p><p>&nbsp;</p><p>9. Sur la base des hypoth\u00e8ses retenues et des indications fournies par les gestionnaires d\u2019infrastructures, il faut s\u2019attendre, dans les ann\u00e9es \u00e0 venir, \u00e0 une accumulation de grands projets qui entreront simultan\u00e9ment en phase de r\u00e9alisation et dont le co\u00fbt d\u00e9passera nettement les moyens disponibles dans le FIF. Cela n\u00e9cessite d\u00e8s aujourd\u2019hui d\u2019\u00e9tablir un ordre rigoureux des priorit\u00e9s en termes de d\u00e9penses. Plus la perspective du FIF s\u2019\u00e9tend dans le temps, plus les hypoth\u00e8ses et les pr\u00e9visions deviennent incertaines. Elles sont toutefois suffisamment solides pour permettre de prendre les d\u00e9cisions qui s\u2019imposent actuellement.</p>","FederalCouncilProposal":null,"FederalCouncilProposalText":null,"FederalCouncilProposalDate":"\/Date(1786492800000)\/","SubmittedBy":"Regazzi Fabio","BusinessStatus":203,"BusinessStatusText":"L\u2019avis relatif \u00e0 l\u2019intervention est disponible","BusinessStatusDate":"\/Date(1786533011000)\/","ResponsibleDepartment":9,"ResponsibleDepartmentName":"D\u00e9partement  de l'environnement, des transports, de l'\u00e9nergie et de la communication","ResponsibleDepartmentAbbreviation":"DETEC","IsLeadingDepartment":true,"Tags":"24|48","Category":null,"Modified":"\/Date(1787308525303)\/","SubmissionDate":"\/Date(1781740800000)\/","SubmissionCouncil":2,"SubmissionCouncilName":"Conseil des Etats","SubmissionCouncilAbbreviation":"CE","SubmissionSession":5214,"SubmissionLegislativePeriod":52,"FirstCouncil1":2,"FirstCouncil1Name":"Conseil des Etats","FirstCouncil1Abbreviation":"CE","FirstCouncil2":null,"FirstCouncil2Name":null,"FirstCouncil2Abbreviation":null,"TagNames":"Finances|Transports"}}