{"d":{"__metadata":{"id":"https://ws.parlament.ch/OData.svc/Business(ID=20263786,Language='FR')","uri":"https://ws.parlament.ch/OData.svc/Business(ID=20263786,Language='FR')","type":"itsystems.Pd.DataServices.DataModel.Business"},"BusinessResponsibilities":{"__deferred":{"uri":"https://ws.parlament.ch/OData.svc/Business(ID=20263786,Language='FR')/BusinessResponsibilities"}},"RelatedBusinesses":{"__deferred":{"uri":"https://ws.parlament.ch/OData.svc/Business(ID=20263786,Language='FR')/RelatedBusinesses"}},"BusinessRoles":{"__deferred":{"uri":"https://ws.parlament.ch/OData.svc/Business(ID=20263786,Language='FR')/BusinessRoles"}},"Publications":{"__deferred":{"uri":"https://ws.parlament.ch/OData.svc/Business(ID=20263786,Language='FR')/Publications"}},"LegislativePeriods":{"__deferred":{"uri":"https://ws.parlament.ch/OData.svc/Business(ID=20263786,Language='FR')/LegislativePeriods"}},"Sessions":{"__deferred":{"uri":"https://ws.parlament.ch/OData.svc/Business(ID=20263786,Language='FR')/Sessions"}},"Preconsultations":{"__deferred":{"uri":"https://ws.parlament.ch/OData.svc/Business(ID=20263786,Language='FR')/Preconsultations"}},"Bills":{"__deferred":{"uri":"https://ws.parlament.ch/OData.svc/Business(ID=20263786,Language='FR')/Bills"}},"Councils":{"__deferred":{"uri":"https://ws.parlament.ch/OData.svc/Business(ID=20263786,Language='FR')/Councils"}},"BusinessTypes":{"__deferred":{"uri":"https://ws.parlament.ch/OData.svc/Business(ID=20263786,Language='FR')/BusinessTypes"}},"Votes":{"__deferred":{"uri":"https://ws.parlament.ch/OData.svc/Business(ID=20263786,Language='FR')/Votes"}},"SubjectsBusiness":{"__deferred":{"uri":"https://ws.parlament.ch/OData.svc/Business(ID=20263786,Language='FR')/SubjectsBusiness"}},"BusinessStates":{"__deferred":{"uri":"https://ws.parlament.ch/OData.svc/Business(ID=20263786,Language='FR')/BusinessStates"}},"Council":{"__deferred":{"uri":"https://ws.parlament.ch/OData.svc/Business(ID=20263786,Language='FR')/Council"}},"Transcripts":{"__deferred":{"uri":"https://ws.parlament.ch/OData.svc/Business(ID=20263786,Language='FR')/Transcripts"}},"ID":20263786,"Language":"FR","BusinessShortNumber":"26.3786","BusinessType":8,"BusinessTypeName":"Interpellation","BusinessTypeAbbreviation":"Ip.","Title":"Origine sociale et \u00e9quit\u00e9. Des mesures doivent \u00eatre prises pour r\u00e9duire l'in\u00e9galit\u00e9 des chances dans le domaine de la formation","Description":null,"InitialSituation":null,"Proceedings":null,"DraftText":null,"SubmittedText":"<p>Le Conseil f\u00e9d\u00e9ral est pri\u00e9 de r\u00e9pondre aux questions suivantes&nbsp;:</p><p>&nbsp;</p><ol style=\"list-style-type:decimal;\"><li>Que pense-t-il des r\u00e9sultats du Bilan Innocenti 20 de l\u2019UNICEF relatifs aux liens entre origine sociale, r\u00e9ussite scolaire, niveau de satisfaction dans la vie et participation sociale&nbsp;?</li><li>Quelles \u00e9volutions peut-on constater depuis 2018, ann\u00e9e o\u00f9 le mandat a \u00e9t\u00e9 confi\u00e9 au Conseil suisse de la science&nbsp;?</li><li>Selon le Conseil f\u00e9d\u00e9ral, quelles sont les causes des diff\u00e9rences marqu\u00e9es, dans le domaine de la formation, entre les jeunes issus de m\u00e9nages privil\u00e9gi\u00e9s et ceux issus de m\u00e9nages d\u00e9favoris\u00e9s&nbsp;?</li><li>De quelles informations dispose-t-on sur les effets de la pauvret\u00e9 infantile et de l\u2019in\u00e9galit\u00e9 des revenus sur la formation, la sant\u00e9, le bien-\u00eatre et la participation&nbsp;?</li><li>Selon le Conseil f\u00e9d\u00e9ral, quelle est l\u2019efficacit\u00e9 des mesures existantes qui visent \u00e0 encourager l\u2019\u00e9quit\u00e9&nbsp;?</li><li>Dans quels domaines est-il, selon lui, n\u00e9cessaire d\u2019agir pour r\u00e9duire, dans le domaine de la formation, les in\u00e9galit\u00e9s dues \u00e0 l\u2019origine sociale&nbsp;?</li><li>Quelle importance accorde-t-il \u00e0 l\u2019encouragement pr\u00e9coce, \u00e0 l\u2019encadrement extrafamilial, aux \u00e9coles \u00e0 horaire continu et aux offres d\u2019encouragement cibl\u00e9es destin\u00e9es aux enfants et aux jeunes d\u00e9favoris\u00e9s&nbsp;?</li><li>Est-il pr\u00eat \u00e0 examiner, de pair avec les cantons et la CDIP, quelles mesures suppl\u00e9mentaires pourraient \u00eatre prises pour att\u00e9nuer les effets de l\u2019origine sociale sur la r\u00e9ussite scolaire&nbsp;?</li><li>Estime-t-il qu\u2019il y a lieu de renforcer la coordination nationale ou de mettre en place une strat\u00e9gie commune de la Conf\u00e9d\u00e9ration, des cantons et de la CDIP pour encourager l\u2019\u00e9quit\u00e9&nbsp;? Dans la n\u00e9gative, pourquoi&nbsp;?</li></ol>","ReasonText":"<p>Le Conseil f\u00e9d\u00e9ral avait charg\u00e9 le Conseil suisse de la science en 2018 d\u00e9j\u00e0 de proc\u00e9der \u00e0 une analyse de la s\u00e9lectivit\u00e9 sociale dans le domaine de la formation. Le rapport a montr\u00e9 qu\u2019en Suisse la r\u00e9ussite scolaire d\u00e9pendait dans une large mesure de l\u2019origine sociale. Le rapport sur l\u2019\u00e9ducation en Suisse 2026 montre lui aussi qu\u2019aucun changement important n\u2019est d\u00e9celable entre 2012 et 2022 dans les in\u00e9galit\u00e9s d\u2019acc\u00e8s \u00e0 la formation.</p><p>Le Bilan Innocenti 20 de l\u2019UNICEF publi\u00e9 en mai 2026 parvient \u00e0 la m\u00eame conclusion. Alors que 91&nbsp;% des jeunes provenant de m\u00e9nages privil\u00e9gi\u00e9s acqui\u00e8rent les comp\u00e9tences n\u00e9cessaires, seuls 46&nbsp;% des jeunes provenant de familles d\u00e9favoris\u00e9es y parviennent. La Suisse fait ainsi partie des pays de l\u2019OCDE o\u00f9 les \u00e9carts en mati\u00e8re de r\u00e9sultats scolaires dus \u00e0 l\u2019origine sociale sont les plus importants. L\u2019\u00e9tude montre par ailleurs qu\u2019il existe des liens entre origine sociale, niveau de satisfaction dans la vie et participation sociale. Parall\u00e8lement, la pauvret\u00e9 infantile et les in\u00e9galit\u00e9s g\u00e9n\u00e9rales en mati\u00e8re de revenu ont \u00e9galement augment\u00e9.</p>","DocumentationText":null,"MotionText":null,"FederalCouncilResponseText":"<p>Le Conseil f\u00e9d\u00e9ral est favorable \u00e0 toute mesure visant \u00e0 promouvoir l\u2019\u00e9galit\u00e9 des chances en Suisse.</p><p><strong>1. + 2.</strong> Le rapport UNICEF Report Card 20 (<a href=\"http://www.unicef.org/innocenti\"><u>www.unicef.org/innocenti</u></a> &gt; Projects and reports &gt; Innocenti Report Card &gt; Unequal Chances&nbsp;: Children and economic inequality) porte principalement sur les in\u00e9galit\u00e9s sociales ainsi que sur la sant\u00e9 psychique et physique des enfants. Il r\u00e9v\u00e8le que la Suisse obtient de bons r\u00e9sultats. N\u00e9anmoins, plusieurs indicateurs montrent que l\u2019origine socio-\u00e9conomique continue d\u2019influencer les performances scolaires. La comparaison entre les r\u00e9sultats des enqu\u00eates PISA 2012 (repris en 2018 par le Conseil suisse de la science) et 2022 indique un renforcement de l\u2019influence de l\u2019origine sociale sur les performances. Les analyses de l\u2019OFS montrent \u00e9galement que l\u2019obtention d\u2019un titre du degr\u00e9 secondaire II (<a href=\"http://www.bfs.admin.ch\"><u>www.bfs.admin.ch</u></a> &gt; Publication &gt; <a href=\"https://www.bfs.admin.ch/bfs/fr/home.assetdetail.34467349.html\"><u>L\u2019obtention d'un titre du degr\u00e9 secondaire II selon le contexte socio-\u00e9conomique des jeunes</u></a>) et l\u2019acc\u00e8s aux hautes \u00e9coles (<a href=\"http://www.bfs.admin.ch\"><u>www.bfs.admin.ch</u></a> &gt; Statistiques &gt; Education et science &gt; Indicateurs de la formation &gt; <a href=\"https://www.bfs.admin.ch/bfs/fr/home/statistiken/bildung-wissenschaft/bildungsindikatoren/indicators/soziale-herkunft-hs.html\"><u>Hautes \u00e9coles&nbsp;: origine sociale</u></a>) restent influenc\u00e9s par des facteurs socio-\u00e9conomiques, comme le revenu du m\u00e9nage et le niveau de formation des parents. La mesurabilit\u00e9 de l\u2019\u00e9galit\u00e9 des chances demeure toutefois limit\u00e9e, le potentiel individuel n\u2019\u00e9tant pas observable. Enfin, des \u00e9tudes montrent que, sur la sc\u00e8ne internationale, la Suisse obtient de bons r\u00e9sultats en termes de mobilit\u00e9 des revenus.</p><p><strong>3. </strong>Le rapport PISA 2022 (<a href=\"http://www.oecd.org\"><u>www.oecd.org</u></a> &gt; Publications &gt; R\u00e9sultats du PISA 2022 [Volume&nbsp;I]), souligne, sur la base d\u2019\u00e9tudes, que les \u00e9carts de performance selon le statut socio-\u00e9conomique s\u2019expliquent notamment par des diff\u00e9rences de ressources financi\u00e8res, culturelles et sociales disponibles dans les familles. Les privations \u00e9conomiques et l\u2019adversit\u00e9 durant l\u2019enfance peuvent aussi affecter le d\u00e9veloppement cognitif. Toutefois, la relation entre performance et statut socio-\u00e9conomique n\u2019est pas immuable&nbsp;: certains \u00e9l\u00e8ves d\u00e9favoris\u00e9s r\u00e9silients figurent parmi les meilleurs de leur pays. Leur part en Suisse reste toutefois inf\u00e9rieure \u00e0 la moyenne de l\u2019OCDE.</p><p><strong>4. </strong>Il ressort du premier rapport sur le monitoring de la pauvret\u00e9 en Suisse, qui est paru en&nbsp;2025, qu\u2019un adulte ayant grandi dans des conditions financi\u00e8res difficiles souffre plus fr\u00e9quemment de privations mat\u00e9rielles et sociales qu\u2019un adulte ayant grandi dans un environnement plus privil\u00e9gi\u00e9 (<a href=\"http://www.armutsmonitoring.ch/fr\"><u>www.armutsmonitoring.ch</u></a>). Le cahier th\u00e9matique \u00ab&nbsp;Formation et pauvret\u00e9 en Suisse&nbsp;\u00bb r\u00e9v\u00e8le en outre qu\u2019\u00eatre issu d\u2019une famille touch\u00e9e par la pauvret\u00e9 nuit aux chances de formation. Des \u00e9tudes internationales attestent par ailleurs que la pauvret\u00e9 repr\u00e9sente un risque consid\u00e9rable pour le d\u00e9veloppement de l\u2019enfant.</p><p><strong>5. + 7. </strong>Les \u00e9coles \u00e0 horaire continu et l\u2019encouragement cibl\u00e9 des enfants et des jeunes d\u00e9favoris\u00e9s, de m\u00eame que l\u2019accueil extrafamilial institutionnel pour enfants ainsi que l\u2019encouragement pr\u00e9coce, sont en premier lieu de la comp\u00e9tence des cantons et, dans certains cas, des communes. L\u2019encouragement pr\u00e9coce constituait d\u00e9j\u00e0 une priorit\u00e9 du Programme national de pr\u00e9vention et de lutte contre la pauvret\u00e9 2014-2018, qui a donn\u00e9 lieu \u00e0 de nombreux projets pilotes, guides et r\u00e9sultats de recherches. L\u2019un des enseignements cl\u00e9s est que l\u2019encouragement pr\u00e9coce doit \u00eatre con\u00e7u comme partie int\u00e9grante de l\u2019encouragement continu des chances de formation. Par l\u2019octroi d\u2019un financement de d\u00e9part limit\u00e9 dans le temps, la Conf\u00e9d\u00e9ration a soutenu l\u2019\u00e9largissement de l\u2019offre d\u2019accueil extrafamilial. L\u2019entr\u00e9e en vigueur de la loi f\u00e9d\u00e9rale sur le soutien \u00e0 l\u2019accueil extrafamilial institutionnel pour enfants (LSAcc), qui a r\u00e9cemment \u00e9t\u00e9 adopt\u00e9e, permettra \u00e0 la Conf\u00e9d\u00e9ration de poursuivre son soutien au d\u00e9veloppement de l\u2019offre d\u2019accueil extrafamilial institutionnel. Cette nouvelle loi pr\u00e9voit par ailleurs que tous les parents exer\u00e7ant une activit\u00e9 lucrative b\u00e9n\u00e9ficieront \u00e0 l\u2019avenir d\u2019une allocation de garde.</p><p><strong>6. + 8. + 9.</strong> Dans leur D\u00e9claration de 2023 sur les objectifs politiques communs concernant l\u2019espace suisse de formation, le D\u00e9partement f\u00e9d\u00e9ral de l\u2019\u00e9conomie, de la formation et de la recherche (DEFR) et la Conf\u00e9rence des directrices et directeurs cantonaux de l\u2019instruction publique (CDIP) ont r\u00e9affirm\u00e9 leur engagement en faveur de l\u2019\u00e9quit\u00e9. Celle-ci constitue \u00e9galement un th\u00e8me transversal du Rapport sur l\u2019\u00e9ducation en Suisse et fait actuellement l\u2019objet d\u2019un rapport sp\u00e9cifique dans le cadre du monitorage de l\u2019\u00e9ducation. La CDIP a en outre cr\u00e9\u00e9 en 2023 une commission interne <i>\u00c9quit\u00e9 et formation</i>, tandis que la Conf\u00e9d\u00e9ration soutient diverses mesures dans ce domaine (<a href=\"http://www.sbfi.admin.ch\"><u>www.sbfi.admin.ch</u></a> &gt; Politique FRI &gt; Politique FRI 2025-2028 &gt; Th\u00e8mes transversaux &gt; \u00c9quit\u00e9). Au vu de l\u2019approche coordonn\u00e9e men\u00e9e dans les diff\u00e9rents domaines politiques concern\u00e9s, le Conseil f\u00e9d\u00e9ral n\u2019estime pas indiqu\u00e9 d\u2019\u00e9laborer une strat\u00e9gie nationale suppl\u00e9mentaire.</p>","FederalCouncilProposal":null,"FederalCouncilProposalText":null,"FederalCouncilProposalDate":"\/Date(1788307200000)\/","SubmittedBy":"Locher Miriam","BusinessStatus":203,"BusinessStatusText":"L\u2019avis relatif \u00e0 l\u2019intervention est disponible","BusinessStatusDate":"\/Date(1788346018000)\/","ResponsibleDepartment":8,"ResponsibleDepartmentName":"D\u00e9partement de l'\u00e9conomie, de la formation et de la recherche","ResponsibleDepartmentAbbreviation":"DEFR","IsLeadingDepartment":true,"Tags":"28|32|2836","Category":null,"Modified":"\/Date(1788432433570)\/","SubmissionDate":"\/Date(1781740800000)\/","SubmissionCouncil":1,"SubmissionCouncilName":"Conseil national","SubmissionCouncilAbbreviation":"CN","SubmissionSession":5214,"SubmissionLegislativePeriod":52,"FirstCouncil1":1,"FirstCouncil1Name":"Conseil national","FirstCouncil1Abbreviation":"CN","FirstCouncil2":null,"FirstCouncil2Name":null,"FirstCouncil2Abbreviation":null,"TagNames":"Questions sociales|\u00c9ducation|Protection sociale"}}